{"id":508861,"date":"2025-11-03T12:46:12","date_gmt":"2025-11-03T12:46:12","guid":{"rendered":"https:\/\/www.europesays.com\/fr\/508861\/"},"modified":"2025-11-03T12:46:12","modified_gmt":"2025-11-03T12:46:12","slug":"crimes-de-guerre-en-ukraine-plus-de-600-mercenaires-suspectes-dont-des-ukrainiens","status":"publish","type":"post","link":"https:\/\/www.europesays.com\/fr\/508861\/","title":{"rendered":"Crimes de guerre en Ukraine\u00a0: plus de 600 mercenaires suspect\u00e9s, dont des Ukrainiens"},"content":{"rendered":"<p class=\"ap-StoryElement ap-StoryElement--mb ap-StoryText\">Actes de violence sexuelle, ex\u00e9cutions de prisonniers de guerre et <a href=\"https:\/\/www.lalibre.be\/international\/europe\/guerre-ukraine-russie\/2025\/11\/02\/pokrovsk-forteresse-assiegee-et-priorite-absolue-de-moscou-les-russes-abattent-les-civils-qui-tentent-de-fuir-3HLI5C7XLZESFDUJ3GVROAN54I\/\" target=\"_self\" rel=\"noopener\">de civils<\/a>, utilisation d&rsquo;armes interdites par les conventions internationales\u2026 Les crimes de guerre commis en Ukraine par des mercenaires sont un fait connu, mais encore difficile \u00e0 documenter. Les polices moldave et ukrainienne se sont donc associ\u00e9es pour traduire en justice les auteurs pr\u00e9sum\u00e9s de ces exactions financ\u00e9es par la Russie.<\/p>\n<blockquote class=\"ap-StoryQuote ap-StoryQuote--blockquote\">\n<p class=\"ap-StoryQuote-text\">Parmi les suspects figurent des citoyens de neuf pays, dont l&rsquo;Ukraine et la Moldavie<\/p>\n<\/blockquote>\n<p class=\"ap-StoryElement ap-StoryElement--mb ap-StoryText\">Cette collaboration transfrontali\u00e8re, soutenue par Europol (l&rsquo;agence europ\u00e9enne de police criminelle), a permis d&rsquo;identifier 654 suspects li\u00e9s <a href=\"https:\/\/www.lalibre.be\/economie\/entreprises-startup\/2023\/12\/26\/insubordonnees-violentes-et-negligentes-comment-expliquer-le-succes-des-societes-militaires-privees-J7X6VSRCUFELNEAIUQVTHPH4QU\/\" target=\"_self\" rel=\"noopener\">aux soci\u00e9t\u00e9s militaires priv\u00e9es russes<\/a> Wagner et Redut. Parmi eux figurent des citoyens de l&rsquo;Ukraine, <a href=\"https:\/\/www.lalibre.be\/international\/europe\/2025\/09\/27\/moldavie-en-transnistrie-la-cohabitation-avec-les-soldats-russes-se-passe-tres-bien-LQVUBBVEQNCMBEHL2WR3DTSPQY\/\" target=\"_self\" rel=\"noopener\">la Moldavie<\/a>, l&rsquo;Arm\u00e9nie, la Bosnie-Herz\u00e9govine, mais aussi du Kazakhstan, de l&rsquo;Ouzb\u00e9kistan, du Tadjikistan, du Turkm\u00e9nistan et de l&rsquo;Azerba\u00efdjan.<\/p>\n<p>Pour acc\u00e9der \u00e0 cet article, veuillez vous connecter au r\u00e9seau internet.<\/p>\n","protected":false},"excerpt":{"rendered":"Actes de violence sexuelle, ex\u00e9cutions de prisonniers de guerre et de civils, utilisation d&rsquo;armes interdites par les conventions&hellip;\n","protected":false},"author":2,"featured_media":508862,"comment_status":"","ping_status":"","sticky":false,"template":"","format":"standard","meta":{"footnotes":""},"categories":[1590],"tags":[11,10350,1777,674,1227,12,220],"class_list":{"0":"post-508861","1":"post","2":"type-post","3":"status-publish","4":"format-standard","5":"has-post-thumbnail","7":"category-ukraine","8":"tag-actualites","9":"tag-conflict","10":"tag-eu","11":"tag-europe","12":"tag-horizontal","13":"tag-news","14":"tag-ukraine"},"share_on_mastodon":{"url":"https:\/\/pubeurope.com\/@fr\/115485840860851084","error":""},"_links":{"self":[{"href":"https:\/\/www.europesays.com\/fr\/wp-json\/wp\/v2\/posts\/508861","targetHints":{"allow":["GET"]}}],"collection":[{"href":"https:\/\/www.europesays.com\/fr\/wp-json\/wp\/v2\/posts"}],"about":[{"href":"https:\/\/www.europesays.com\/fr\/wp-json\/wp\/v2\/types\/post"}],"author":[{"embeddable":true,"href":"https:\/\/www.europesays.com\/fr\/wp-json\/wp\/v2\/users\/2"}],"replies":[{"embeddable":true,"href":"https:\/\/www.europesays.com\/fr\/wp-json\/wp\/v2\/comments?post=508861"}],"version-history":[{"count":0,"href":"https:\/\/www.europesays.com\/fr\/wp-json\/wp\/v2\/posts\/508861\/revisions"}],"wp:featuredmedia":[{"embeddable":true,"href":"https:\/\/www.europesays.com\/fr\/wp-json\/wp\/v2\/media\/508862"}],"wp:attachment":[{"href":"https:\/\/www.europesays.com\/fr\/wp-json\/wp\/v2\/media?parent=508861"}],"wp:term":[{"taxonomy":"category","embeddable":true,"href":"https:\/\/www.europesays.com\/fr\/wp-json\/wp\/v2\/categories?post=508861"},{"taxonomy":"post_tag","embeddable":true,"href":"https:\/\/www.europesays.com\/fr\/wp-json\/wp\/v2\/tags?post=508861"}],"curies":[{"name":"wp","href":"https:\/\/api.w.org\/{rel}","templated":true}]}}