{"id":508863,"date":"2025-11-03T12:47:13","date_gmt":"2025-11-03T12:47:13","guid":{"rendered":"https:\/\/www.europesays.com\/fr\/508863\/"},"modified":"2025-11-03T12:47:13","modified_gmt":"2025-11-03T12:47:13","slug":"zohran-mamdani-voix-anti-trump-futur-maire-de-new-york","status":"publish","type":"post","link":"https:\/\/www.europesays.com\/fr\/508863\/","title":{"rendered":"Zohran Mamdani, voix anti-Trump, futur maire de New York\u00a0?"},"content":{"rendered":"<p>      lire plus tard<\/p>\n<p id=\"dialog__title\" class=\"dialog__title\">Pour sauvegarder cet article, connectez-vous ou cr\u00e9ez un compte franceinfo<\/p>\n<p class=\"dialog__description\">Sans paiement. Sans abonnement.<\/p>\n<p>        Fermer la fen\u00eatre d\u2019activation des notifications France Info<\/p>\n<p>      cr\u00e9er votre compte<\/p>\n<p>      se connecter<\/p>\n<p>        Fermer la fen\u00eatre de pr\u00e9sentation<\/p>\n<p>    Publi\u00e9 le 03\/11\/2025 12:26<\/p>\n<p>        Temps de lecture : 1min &#8211; vid\u00e9o : 1min<\/p>\n<p>    <img decoding=\"async\" class=\"francetv-player-wrapper__image\" alt=\"\u00c9tats-Unis : Zohran Mamdani, voix anti-Trump, futur maire de New York\u00a0?\"  width=\"432\" height=\"243\" src=\"https:\/\/www.europesays.com\/fr\/wp-content\/uploads\/2025\/11\/zohran-mamdani-new-york-690890a1a3292080967436.jpg\" fetchpriority=\"high\"\/><\/p>\n<p>              \u00c9tats-Unis : Zohran Mamdani, voix anti-Trump, futur maire de New York\u00a0?<br \/>\n                    (France 2)<\/p>\n<p>      1min<\/p>\n<p>\n  Zohran Mamdani est l&rsquo;un des nouveaux visages de la gauche am\u00e9ricaine. L&rsquo;homme de 34 ans a r\u00e9ussi \u00e0 conqu\u00e9rir une grande partie de la jeunesse, au point d&rsquo;\u00eatre favori dans les sondages pour devenir le prochain maire de New York.\n<\/p>\n<p><strong>Ce texte correspond \u00e0 une partie de la retranscription du reportage ci-dessus. Cliquez sur la vid\u00e9o pour la regarder en int\u00e9gralit\u00e9.<\/strong><\/p>\n<p>\u00c0 New York (\u00c9tats-Unis), le socialiste <a href=\"https:\/\/www.franceinfo.fr\/monde\/usa\/zohran-mamdani-un-socialiste-musulman-futur-maire-de-new-york_7586972.html\" rel=\"nofollow noopener\" target=\"_blank\">Zohran Mamdani<\/a> r\u00e9ussit \u00e0 galvaniser les foules de la ville du business et des milliardaires. Inconnu il y a quelques mois, il a r\u00e9ussi \u00e0 conqu\u00e9rir une grande partie de la jeunesse. \u00ab\u00a0Mamdani se bat sans cesse pour les gens qui travaillent, se dresse sans cesse pour d\u00e9fendre la dignit\u00e9 de chacun\u00a0\u00bb, affirme une femme.<\/p>\n<p>L&rsquo;homme de 34 ans, n\u00e9 en Ouganda, d&rsquo;origine indienne et fervent musulman, a \u00e9t\u00e9 naturalis\u00e9 am\u00e9ricain il y a moins de 10 ans. Il est pass\u00e9 du rap \u00e0 la politique avec la m\u00eame facilit\u00e9. \u00ab\u00a0Mamdani est une figure politique atypique qui incarne parfaitement l&rsquo;esprit du moment. Nous sommes \u00e0 un moment o\u00f9 une voix anti-Trump, forte dans la plus grande ville des \u00c9tats-Unis, va faire la Une des journaux\u00a0\u00bb, explique Lincoln Mitchell, analyste politique et professeur \u00e0 l&rsquo;universit\u00e9 Columbia.<\/p>\n<p>Cultivant la proximit\u00e9 avec les habitants, il mart\u00e8le ses propositions phares, r\u00e9solument \u00e0 gauche : gel des loyers, garde d&rsquo;enfants pour tous, gratuit\u00e9 des bus et surtout taxer les riches. Donald Trump menace de supprimer les fonds f\u00e9d\u00e9raux pour New York s&rsquo;il est \u00e9lu. Celui qu&rsquo;on surnomme l&rsquo;anti-Trump reste pourtant favori dans les sondages \u00e0 deux jours du scrutin.<\/p>\n","protected":false},"excerpt":{"rendered":"lire plus tard Pour sauvegarder cet article, connectez-vous ou cr\u00e9ez un compte franceinfo Sans paiement. Sans abonnement. Fermer&hellip;\n","protected":false},"author":2,"featured_media":508864,"comment_status":"","ping_status":"","sticky":false,"template":"","format":"standard","meta":{"footnotes":""},"categories":[1589],"tags":[11,73,1866,12,1864,1865,1863,308],"class_list":{"0":"post-508863","1":"post","2":"type-post","3":"status-publish","4":"format-standard","5":"has-post-thumbnail","7":"category-etats-unis","8":"tag-actualites","9":"tag-etats-unis","10":"tag-etats-unis-damerique","11":"tag-news","12":"tag-united-states","13":"tag-united-states-of-america","14":"tag-us","15":"tag-usa"},"share_on_mastodon":{"url":"https:\/\/pubeurope.com\/@fr\/115485845547255887","error":""},"_links":{"self":[{"href":"https:\/\/www.europesays.com\/fr\/wp-json\/wp\/v2\/posts\/508863","targetHints":{"allow":["GET"]}}],"collection":[{"href":"https:\/\/www.europesays.com\/fr\/wp-json\/wp\/v2\/posts"}],"about":[{"href":"https:\/\/www.europesays.com\/fr\/wp-json\/wp\/v2\/types\/post"}],"author":[{"embeddable":true,"href":"https:\/\/www.europesays.com\/fr\/wp-json\/wp\/v2\/users\/2"}],"replies":[{"embeddable":true,"href":"https:\/\/www.europesays.com\/fr\/wp-json\/wp\/v2\/comments?post=508863"}],"version-history":[{"count":0,"href":"https:\/\/www.europesays.com\/fr\/wp-json\/wp\/v2\/posts\/508863\/revisions"}],"wp:featuredmedia":[{"embeddable":true,"href":"https:\/\/www.europesays.com\/fr\/wp-json\/wp\/v2\/media\/508864"}],"wp:attachment":[{"href":"https:\/\/www.europesays.com\/fr\/wp-json\/wp\/v2\/media?parent=508863"}],"wp:term":[{"taxonomy":"category","embeddable":true,"href":"https:\/\/www.europesays.com\/fr\/wp-json\/wp\/v2\/categories?post=508863"},{"taxonomy":"post_tag","embeddable":true,"href":"https:\/\/www.europesays.com\/fr\/wp-json\/wp\/v2\/tags?post=508863"}],"curies":[{"name":"wp","href":"https:\/\/api.w.org\/{rel}","templated":true}]}}