{"id":508867,"date":"2025-11-03T12:49:24","date_gmt":"2025-11-03T12:49:24","guid":{"rendered":"https:\/\/www.europesays.com\/fr\/508867\/"},"modified":"2025-11-03T12:49:24","modified_gmt":"2025-11-03T12:49:24","slug":"le-vietnam-et-lallemagne-renforcent-la-formation-de-ressources-humaines-agricoles-de-haute-qualite","status":"publish","type":"post","link":"https:\/\/www.europesays.com\/fr\/508867\/","title":{"rendered":"Le Vietnam et l&rsquo;Allemagne renforcent la formation de ressources humaines agricoles de haute qualit\u00e9"},"content":{"rendered":"<p style=\"text-align: left;\">Le 3 novembre, au si\u00e8ge <a class=\"data-link\" data-org-href=\"https:\/\/www.vietnam.vn\/authors\/mard-gov-vn\" href=\"https:\/\/www.vietnam.vn\/authors\/mard-gov-vn\" title=\"Minist\u00e8re de l&#039;Agriculture et de l&#039;Environnement\" target=\"_blank\" rel=\"noopener\">du minist\u00e8re de l&rsquo;Agriculture et de l&rsquo;Environnement<\/a> , le vice-ministre Tran Thanh Nam a re\u00e7u et travaill\u00e9 avec M. Marcus Malsch, secr\u00e9taire d&rsquo;\u00c9tat du minist\u00e8re des Affaires \u00e9conomiques, de l&rsquo;Agriculture et du D\u00e9veloppement rural du Land de Thuringe, R\u00e9publique f\u00e9d\u00e9rale d&rsquo;Allemagne.<\/p>\n<p style=\"text-align: left;\"> Partageant sa vision du d\u00e9veloppement <a class=\"data-link\" data-org-href=\"https:\/\/www.vietnam.vn\/category\/nong-nghiep\" href=\"https:\/\/www.vietnam.vn\/category\/nong-nghiep\" title=\"agriculture\" target=\"_blank\" rel=\"noopener\">agricole<\/a> , le vice-ministre Tran Thanh Nam a d\u00e9clar\u00e9 que le Vietnam s&rsquo;oriente vers une agriculture \u00e9cologique et durable, privil\u00e9giant la qualit\u00e9 et la protection de l&rsquo;environnement plut\u00f4t que la quantit\u00e9. \u00ab Pour atteindre cet objectif, nous valorisons les ressources nationales, avec le soutien international, notamment de partenaires dot\u00e9s d&rsquo;atouts technologiques tels que l&rsquo;Allemagne \u00bb, a-t-il soulign\u00e9.<\/p>\n<p style=\"text-align: left;\"> Concernant la coop\u00e9ration avec l&rsquo;Allemagne en g\u00e9n\u00e9ral et le Land de Thuringe en particulier, le vice-ministre s&rsquo;est dit convaincu que les deux parties disposaient encore d&rsquo;une marge de progression importante en mati\u00e8re de coop\u00e9ration multidisciplinaire, notamment dans les domaines de l&rsquo;agriculture, de l&rsquo;environnement et de la formation professionnelle. <\/p>\n<p><img decoding=\"async\" src=\"https:\/\/www.europesays.com\/fr\/wp-content\/uploads\/2025\/11\/1762171172863_img_9319-171656_66.jpeg\" alt=\"Th\u1ee9 tr\u01b0\u1edfng Tr\u1ea7n Thanh Nam ti\u1ebfp \u00f4ng Marcus Malsch, Qu\u1ed1c v\u1ee5 khanh B\u1ed9 Kinh t\u1ebf, N\u00f4ng nghi\u1ec7p v\u00e0 Ph\u00e1t tri\u1ec3n N\u00f4ng th\u00f4n Bang Th\u00fcringen. \u1ea2nh: Ph\u01b0\u01a1ng Linh.\" title=\"Le vice-ministre Tran Thanh Nam a re\u00e7u M. Marcus Malsch, secr\u00e9taire d'\u00c9tat du minist\u00e8re des Affaires \u00e9conomiques, de l'Agriculture et du D\u00e9veloppement rural du Land de Thuringe. Photo\u00a0: Phuong Linh.\" width=\"1920\" loading=\"lazy\" data-img-mobile=\"\"\/><\/p>\n<p class=\"expEdit h2\"> Le vice-ministre Tran Thanh Nam a re\u00e7u M. Marcus Malsch, secr\u00e9taire d&rsquo;\u00c9tat du minist\u00e8re des <a class=\"data-link\" data-org-href=\"https:\/\/www.vietnam.vn\/category\/kinh-te\" href=\"https:\/\/www.vietnam.vn\/category\/kinh-te\" title=\"\u00c9conomie\" target=\"_blank\" rel=\"noopener\">Affaires \u00e9conomiques<\/a> , de l&rsquo;Agriculture et du D\u00e9veloppement rural du Land de Thuringe. Photo\u00a0: Phuong Linh.<\/p>\n<p style=\"text-align: left;\"> Lors de cette r\u00e9union, les dirigeants des deux parties ont discut\u00e9 de plusieurs questions cl\u00e9s\u00a0: le renforcement de la coop\u00e9ration dans les domaines de l\u2019agriculture et de l\u2019environnement\u00a0; le partage du potentiel de transfert de connaissances scientifiques et technologiques en mati\u00e8re de production\u00a0; la promotion de projets de coop\u00e9ration\u00a0; la formation de ressources humaines hautement qualifi\u00e9es dans le secteur agricole\u00a0; et la mise en relation des entreprises des deux parties afin d\u2019accro\u00eetre les opportunit\u00e9s commerciales et d\u2019investissement.<\/p>\n<p style=\"text-align: left;\"> Dans le domaine de la formation professionnelle, le Vietnam a reconnu l&rsquo;efficacit\u00e9 des programmes de coop\u00e9ration et a souhait\u00e9 continuer \u00e0 d\u00e9velopper le mod\u00e8le entre les \u00e9coles professionnelles du Vietnam et du Land de Thuringe.<\/p>\n<p style=\"text-align: left;\"> \u00ab Dans les prochains mois, les deux parties devront poursuivre les \u00e9changes d\u2019enseignants et d\u2019experts en formation professionnelle, notamment d\u2019agents de vulgarisation agricole vietnamiens, afin d\u2019acqu\u00e9rir une exp\u00e9rience pratique, de transf\u00e9rer des technologies et d\u2019aider les agriculteurs \u00e0 am\u00e9liorer leurs comp\u00e9tences. \u00bb<\/p>\n<p style=\"text-align: left;\"> \u00ab\u00a0Par ailleurs, je propose que le Land de Thuringe envisage d\u2019adapter ses programmes de formation professionnelle en m\u00e9canique, biotechnologie et technologies num\u00e9riques aux besoins du Vietnam. Dans le m\u00eame temps, il convient de reconna\u00eetre les \u00e9quivalences de ces formations afin de faciliter l\u2019acc\u00e8s \u00e0 l\u2019emploi pour les \u00e9tudiants vietnamiens en Allemagne\u00a0\u00bb, a d\u00e9clar\u00e9 le vice-ministre Nam. <\/p>\n<p><img decoding=\"async\" src=\"https:\/\/www.europesays.com\/fr\/wp-content\/uploads\/2025\/11\/1762171173535_1914-img_9359-171700_637.jpeg\" alt=\"Th\u1ee9 tr\u01b0\u1edfng Tr\u1ea7n Thanh Nam chia s\u1ebb v\u1ec1 ti\u1ec1m n\u0103ng h\u1ee3p t\u00e1c n\u00f4ng nghi\u1ec7p - m\u00f4i tr\u01b0\u1eddng gi\u1eefa Vi\u1ec7t Nam v\u00e0 Bang Th\u00fcringen, CHLB \u0110\u1ee9c. \u1ea2nh: Ph\u01b0\u01a1ng Linh.\" title=\"Le vice-ministre Tran Thanh Nam a \u00e9voqu\u00e9 le potentiel de coop\u00e9ration agricole et environnementale entre le Vietnam et le Land de Thuringe (Allemagne). Photo\u00a0: Phuong Linh.\" width=\"1767\" loading=\"lazy\" data-img-mobile=\"\"\/><\/p>\n<p class=\"expEdit h2\"> Le vice-ministre Tran Thanh Nam a \u00e9voqu\u00e9 le potentiel de coop\u00e9ration agricole et environnementale entre le Vietnam et le Land de Thuringe (Allemagne). Photo\u00a0: Phuong Linh.<\/p>\n<p style=\"text-align: left;\"> Partageant les orientations de coop\u00e9ration d\u00e9finies par le Vietnam, le secr\u00e9taire d&rsquo;\u00c9tat Marcus Malsch a affirm\u00e9 que l&rsquo;\u00c9tat s&rsquo;attacherait \u00e0 soutenir le Vietnam dans la formation de travailleurs hautement qualifi\u00e9s dans le secteur agricole.<\/p>\n<p style=\"text-align: left;\"> D&rsquo;apr\u00e8s lui, l&rsquo;Allemagne compte actuellement 14 m\u00e9tiers typiques de l&rsquo;agriculture verte et une \u00e9quipe d&rsquo;enseignants exp\u00e9riment\u00e9s. Les deux parties pourraient donc pleinement d\u00e9velopper le programme d&rsquo;\u00e9changes permettant aux \u00e9tudiants et aux stagiaires d&rsquo;apprendre les uns des autres. \u00ab Nous souhaitons non seulement aider les agriculteurs \u00e0 cultiver plus efficacement, mais aussi cr\u00e9er les conditions qui leur permettent d&rsquo;acc\u00e9der aux nouvelles technologies et m\u00e9thodes de la cha\u00eene de valeur agricole et de les ma\u00eetriser \u00bb, a-t-il soulign\u00e9.<\/p>\n<p style=\"text-align: left;\"> Le Land de Thuringe a d\u00e9clar\u00e9 qu&rsquo;il rechercherait des centres de formation professionnelle adapt\u00e9s aux besoins du Vietnam et qu&rsquo;il soutiendrait l&rsquo;organisation d&rsquo;un forum Vietnam-Allemagne sur la reconversion professionnelle et le d\u00e9veloppement des ressources humaines agricoles. Il se dit \u00e9galement dispos\u00e9 \u00e0 coordonner l&rsquo;organisation de s\u00e9minaires et de visites de terrain afin de partager les exp\u00e9riences en mati\u00e8re d&rsquo;agriculture et d&rsquo;horticulture. <\/p>\n<p><img decoding=\"async\" src=\"https:\/\/www.europesays.com\/fr\/wp-content\/uploads\/2025\/11\/1762171174211_img_9382-171704_549.jpeg\" alt=\"Qu\u1ed1c v\u1ee5 khanh Marcus Malsch kh\u1eb3ng \u0111\u1ecbnh h\u1ed7 tr\u1ee3 Vi\u1ec7t Nam \u0111\u00e0o t\u1ea1o lao \u0111\u1ed9ng c\u00f3 tay ngh\u1ec1 cao trong l\u0129nh v\u1ef1c n\u00f4ng nghi\u1ec7p. \u1ea2nh: Ph\u01b0\u01a1ng Linh.\" title=\"Le ministre d'\u00c9tat Marcus Malsch a affirm\u00e9 son soutien au Vietnam pour la formation de travailleurs hautement qualifi\u00e9s dans le secteur agricole. Photo\u00a0: Phuong Linh.\" width=\"1920\" loading=\"lazy\" data-img-mobile=\"\"\/><\/p>\n<p class=\"expEdit h2\"> Le ministre d&rsquo;\u00c9tat Marcus Malsch a affirm\u00e9 son soutien au Vietnam pour la formation de travailleurs hautement qualifi\u00e9s dans le secteur agricole. Photo\u00a0: Phuong Linh.<\/p>\n<p style=\"text-align: left;\"> Concernant les certificats professionnels pour les \u00e9tudiants vietnamiens, M. Malsch a d\u00e9clar\u00e9 qu&rsquo;il envisagerait la possibilit\u00e9 de reconna\u00eetre les \u00e9quivalences et de d\u00e9signer des experts pour superviser le programme de formation afin d&rsquo;en garantir la qualit\u00e9. Il a \u00e9galement indiqu\u00e9 que l&rsquo;Allemagne comptait de nombreux experts dans les domaines des engrais et de la conservation des produits agricoles, notamment des techniques de conservation du riz \u00e0 long terme, domaines qui, selon lui, int\u00e9resseraient le Vietnam.<\/p>\n<p style=\"text-align: left;\"> \u00ab\u00a0En termes de potentiel de coop\u00e9ration, le Land de Thuringe poss\u00e8de un secteur agricole florissant, avec de grandes exploitations sp\u00e9cialis\u00e9es (certaines atteignent 6\u00a0000 hectares) et une \u00e9quipe d\u2019experts en production et d\u2019\u00e9conomistes agricoles. Nous invitons les agents de vulgarisation agricole vietnamiens \u00e0 venir se former et esp\u00e9rons visiter prochainement le secteur agricole vietnamien\u00a0\u00bb, a d\u00e9clar\u00e9 le secr\u00e9taire d\u2019\u00c9tat.<\/p>\n<p style=\"text-align: left;\"> Lors de la r\u00e9union, PETKUS Technologie GmbH a pr\u00e9sent\u00e9 des solutions modernes de transformation et de conservation du riz, permettant de pr\u00e9server durablement la valeur et la qualit\u00e9 des produits et contribuant ainsi \u00e0 l&rsquo;am\u00e9lioration des conditions de vie des agriculteurs. Le repr\u00e9sentant de l&rsquo;entreprise a exprim\u00e9 sa volont\u00e9 de coop\u00e9rer avec le Vietnam en mati\u00e8re de transfert de technologies et de d\u00e9veloppement d&rsquo;une cha\u00eene de valeur agricole durable.<\/p>\n<p class=\"mb-0\"> Source : https:\/\/nongnghiepmoitruong.vn\/viet&#8211;duc-tang-cuong-dao-tao-nhan-luc-nong-nghiep-chat-luong-cao-d782087.html<\/p>\n","protected":false},"excerpt":{"rendered":"Le 3 novembre, au si\u00e8ge du minist\u00e8re de l&rsquo;Agriculture et de l&rsquo;Environnement , le vice-ministre Tran Thanh Nam&hellip;\n","protected":false},"author":2,"featured_media":508868,"comment_status":"","ping_status":"","sticky":false,"template":"","format":"standard","meta":{"footnotes":""},"categories":[1587],"tags":[11,672,1804,63045,1805,1803,1777,674,63046,1801,12,12633,1802,60995],"class_list":{"0":"post-508867","1":"post","2":"type-post","3":"status-publish","4":"format-standard","5":"has-post-thumbnail","7":"category-allemagne","8":"tag-actualites","9":"tag-allemagne","10":"tag-bundesrepublik-deutschland","11":"tag-cooperer","12":"tag-de","13":"tag-deutschland","14":"tag-eu","15":"tag-europe","16":"tag-formation-en-ressources-humaines","17":"tag-germany","18":"tag-news","19":"tag-reconversion-professionnelle","20":"tag-republique-federale-dallemagne","21":"tag-vietnamien-allemand"},"share_on_mastodon":{"url":"https:\/\/pubeurope.com\/@fr\/115485853658183588","error":""},"_links":{"self":[{"href":"https:\/\/www.europesays.com\/fr\/wp-json\/wp\/v2\/posts\/508867","targetHints":{"allow":["GET"]}}],"collection":[{"href":"https:\/\/www.europesays.com\/fr\/wp-json\/wp\/v2\/posts"}],"about":[{"href":"https:\/\/www.europesays.com\/fr\/wp-json\/wp\/v2\/types\/post"}],"author":[{"embeddable":true,"href":"https:\/\/www.europesays.com\/fr\/wp-json\/wp\/v2\/users\/2"}],"replies":[{"embeddable":true,"href":"https:\/\/www.europesays.com\/fr\/wp-json\/wp\/v2\/comments?post=508867"}],"version-history":[{"count":0,"href":"https:\/\/www.europesays.com\/fr\/wp-json\/wp\/v2\/posts\/508867\/revisions"}],"wp:featuredmedia":[{"embeddable":true,"href":"https:\/\/www.europesays.com\/fr\/wp-json\/wp\/v2\/media\/508868"}],"wp:attachment":[{"href":"https:\/\/www.europesays.com\/fr\/wp-json\/wp\/v2\/media?parent=508867"}],"wp:term":[{"taxonomy":"category","embeddable":true,"href":"https:\/\/www.europesays.com\/fr\/wp-json\/wp\/v2\/categories?post=508867"},{"taxonomy":"post_tag","embeddable":true,"href":"https:\/\/www.europesays.com\/fr\/wp-json\/wp\/v2\/tags?post=508867"}],"curies":[{"name":"wp","href":"https:\/\/api.w.org\/{rel}","templated":true}]}}