{"id":50889,"date":"2025-04-25T04:38:11","date_gmt":"2025-04-25T04:38:11","guid":{"rendered":"https:\/\/www.europesays.com\/fr\/50889\/"},"modified":"2025-04-25T04:38:11","modified_gmt":"2025-04-25T04:38:11","slug":"retailleau-accuse-le-lycee-musulman-averroes-detre-un-bastion-de-lentrisme-islamiste-2","status":"publish","type":"post","link":"https:\/\/www.europesays.com\/fr\/50889\/","title":{"rendered":"Retailleau accuse le lyc\u00e9e musulman Averro\u00e8s d\u2019\u00eatre \u00ab un bastion de l\u2019entrisme islamiste \u00bb"},"content":{"rendered":"<p><strong>\u00e9ducation &#8211; Tout comme G\u00e9rald Darmanin, Bruno Retailleau veut que l\u2019Etat fasse appel de la d\u00e9cision de la justice administrative de r\u00e9tablir le contrat d\u2019association de ce lyc\u00e9e avec l\u2019Etat<\/strong><\/p>\n<p><a href=\"https:\/\/www.20minutes.fr\/dossier\/bruno_retailleau?at_medium=RSS+feed&amp;at_campaign=ynews&amp;utm_source=yahoo&amp;utm_medium=rss&amp;utm_campaign=news_feed&amp;utm_content=in_article_link\" rel=\"nofollow noopener\" target=\"_blank\" data-ylk=\"slk:Bruno Retailleau;elm:context_link;itc:0;sec:content-canvas\" class=\"link \">Bruno Retailleau<\/a> continue de s\u2019en prendre au lyc\u00e9e musulman <a href=\"https:\/\/www.20minutes.fr\/lille\/?at_medium=RSS+feed&amp;at_campaign=ynews&amp;utm_source=yahoo&amp;utm_medium=rss&amp;utm_campaign=news_feed&amp;utm_content=in_article_link\" rel=\"nofollow noopener\" target=\"_blank\" data-ylk=\"slk:lillois;elm:context_link;itc:0;sec:content-canvas\" class=\"link \">lillois<\/a> Averro\u00e8s, alors que le contrat d\u2019association avec l\u2019Etat a \u00e9t\u00e9 r\u00e9tabli mercredi par la justice administrative. Le ministre de l\u2019Int\u00e9rieur ne voit en effet pas du tout d\u2019un bon \u0153il cette d\u00e9cision.<\/p>\n<p>Lors d\u2019une conf\u00e9rence de presse \u00e0 <a href=\"https:\/\/www.20minutes.fr\/marseille\/?at_medium=RSS+feed&amp;at_campaign=ynews&amp;utm_source=yahoo&amp;utm_medium=rss&amp;utm_campaign=news_feed&amp;utm_content=in_article_link\" rel=\"nofollow noopener\" target=\"_blank\" data-ylk=\"slk:Marseille;elm:context_link;itc:0;sec:content-canvas\" class=\"link \">Marseille<\/a>, le locataire de la place Beauvau a ainsi accus\u00e9 cet \u00e9tablissement scolaire d\u2019\u00eatre \u00ab\u00a0un bastion de l\u2019entrisme islamiste\u00a0\u00bb. Bruno Retailleau a \u00e9galement souhait\u00e9 que \u00ab\u00a0l\u2019Etat fasse appel\u00a0\u00bb de cette d\u00e9cision de justice.<\/p>\n<p>\u00ab\u00a0Des rumeurs\u00a0\u00bb, selon le lyc\u00e9e<\/p>\n<p>L\u2019association g\u00e9rant le lyc\u00e9e a pour sa part r\u00e9agi dans un communiqu\u00e9, d\u00e9plorant que le ministre foule \u00ab\u00a0aux pieds l\u2019\u00e9tat de droit\u00a0\u00bb et v\u00e9hicule \u00ab\u00a0des rumeurs destin\u00e9es \u00e0 fracturer la soci\u00e9t\u00e9 fran\u00e7aise en ciblant les musulmans\u00a0\u00bb.<\/p>\n<p>Le contrat d\u2019association entre l\u2019Etat et le lyc\u00e9e Averro\u00e8s, qui \u00e9tait jusqu\u2019en septembre\u00a02024 le principal lyc\u00e9e musulman sous contrat de France, avait \u00e9t\u00e9 r\u00e9sili\u00e9 en d\u00e9cembre\u00a02023 par la pr\u00e9fecture du Nord, qui avait \u00e9voqu\u00e9 des \u00ab\u00a0manquements graves aux principes fondamentaux de la R\u00e9publique\u00a0\u00bb. Mercredi, le tribunal administratif de Lille a expliqu\u00e9 avoir annul\u00e9 cette d\u00e9cision de r\u00e9siliation parce qu\u2019elle n\u2019\u00e9tablissait pas \u00ab\u00a0l\u2019existence de manquements graves au droit\u00a0\u00bb et que la proc\u00e9dure \u00e9tait \u00ab\u00a0entach\u00e9e d\u2019irr\u00e9gularit\u00e9s\u00a0\u00bb.<\/p>\n<p>Le \u00ab\u00a0combat\u00a0\u00bb de Darmanin<\/p>\n<p>\u00ab\u00a0On a des \u00e9l\u00e9ments extr\u00eamement graves, extr\u00eamement lourds, l\u2019argent des Fran\u00e7ais n\u2019a rien \u00e0 faire dans ce genre d\u2019organisation\u00a0\u00bb, a insist\u00e9 Bruno Retail(&#8230;)<\/p>\n<p><a href=\"https:\/\/www.20minutes.fr\/societe\/4150298-20250425-lille-retailleau-accuse-lycee-musulman-averroes-etre-bastion-entrisme-islamiste?at_medium=RSS+feed&amp;at_campaign=ynews&amp;utm_source=yahoo&amp;utm_medium=rss&amp;utm_campaign=news_feed&amp;utm_content=read_more_link&quot;\" rel=\"nofollow noopener\" target=\"_blank\" data-ylk=\"slk:Lire la suite sur 20minutes;elm:context_link;itc:0;sec:content-canvas\" class=\"link \">Lire la suite sur 20minutes<\/a><\/p>\n<p>\u00c0 lire aussi :<br \/><a href=\"https:\/\/www.20minutes.fr\/faits_divers\/4150270-20250424-nantes-profil-assaillant-victimes-reactions-point-attaque-couteau-lycee-prive?at_medium=RSS+feed&amp;at_campaign=ynews&amp;utm_source=yahoo&amp;utm_medium=rss&amp;utm_campaign=news_feed&amp;utm_content=related_content_link\" rel=\"nofollow noopener\" target=\"_blank\" data-ylk=\"slk:Nantes\u00a0: Profil de l\u2019assaillant, victimes, r\u00e9actions\u2026 Le point sur l\u2019attaque au couteau dans un lyc\u00e9e priv\u00e9;elm:context_link;itc:0;sec:content-canvas\" class=\"link \">Nantes\u00a0: Profil de l\u2019assaillant, victimes, r\u00e9actions\u2026 Le point sur l\u2019attaque au couteau dans un lyc\u00e9e priv\u00e9<\/a><br \/><a href=\"https:\/\/www.20minutes.fr\/societe\/4149756-20250423-lycees-colleges-prives-musulmans-discrimines-etat-rapport-ecoles-juives-catholiques?at_medium=RSS+feed&amp;at_campaign=ynews&amp;utm_source=yahoo&amp;utm_medium=rss&amp;utm_campaign=news_feed&amp;utm_content=related_content_link\" rel=\"nofollow noopener\" target=\"_blank\" data-ylk=\"slk:Les lyc\u00e9es et coll\u00e8ges priv\u00e9s musulmans sont-ils discrimin\u00e9s par l\u2019Etat, par rapport aux \u00e9coles juives et catholiques\u00a0?;elm:context_link;itc:0;sec:content-canvas\" class=\"link \">Les lyc\u00e9es et coll\u00e8ges priv\u00e9s musulmans sont-ils discrimin\u00e9s par l\u2019Etat, par rapport aux \u00e9coles juives et catholiques\u00a0?<\/a><\/p>\n","protected":false},"excerpt":{"rendered":"\u00e9ducation &#8211; Tout comme G\u00e9rald Darmanin, Bruno Retailleau veut que l\u2019Etat fasse appel de la d\u00e9cision de la&hellip;\n","protected":false},"author":2,"featured_media":50890,"comment_status":"","ping_status":"","sticky":false,"template":"","format":"standard","meta":{"footnotes":""},"categories":[2815],"tags":[1111,11,6267,1013,13942,14376,1777,674,1011,27,811,14375,1307,12,25,13943],"class_list":{"0":"post-50889","1":"post","2":"type-post","3":"status-publish","4":"format-standard","5":"has-post-thumbnail","7":"category-lille","8":"tag-actu","9":"tag-actualites","10":"tag-averroes","11":"tag-bruno-retailleau","12":"tag-contrat-dassociation","13":"tag-decision-de-justice","14":"tag-eu","15":"tag-europe","16":"tag-fr","17":"tag-france","18":"tag-hauts-de-france","19":"tag-justice-administrative","20":"tag-lille","21":"tag-news","22":"tag-republique-francaise","23":"tag-tribunal-administratif-de-lille"},"share_on_mastodon":{"url":"https:\/\/pubeurope.com\/@fr\/114396758187249682","error":""},"_links":{"self":[{"href":"https:\/\/www.europesays.com\/fr\/wp-json\/wp\/v2\/posts\/50889","targetHints":{"allow":["GET"]}}],"collection":[{"href":"https:\/\/www.europesays.com\/fr\/wp-json\/wp\/v2\/posts"}],"about":[{"href":"https:\/\/www.europesays.com\/fr\/wp-json\/wp\/v2\/types\/post"}],"author":[{"embeddable":true,"href":"https:\/\/www.europesays.com\/fr\/wp-json\/wp\/v2\/users\/2"}],"replies":[{"embeddable":true,"href":"https:\/\/www.europesays.com\/fr\/wp-json\/wp\/v2\/comments?post=50889"}],"version-history":[{"count":0,"href":"https:\/\/www.europesays.com\/fr\/wp-json\/wp\/v2\/posts\/50889\/revisions"}],"wp:featuredmedia":[{"embeddable":true,"href":"https:\/\/www.europesays.com\/fr\/wp-json\/wp\/v2\/media\/50890"}],"wp:attachment":[{"href":"https:\/\/www.europesays.com\/fr\/wp-json\/wp\/v2\/media?parent=50889"}],"wp:term":[{"taxonomy":"category","embeddable":true,"href":"https:\/\/www.europesays.com\/fr\/wp-json\/wp\/v2\/categories?post=50889"},{"taxonomy":"post_tag","embeddable":true,"href":"https:\/\/www.europesays.com\/fr\/wp-json\/wp\/v2\/tags?post=50889"}],"curies":[{"name":"wp","href":"https:\/\/api.w.org\/{rel}","templated":true}]}}