{"id":508906,"date":"2025-11-03T13:14:12","date_gmt":"2025-11-03T13:14:12","guid":{"rendered":"https:\/\/www.europesays.com\/fr\/508906\/"},"modified":"2025-11-03T13:14:12","modified_gmt":"2025-11-03T13:14:12","slug":"la-celebre-marque-duralex-lance-une-levee-de-fonds-aupres-du-grand-public-on-vous-explique","status":"publish","type":"post","link":"https:\/\/www.europesays.com\/fr\/508906\/","title":{"rendered":"La c\u00e9l\u00e8bre marque Duralex lance une lev\u00e9e de fonds aupr\u00e8s du grand public, on vous explique"},"content":{"rendered":"<p> \u00abEt toi, t\u2019as quel \u00e2ge\u00a0?\u00a0\u00bb Cette question anime les discussions dans les cantines depuis plusieurs g\u00e9n\u00e9rations. Avec <a href=\"https:\/\/www.20minutes.fr\/economie\/4099325-20240703-quoi-servent-chiffres-fond-verres-marque-duralex\" class=\"c-link c-link--is-underlined\" rel=\"nofollow noopener\" target=\"_blank\">ses chiffres au fond des verres<\/a>, la marque Duralex s\u2019est impos\u00e9e dans le c\u0153ur des Fran\u00e7ais. Malgr\u00e9 cet attachement pour ces verres quasi incassables en verre tremp\u00e9, la c\u00e9l\u00e8bre verrerie, fond\u00e9e en\u00a01945 \u00e0 La Chapelle-Saint-Mesmin pr\u00e8s d\u2019Orl\u00e9ans (Loiret), <a href=\"https:\/\/www.20minutes.fr\/economie\/4094893-20240606-cantine-pls-sursis-accorde-verres-duralex-trouver-repreneur\" class=\"c-link c-link--is-underlined\" rel=\"nofollow noopener\" target=\"_blank\">a bien failli dispara\u00eetre au printemps\u00a02024<\/a>. Plomb\u00e9e notamment par la hausse des co\u00fbts de l\u2019\u00e9nergie, l\u2019entreprise avait \u00e9t\u00e9 plac\u00e9e en redressement judiciaire avant d\u2019\u00eatre sauv\u00e9e de justesse de la liquidation par ses 228 salari\u00e9s.<\/p>\n<p><a href=\"https:\/\/www.20minutes.fr\/economie\/4103153-20240726-duralex-tribunal-valide-projet-reprise-scop-228-emplois-sauves\" class=\"c-link c-link--is-underlined\" rel=\"nofollow noopener\" target=\"_blank\">Devenue une Soci\u00e9t\u00e9 coop\u00e9rative et participative (Scop)<\/a>, Duralex essaie depuis de redresser la barre. Avec des r\u00e9sultats plut\u00f4t encourageants pour l\u2019instant avec un chiffre d\u2019affaires qui \u00ab\u00a0devrait atteindre les 32\u00a0millions d\u2019euros d\u2019ici \u00e0 la fin de l\u2019ann\u00e9e.\u00a0\u00bb Soufflant ses 80 bougies, la verrerie fran\u00e7aise n\u2019est pourtant pas encore sauv\u00e9e. \u00ab\u00a0Pour \u00eatre \u00e0 l\u2019\u00e9quilibre, l\u2019entreprise doit encore passer la barre des 35\u00a0millions d\u2019euros de chiffre d\u2019affaires\u00a0\u00bb, pr\u00e9cise-t-elle.<\/p>\n<p>Une mise de d\u00e9part \u00e0 partir de 100 euros<\/p>\n<p>Pour assurer sa survie, Duralex lance donc un appel aux Fran\u00e7ais en lan\u00e7ant \u00e0 partir de ce lundi <a href=\"https:\/\/www.20minutes.fr\/economie\/4180911-20251022-sauver-usine-duralex-salaries-proposent-francais-investir-rendement-tres-attrayant\" class=\"c-link c-link--is-underlined\" rel=\"nofollow noopener\" target=\"_blank\">une grande lev\u00e9e de fonds<\/a>. \u00ab\u00a0Avec un objectif de cinq millions d\u2019euros, la lev\u00e9e de fonds viendra compl\u00e9ter les 10\u00a0millions d\u2019euros d\u00e9j\u00e0 s\u00e9curis\u00e9s aupr\u00e8s de la r\u00e9gion et de plusieurs banques\u00a0\u00bb, souligne Duralex. Son directeur g\u00e9n\u00e9ral Fran\u00e7ois Marciano assure que cet argent servira \u00ab\u00a0\u00e0 \u00e9largir l\u2019offre de produits, moderniser les gammes et cr\u00e9er une nouvelle ligne de production.\u00a0\u00bb<\/p>\n<p>Ouverte sur r\u00e9servation <a href=\"https:\/\/lita.co\/fr\/blog\/duralex-souhaite-lever-5-millions-deuros-aupres-des-citoyens-avec-lita\" target=\"_blank\" class=\"c-link c-link--is-underlined\" rel=\"nofollow noopener\">\u00e0 partir de ce lundi sur la plateforme Lita<\/a> avant un lancement officiel mi-novembre, la lev\u00e9e de fonds sera accessible \u00e0 partir de 100 euros. Mais avec quels avantages pour le souscripteur\u00a0? \u00ab\u00a0Vous avez une d\u00e9fiscalisation de 18\u00a0% la premi\u00e8re ann\u00e9e et une r\u00e9mun\u00e9ration de 8\u00a0% par an pendant sept ans. Et au bout de sept ans, vous r\u00e9cup\u00e9rez le capital\u00a0\u00bb, d\u00e9taille Fran\u00e7ois Marciano <a href=\"https:\/\/www.franceinfo.fr\/economie\/entreprises\/duralex-lance-une-levee-de-fonds-grand-public-les-risques-sont-tres-minimises-mais-c-est-toujours-risque-admet-le-directeur-general-de-la-scop_7592309.html\" rel=\"nofollow noopener\" target=\"_blank\" class=\"c-link c-link--is-underlined\">\u00e0 nos confr\u00e8res de Franceinfo<\/a>.<\/p>\n<p>Le directeur g\u00e9n\u00e9ral assure que cet achat de titres participatifs est \u00ab\u00a0un placement \u00e0 risque\u00a0\u00bb car si l\u2019entreprise ferme, l\u2019investisseur perdra tout son argent. Mais selon lui, \u00ab\u00a0les risques sont tr\u00e8s minimis\u00e9s\u00a0\u00bb car \u00ab\u00a0il y a derri\u00e8re 240 salari\u00e9s qui se battent tous les jours et qui ont d\u00e9j\u00e0 fait leurs preuves.\u00a0\u00bb<\/p>\n","protected":false},"excerpt":{"rendered":"\u00abEt toi, t\u2019as quel \u00e2ge\u00a0?\u00a0\u00bb Cette question anime les discussions dans les cantines depuis plusieurs g\u00e9n\u00e9rations. Avec ses&hellip;\n","protected":false},"author":2,"featured_media":508907,"comment_status":"","ping_status":"","sticky":false,"template":"","format":"standard","meta":{"footnotes":""},"categories":[6],"tags":[47,35,7343,63048,33,34,257,3531,13246,16103,1011,27,13961,14883,3951,710],"class_list":{"0":"post-508906","1":"post","2":"type-post","3":"status-publish","4":"format-standard","5":"has-post-thumbnail","7":"category-economie","8":"tag-actualite","9":"tag-business","10":"tag-centre-val-de-loire","11":"tag-crowdfunding","12":"tag-economie","13":"tag-economy","14":"tag-entreprise","15":"tag-financement","16":"tag-financement-participatif","17":"tag-fonds","18":"tag-fr","19":"tag-france","20":"tag-loiret","21":"tag-made-in-france","22":"tag-orleans","23":"tag-verre"},"share_on_mastodon":{"url":"https:\/\/pubeurope.com\/@fr\/115485950964148060","error":""},"_links":{"self":[{"href":"https:\/\/www.europesays.com\/fr\/wp-json\/wp\/v2\/posts\/508906","targetHints":{"allow":["GET"]}}],"collection":[{"href":"https:\/\/www.europesays.com\/fr\/wp-json\/wp\/v2\/posts"}],"about":[{"href":"https:\/\/www.europesays.com\/fr\/wp-json\/wp\/v2\/types\/post"}],"author":[{"embeddable":true,"href":"https:\/\/www.europesays.com\/fr\/wp-json\/wp\/v2\/users\/2"}],"replies":[{"embeddable":true,"href":"https:\/\/www.europesays.com\/fr\/wp-json\/wp\/v2\/comments?post=508906"}],"version-history":[{"count":0,"href":"https:\/\/www.europesays.com\/fr\/wp-json\/wp\/v2\/posts\/508906\/revisions"}],"wp:featuredmedia":[{"embeddable":true,"href":"https:\/\/www.europesays.com\/fr\/wp-json\/wp\/v2\/media\/508907"}],"wp:attachment":[{"href":"https:\/\/www.europesays.com\/fr\/wp-json\/wp\/v2\/media?parent=508906"}],"wp:term":[{"taxonomy":"category","embeddable":true,"href":"https:\/\/www.europesays.com\/fr\/wp-json\/wp\/v2\/categories?post=508906"},{"taxonomy":"post_tag","embeddable":true,"href":"https:\/\/www.europesays.com\/fr\/wp-json\/wp\/v2\/tags?post=508906"}],"curies":[{"name":"wp","href":"https:\/\/api.w.org\/{rel}","templated":true}]}}