{"id":508908,"date":"2025-11-03T13:15:13","date_gmt":"2025-11-03T13:15:13","guid":{"rendered":"https:\/\/www.europesays.com\/fr\/508908\/"},"modified":"2025-11-03T13:15:13","modified_gmt":"2025-11-03T13:15:13","slug":"le-president-finlandais-affirme-quune-nouvelle-ere-des-armes-nucleaires-a-commence","status":"publish","type":"post","link":"https:\/\/www.europesays.com\/fr\/508908\/","title":{"rendered":"Le pr\u00e9sident finlandais affirme qu\u2019une \u00abnouvelle \u00e8re des armes nucl\u00e9aires\u00bb a commenc\u00e9"},"content":{"rendered":"<p>\n    Cette d\u00e9claration fait suite aux propos r\u00e9it\u00e9r\u00e9s de Donald Trump annon\u00e7ant son intention de reprendre les essais nucl\u00e9aires.<\/p>\n<p class=\"fig-paragraph\">Une d\u00e9claration alarmante. Le pr\u00e9sident finlandais\u00a0<a href=\"http:\/\/www.lefigaro.fr\/international\/alexander-stubb-la-russie-continue-a-nous-tester-mais-il-ne-faut-jamais-paniquer-20251001\" target=\"_blank\" data-fig-type=\"Article\" rel=\"noopener\" data-gtm-custom-categorie=\"navigation\" data-gtm-custom-action=\"crossclick\" data-gtm-custom-label=\"Contextuel\" data-gtm-event=\"customEventSPE\" data-fig-domain=\"LEFIGARO\">Alexander Stubb<\/a>\u00a0a affirm\u00e9 lundi 3 novembre qu&rsquo;une \u00abnouvelle \u00e8re des armes nucl\u00e9aires\u00bb avait commenc\u00e9, apr\u00e8s les propos r\u00e9it\u00e9r\u00e9s de\u00a0<a href=\"http:\/\/www.lefigaro.fr\/flash-actu\/selon-trump-la-russie-et-la-chine-menent-des-essais-nucleaires-mais-n-en-parlent-pas-20251103\" target=\"_blank\" data-fig-type=\"NewsFlash\" rel=\"noopener\" data-gtm-custom-categorie=\"navigation\" data-gtm-custom-action=\"crossclick\" data-gtm-custom-label=\"Contextuel\" data-gtm-event=\"customEventSPE\" data-fig-domain=\"LEFIGARO\">Donald Trump<\/a>\u00a0annon\u00e7ant son intention de reprendre les\u00a0<a href=\"http:\/\/www.lefigaro.fr\/international\/la-russie-indique-que-ses-recents-tests-d-armements-n-etaient-pas-des-essais-nucleaires-20251030\" target=\"_blank\" data-fig-type=\"NewsFlash\" rel=\"noopener\" data-gtm-custom-categorie=\"navigation\" data-gtm-custom-action=\"crossclick\" data-gtm-custom-label=\"Contextuel\" data-gtm-event=\"customEventSPE\" data-fig-domain=\"LEFIGARO\">essais nucl\u00e9aires<\/a>. La \u00ablogique de dissuasion\u00bb et la \u00abstabilit\u00e9 strat\u00e9gique entre les superpuissances\u00bb sont en pleine mutation, a d\u00e9clar\u00e9 le pr\u00e9sident dans un discours prononc\u00e9 \u00e0 Helsinki. \u00abNous sommes entr\u00e9s dans une nouvelle \u00e8re en mati\u00e8re d&rsquo;armes nucl\u00e9aires, dans laquelle, malheureusement, l&rsquo;importance de ces armes ne cesse de cro\u00eetre\u00bb, a soulign\u00e9 Alexander Stubb.<\/p>\n<p class=\"fig-paragraph\">La semaine derni\u00e8re, le pr\u00e9sident am\u00e9ricain Donald Trump a suscit\u00e9 vives inqui\u00e9tudes et protestations dans le monde entier quand il a annonc\u00e9 son intention de reprendre les essais d&rsquo;armes nucl\u00e9aires, sans dire ce qu&rsquo;il projetait exactement. Le doute demeure sur son propos\u00a0: parle-t-il d&rsquo;essais d&rsquo;armes capables de porter une t\u00eate nucl\u00e9aire ou bien de la d\u00e9tonation m\u00eame d&rsquo;une charge nucl\u00e9aire, que les \u00c9tats-Unis n&rsquo;ont plus pratiqu\u00e9e depuis 1992?<\/p>\n<p>                                    <a class=\"fig-a11y-skip a11y-hidden\" href=\"#fig-a11y-skip-main-inarticle\"><br \/>\n        Passer la publicit\u00e9<br \/>\n    <\/a><\/p>\n<p class=\"fig-paragraph\">Cette d\u00e9cision intervient \u00e0 un moment o\u00f9 la rh\u00e9torique nucl\u00e9aire revient p\u00e9riodiquement au premier plan depuis l&rsquo;invasion de l&rsquo;Ukraine par la Russie en f\u00e9vrier 2022. La Russie a proc\u00e9d\u00e9 ces derniers jours \u00e0 des tests sur des armes \u00e0 propulsion nucl\u00e9aire, un drone sous-marin, le Pos\u00e9idon, et un missile russe de croisi\u00e8re, le Bourevestnik.<\/p>\n<p>Aucun essai nucl\u00e9aire en 30 ans<\/p>\n<p class=\"fig-paragraph\">Aucune puissance n&rsquo;a proc\u00e9d\u00e9 officiellement \u00e0 un essai nucl\u00e9aire depuis trois d\u00e9cennies &#8211; \u00e0 l&rsquo;exception de la Cor\u00e9e du Nord (\u00e0 six reprises entre 2006 et 2017). La Russie (alors Union sovi\u00e9tique) n&rsquo;en a plus conduit depuis 1990 et la Chine depuis 1996. Le pr\u00e9sident am\u00e9ricain a en outre assur\u00e9 dimanche que P\u00e9kin et Moscou menaient des essais nucl\u00e9aires sans les d\u00e9voiler au public &#8212; ce que la Chine a d\u00e9menti lundi &#8211; et que les \u00c9tats-Unis feraient de m\u00eame.<\/p>\n<p class=\"fig-paragraph\">\u00abComment pouvons-nous renforcer ensemble notre capacit\u00e9 de dissuasion\u00a0? Comment pouvons-nous contr\u00f4ler l&rsquo;escalade\u00a0?\u00bb sont des questions auxquelles la Finlande, petit pays qui partage une fronti\u00e8re de 1340 kilom\u00e8tres avec la Russie, doit d\u00e9sormais r\u00e9fl\u00e9chir avec ses alli\u00e9s, selon le pr\u00e9sident Stubb. Abandonnant des d\u00e9cennies de non-alignement militaire, le pays nordique a rejoint l&rsquo;alliance militaire de l&rsquo;Otan en 2023, \u00e0 la suite de l&rsquo;invasion russe de l&rsquo;Ukraine.<\/p>\n","protected":false},"excerpt":{"rendered":"Cette d\u00e9claration fait suite aux propos r\u00e9it\u00e9r\u00e9s de Donald Trump annon\u00e7ant son intention de reprendre les essais nucl\u00e9aires.&hellip;\n","protected":false},"author":2,"featured_media":508909,"comment_status":"","ping_status":"","sticky":false,"template":"","format":"standard","meta":{"footnotes":""},"categories":[5],"tags":[11,32271,219,1011,27,14,12,28],"class_list":{"0":"post-508908","1":"post","2":"type-post","3":"status-publish","4":"format-standard","5":"has-post-thumbnail","7":"category-international","8":"tag-actualites","9":"tag-essais-nucleaires","10":"tag-finlande","11":"tag-fr","12":"tag-france","13":"tag-international","14":"tag-news","15":"tag-world"},"share_on_mastodon":{"url":"https:\/\/pubeurope.com\/@fr\/115485954902838424","error":""},"_links":{"self":[{"href":"https:\/\/www.europesays.com\/fr\/wp-json\/wp\/v2\/posts\/508908","targetHints":{"allow":["GET"]}}],"collection":[{"href":"https:\/\/www.europesays.com\/fr\/wp-json\/wp\/v2\/posts"}],"about":[{"href":"https:\/\/www.europesays.com\/fr\/wp-json\/wp\/v2\/types\/post"}],"author":[{"embeddable":true,"href":"https:\/\/www.europesays.com\/fr\/wp-json\/wp\/v2\/users\/2"}],"replies":[{"embeddable":true,"href":"https:\/\/www.europesays.com\/fr\/wp-json\/wp\/v2\/comments?post=508908"}],"version-history":[{"count":0,"href":"https:\/\/www.europesays.com\/fr\/wp-json\/wp\/v2\/posts\/508908\/revisions"}],"wp:featuredmedia":[{"embeddable":true,"href":"https:\/\/www.europesays.com\/fr\/wp-json\/wp\/v2\/media\/508909"}],"wp:attachment":[{"href":"https:\/\/www.europesays.com\/fr\/wp-json\/wp\/v2\/media?parent=508908"}],"wp:term":[{"taxonomy":"category","embeddable":true,"href":"https:\/\/www.europesays.com\/fr\/wp-json\/wp\/v2\/categories?post=508908"},{"taxonomy":"post_tag","embeddable":true,"href":"https:\/\/www.europesays.com\/fr\/wp-json\/wp\/v2\/tags?post=508908"}],"curies":[{"name":"wp","href":"https:\/\/api.w.org\/{rel}","templated":true}]}}