{"id":508916,"date":"2025-11-03T13:19:28","date_gmt":"2025-11-03T13:19:28","guid":{"rendered":"https:\/\/www.europesays.com\/fr\/508916\/"},"modified":"2025-11-03T13:19:28","modified_gmt":"2025-11-03T13:19:28","slug":"des-lechauffement-on-netait-pas-dedans","status":"publish","type":"post","link":"https:\/\/www.europesays.com\/fr\/508916\/","title":{"rendered":"D\u00e8s l&rsquo;\u00e9chauffement, on n&rsquo;\u00e9tait pas dedans"},"content":{"rendered":"<p>L&rsquo;AS Saint-\u00c9tienne retombe dans ses travers. Depuis sa premi\u00e8re d\u00e9faite subie contre Guingamp le 27 septembre dernier (2-3), le club du Forez peine effectivement \u00e0 retrouver de la r\u00e9gularit\u00e9. S&rsquo;il s&rsquo;\u00e9tait repris en dominant Montpellier \u00e0 la Mosson quelques jours plus tard (2-0), il a ensuite \u00e9t\u00e9 domin\u00e9 coup sur coup par Le Mans (2-3) puis Annecy (0-4). Mais le large succ\u00e8s sur Pau \u00e0 Geoffroy-Guichard en d\u00e9but de semaine (6-0) semblait avoir remis les Verts d&rsquo;Eirik Horneland dans le droit chemin. Manqu\u00e9. Ce samedi 1er novembre, dans le cadre de la <a href=\"https:\/\/www.foot-national.com\/data\/resultat-ligue2.html\" rel=\"nofollow noopener\" target=\"_blank\">treizi\u00e8me journ\u00e9e de Ligue 2<\/a>, <a href=\"https:\/\/www.foot-national.com\/actus\/ligue-2-le-red-star-fait-tomber-saint-etienne-929146\" rel=\"nofollow noopener\" target=\"_blank\">l&rsquo;ASSE a subi la loi du Red Star au stade Bauer (1-2)<\/a>.<\/p>\n<p>\u00ab\u00a0D\u00e8s l&rsquo;\u00e9chauffement, on n&rsquo;\u00e9tait pas dedans\u00a0\u00bb<\/p>\n<p>\u00c0 l&rsquo;issue de ce choc du haut de tableau, Saint\u00e9 (3e, 23 pts) laisse l&rsquo;\u00c9toile Rouge (2e, 26 pts) lui passer devant au classement. Mais au-del\u00e0 de ce nouveau revers, le quatri\u00e8me de l&rsquo;exercice donc, ce sont surtout les attitudes qui interrogent. Apr\u00e8s le coup de sifflet final, le milieu de terrain st\u00e9phanois Florian Tardieu a confi\u00e9 avoir pressenti une mauvaise soir\u00e9e bien avant d&rsquo;en d\u00e9coudre sur le rectangle vert avec les hommes de Gr\u00e9gory Poirier.<\/p>\n<p>\u00ab\u00a0D\u00e8s l&rsquo;\u00e9chauffement, on n&rsquo;\u00e9tait pas dedans, je le sentais pas trop, a-t-il indiqu\u00e9 en zone mixte, dans des propos relay\u00e9s par <a href=\"https:\/\/www.francebleu.fr\/sports\/football\/direct-l-as-saint-etienne-se-deplace-a-saint-ouen-face-au-red-star-suivez-la-13e-journee-de-ligue-2-2997459\" rel=\"nofollow noopener\" target=\"_blank\">ici Saint-\u00c9tienne Loire<\/a>. Dans les vestiaires, j&rsquo;ai essay\u00e9 de dire aux gars qu&rsquo;il faut \u00eatre pr\u00eat, parce que je connais cette \u00e9quipe \u00e0 domicile, on sait qu&rsquo;il vont mettre de l&rsquo;intensit\u00e9 direct&#8230; Donc on est pr\u00e9venus, et au bout d&rsquo;une minute, on se met une balle dans le pied. On n&rsquo;a pas le droit\u00a0\u00bb, a souffl\u00e9 le joueur de 33 ans, qui se tourne d\u00e9sormais vers les retrouvailles avec son ancien club, l&rsquo;ESTAC. Soit l&rsquo;actuel leader du championnat (27 pts, un matchs de moins). Au stade de l&rsquo;Aube samedi prochain (20h), une r\u00e9action sera forc\u00e9ment attendue par tout le peuple vert &#8230;<\/p>\n<p><a href=\"https:\/\/www.foot-national.com\/data\/classement-ligue2.html\" rel=\"nofollow noopener\" target=\"_blank\">Ligue 2 : le classement<\/a><\/p>\n<p>Partagez cette info avec vos amis et vos proches en cliquant ici<br \/>Pour r\u00e9sumer<\/p>\n<p>Le milieu de terrain d\u00e9fensif de l&rsquo;AS Saint-\u00c9tienne Florian Tardieu s&rsquo;est exprim\u00e9 apr\u00e8s la nouvelle d\u00e9faite subie par les Verts en Ligue 2 ce samedi 1er novembre. Les joueurs du Forez se sont inclin\u00e9s sur la pelouse du Red Star (1-2).<\/p>\n<p> <img decoding=\"async\" width=\"76\" height=\"76\" loading=\"lazy\" src=\"https:\/\/www.europesays.com\/fr\/wp-content\/uploads\/2025\/04\/logo-florian-sermaise.jpg\" alt=\"Florian Sermaise\"\/><\/p>\n","protected":false},"excerpt":{"rendered":"L&rsquo;AS Saint-\u00c9tienne retombe dans ses travers. Depuis sa premi\u00e8re d\u00e9faite subie contre Guingamp le 27 septembre dernier (2-3),&hellip;\n","protected":false},"author":2,"featured_media":508917,"comment_status":"","ping_status":"","sticky":false,"template":"","format":"standard","meta":{"footnotes":""},"categories":[9653],"tags":[1111,11,2430,1777,674,1011,27,59995,12,25,4001],"class_list":{"0":"post-508916","1":"post","2":"type-post","3":"status-publish","4":"format-standard","5":"has-post-thumbnail","7":"category-saint-etienne","8":"tag-actu","9":"tag-actualites","10":"tag-auvergne-rhone-alpes","11":"tag-eu","12":"tag-europe","13":"tag-fr","14":"tag-france","15":"tag-ligue-2-actus","16":"tag-news","17":"tag-republique-francaise","18":"tag-saint-etienne"},"share_on_mastodon":{"url":"https:\/\/pubeurope.com\/@fr\/115485971238076642","error":""},"_links":{"self":[{"href":"https:\/\/www.europesays.com\/fr\/wp-json\/wp\/v2\/posts\/508916","targetHints":{"allow":["GET"]}}],"collection":[{"href":"https:\/\/www.europesays.com\/fr\/wp-json\/wp\/v2\/posts"}],"about":[{"href":"https:\/\/www.europesays.com\/fr\/wp-json\/wp\/v2\/types\/post"}],"author":[{"embeddable":true,"href":"https:\/\/www.europesays.com\/fr\/wp-json\/wp\/v2\/users\/2"}],"replies":[{"embeddable":true,"href":"https:\/\/www.europesays.com\/fr\/wp-json\/wp\/v2\/comments?post=508916"}],"version-history":[{"count":0,"href":"https:\/\/www.europesays.com\/fr\/wp-json\/wp\/v2\/posts\/508916\/revisions"}],"wp:featuredmedia":[{"embeddable":true,"href":"https:\/\/www.europesays.com\/fr\/wp-json\/wp\/v2\/media\/508917"}],"wp:attachment":[{"href":"https:\/\/www.europesays.com\/fr\/wp-json\/wp\/v2\/media?parent=508916"}],"wp:term":[{"taxonomy":"category","embeddable":true,"href":"https:\/\/www.europesays.com\/fr\/wp-json\/wp\/v2\/categories?post=508916"},{"taxonomy":"post_tag","embeddable":true,"href":"https:\/\/www.europesays.com\/fr\/wp-json\/wp\/v2\/tags?post=508916"}],"curies":[{"name":"wp","href":"https:\/\/api.w.org\/{rel}","templated":true}]}}