{"id":508931,"date":"2025-11-03T13:31:26","date_gmt":"2025-11-03T13:31:26","guid":{"rendered":"https:\/\/www.europesays.com\/fr\/508931\/"},"modified":"2025-11-03T13:31:26","modified_gmt":"2025-11-03T13:31:26","slug":"les-rendez-vous-a-ne-pas-manquer","status":"publish","type":"post","link":"https:\/\/www.europesays.com\/fr\/508931\/","title":{"rendered":"les rendez-vous \u00e0 ne pas manquer"},"content":{"rendered":"<p> \u25b6 \u2002 Mercredi 5\u00a0novembre \u00e0 15\u00a0h\u00a030\u00a0: atelier \u201cSpectraquiz, exp\u00e9riences scientifiques insolites\u201d. Le cycle d\u2019ateliers autour de l\u2019esprit critique continue \u00e0 la biblioth\u00e8que avec l\u2019association Mythodologie. Les passionn\u00e9s de sciences, les curieux et m\u00eame les sceptiques d\u00e9couvriront la m\u00e9thode scientifique \u00e0 travers des ateliers ludiques. Ouvert \u00e0 tous d\u00e8s 8 ans.<\/p>\n<p> \u25b6 Samedi 8\u00a0novembre \u00e0 10\u00a0h\u00a0: \u201cEnfantines\u201d. Des lectures, des comptines, des jeux de doigts et des histoires tendres pour \u00e9veiller les sens et l\u2019imaginaire des tout-petits \u00e0 partir de 18 mois. Dur\u00e9e\u00a0: 20\u00a0minutes. Entr\u00e9e libre.<\/p>\n<p> \u25b6 Mardi 18\u00a0novembre \u00e0 17\u00a0h\u00a0: atelier d\u2019\u00e9criture po\u00e9tique avec C\u00e9line Dumas. Un temps de cr\u00e9ation autour du th\u00e8me des femmes au travail en lien avec l\u2019exposition en cours Les femmes au travail \u2013 3 pas en avant, 2 pas en arri\u00e8re. Cet atelier sera suivi du vernissage de l\u2019exposition. Sans inscription.<\/p>\n<p> \u25b6 \u2002 Mercredi 12\u00a0novembre \u00e0 18\u00a0h\u00a030\u00a0: projection du film Via Alpina, sur les pas des pionni\u00e8res. Une aventure exceptionnelle\u00a0: 2\u00a0150\u00a0km \u00e0 pied \u00e0 travers les Alpes sur les traces des femmes exploratrices. La projection sera suivie d\u2019un \u00e9change avec la r\u00e9alisatrice Zo\u00e9 Lema\u00eetre (lire par ailleurs). Entr\u00e9e libre.<\/p>\n<p> \u25b6 \u2002 Mercredi 19\u00a0novembre \u00e0 18\u00a0h\u00a000\u00a0: club lecteurs (adultes), pour partager des coups de c\u0153ur du moment (livres, musique, cin\u00e9ma, s\u00e9ries\u2026) dans une ambiance conviviale.<\/p>\n<p> \u25b6 \u2002 Samedi 22\u00a0novembre \u00e0 9\u00a0h\u00a030\u00a0: Imagin\u2019ados. Pour les jeunes \u00e0 partir de 12 ans, \u00e9changes autour des lectures, BD, mangas, films, jeux vid\u00e9o.<\/p>\n<p> \u25b6 \u2002 Du 4 au 29\u00a0novembre\u00a0: exposition Les femmes au travail \u2013 3 pas en avant, 2 pas en arri\u00e8re. Une exposition sensible et document\u00e9e sur la place des femmes dans le monde professionnel \u00e0 travers l\u2019histoire et les arts. Entr\u00e9e libre aux heures d\u2019ouverture de la biblioth\u00e8que.<\/p>\n<p class=\"note\">Biblioth\u00e8que Aragon \u2013 place Michel-Cou\u00ebtoux au Pont-de-Claix. T\u00e9l.\u00a004\u00a076\u00a029\u00a080\u00a095\u00a0; mail\u00a0: bibliotheque@ville-pontdeclaix.fr Heures d\u2019ouverture\u00a0: mardi\u00a015\u00a0h-18h30\u00a0; mercredi\u00a09\u00a0h\u00a030-12\u00a0h\u00a030 et 15\u00a0h-18\u00a0h\u00a030\u00a0; vendredi\u00a015\u00a0h-18h30\u00a0; samedi\u00a09\u00a0h\u00a030-13\u00a0h.<\/p>\n<p class=\"insetTitle\">Sur les traces des pionni\u00e8res de la montagne<\/p>\n<p>Parmi ses rendez-vous de novembre, la biblioth\u00e8que Aragon du Pont-de-Claix invite donc \u00e0 d\u00e9couvrir le film documentaire remarquable\u00a0Via Alpina, sur les pas des pionni\u00e8res\u00a0, mercredi 12\u00a0novembre, dont la projection sera suivie d\u2019une rencontre avec sa r\u00e9alisatrice, Zo\u00e9 Lemaitre.<\/p>\n<p>Des trajectoires f\u00e9minines inspirantes<\/p>\n<p>Jeune r\u00e9alisatrice et aventuri\u00e8re originaire de la r\u00e9gion grenobloise, Zo\u00e9 Lema\u00eetre s\u2019est lanc\u00e9e en 2023 dans une travers\u00e9e hors du commun\u00a0: 2\u00a0150\u00a0km \u00e0 pied, en solitaire, \u00e0 travers les huit pays de l\u2019arc alpin, de la Slov\u00e9nie jusqu\u2019\u00e0 Monaco. En 120 jours et plus de 135\u00a0000 m\u00e8tres de d\u00e9nivel\u00e9 positif, elle a reli\u00e9 refuges, villages et sommets pour aller \u00e0 la rencontre de femmes professionnelles de la montagne\u00a0: gardiennes de refuge, guides de haute montagne, berg\u00e8res, secouristes, monitrices ou championnes,\u00a0etc. De cette aventure est n\u00e9 le film documentaire\u00a0Via Alpina, sur les pas des pionni\u00e8res\u00a0, qui n\u2019est pas qu\u2019un film de montagne aux paysages grandioses. Cette \u0153uvre met en lumi\u00e8re des trajectoires f\u00e9minines inspirantes dans un univers majoritairement masculin. Zo\u00e9 Lemaitre y questionne la place des femmes en montagne, la solitude, la peur, la relation \u00e0 la nature sauvage, mais aussi les bouleversements environnementaux et la transformation des Alpes face au d\u00e9r\u00e8glement climatique.<\/p>\n","protected":false},"excerpt":{"rendered":"\u25b6 \u2002 Mercredi 5\u00a0novembre \u00e0 15\u00a0h\u00a030\u00a0: atelier \u201cSpectraquiz, exp\u00e9riences scientifiques insolites\u201d. Le cycle d\u2019ateliers autour de l\u2019esprit critique&hellip;\n","protected":false},"author":2,"featured_media":508932,"comment_status":"","ping_status":"","sticky":false,"template":"","format":"standard","meta":{"footnotes":""},"categories":[9566],"tags":[1111,11,2430,1687,113,1777,674,1011,27,2731,7000,3294,2410,12,25],"class_list":{"0":"post-508931","1":"post","2":"type-post","3":"status-publish","4":"format-standard","5":"has-post-thumbnail","7":"category-grenoble","8":"tag-actu","9":"tag-actualites","10":"tag-auvergne-rhone-alpes","11":"tag-culture-loisirs","12":"tag-edition-gresivaudan-oisans","13":"tag-eu","14":"tag-europe","15":"tag-fr","16":"tag-france","17":"tag-grenoble","18":"tag-lagglomeration","19":"tag-le-pont-de-claix","20":"tag-livres-bd","21":"tag-news","22":"tag-republique-francaise"},"share_on_mastodon":{"url":"https:\/\/pubeurope.com\/@fr\/115486017848005735","error":""},"_links":{"self":[{"href":"https:\/\/www.europesays.com\/fr\/wp-json\/wp\/v2\/posts\/508931","targetHints":{"allow":["GET"]}}],"collection":[{"href":"https:\/\/www.europesays.com\/fr\/wp-json\/wp\/v2\/posts"}],"about":[{"href":"https:\/\/www.europesays.com\/fr\/wp-json\/wp\/v2\/types\/post"}],"author":[{"embeddable":true,"href":"https:\/\/www.europesays.com\/fr\/wp-json\/wp\/v2\/users\/2"}],"replies":[{"embeddable":true,"href":"https:\/\/www.europesays.com\/fr\/wp-json\/wp\/v2\/comments?post=508931"}],"version-history":[{"count":0,"href":"https:\/\/www.europesays.com\/fr\/wp-json\/wp\/v2\/posts\/508931\/revisions"}],"wp:featuredmedia":[{"embeddable":true,"href":"https:\/\/www.europesays.com\/fr\/wp-json\/wp\/v2\/media\/508932"}],"wp:attachment":[{"href":"https:\/\/www.europesays.com\/fr\/wp-json\/wp\/v2\/media?parent=508931"}],"wp:term":[{"taxonomy":"category","embeddable":true,"href":"https:\/\/www.europesays.com\/fr\/wp-json\/wp\/v2\/categories?post=508931"},{"taxonomy":"post_tag","embeddable":true,"href":"https:\/\/www.europesays.com\/fr\/wp-json\/wp\/v2\/tags?post=508931"}],"curies":[{"name":"wp","href":"https:\/\/api.w.org\/{rel}","templated":true}]}}