{"id":508941,"date":"2025-11-03T13:36:16","date_gmt":"2025-11-03T13:36:16","guid":{"rendered":"https:\/\/www.europesays.com\/fr\/508941\/"},"modified":"2025-11-03T13:36:16","modified_gmt":"2025-11-03T13:36:16","slug":"une-candidate-rn-se-plaint-de-la-salete-en-ville-en-utilisant-des-images-creees-par-lia","status":"publish","type":"post","link":"https:\/\/www.europesays.com\/fr\/508941\/","title":{"rendered":"Une candidate RN se plaint de la salet\u00e9 en ville en utilisant des images cr\u00e9\u00e9es par l\u2019IA"},"content":{"rendered":"<p>Elle se dit \u00ab\u00a0atterr\u00e9e de voir que la ville s\u2019est autant d\u00e9grad\u00e9e en si peu de temps\u00a0\u00bb. Pour accompagner l\u2019annonce de sa candidature \u00e0 la mairie de <a href=\"https:\/\/www.20minutes.fr\/strasbourg\/\" class=\"c-link c-link--is-underlined\" target=\"_blank\" rel=\"noopener\">Strasbourg<\/a>, Virginie Joron (<a href=\"https:\/\/www.20minutes.fr\/politique\/rassemblement-national\/\" class=\"c-link c-link--is-underlined\" target=\"_blank\" rel=\"noopener\">RN<\/a>) a mis en ligne sur les <a href=\"https:\/\/www.20minutes.fr\/dossier\/reseaux_sociaux\" class=\"c-link c-link--is-underlined\" target=\"_blank\" rel=\"noopener\">r\u00e9seaux sociaux<\/a> une vid\u00e9o o\u00f9 elle d\u00e9nonce la salet\u00e9 de la pr\u00e9fecture du <a href=\"https:\/\/www.20minutes.fr\/dossier\/bas_rhin\" class=\"c-link c-link--is-underlined\" target=\"_blank\" rel=\"noopener\">Bas-Rhin<\/a>. Sauf qu\u2019\u00e0 l\u2019exception d\u2019un premier passage tourn\u00e9 place du march\u00e9 du Temple-Neuf, la vid\u00e9o est un condens\u00e9 d\u2019images invent\u00e9es par l\u2019<a href=\"https:\/\/www.20minutes.fr\/dossier\/intelligence_artificielle\" class=\"c-link c-link--is-underlined\" target=\"_blank\" rel=\"noopener\">intelligence artificielle<\/a>, souligne <a href=\"https:\/\/www.20minutes.fr\/television\/france_televisions\/\" class=\"c-link c-link--is-underlined\" target=\"_blank\" rel=\"noopener\">France T\u00e9l\u00e9visions<\/a>.<\/p>\n<p>Le plus lunaire dans cette histoire est sans doute la r\u00e9ponse de la candidate lorsqu\u2019elle a \u00e9t\u00e9 interrog\u00e9e par nos confr\u00e8res. \u00ab\u00a0L\u2019intelligence artificielle me passionne, pour moi c\u2019est la modernit\u00e9. J\u2019entends bien qu\u2019il y a des gens qui sont contre la modernit\u00e9, mais c\u2019est comme \u00e7a. En tout cas, il n\u2019y avait aucune intention malveillante, aucune volont\u00e9 de tronquer\u00a0: c\u2019\u00e9tait une fa\u00e7on d\u2019utiliser des images am\u00e9lior\u00e9es.\u00a0\u00bb<\/p>\n<p>Elle avait vot\u00e9 une loi encadrant les usages de l\u2019IA au parlement europ\u00e9en<\/p>\n<p>La candidate trouve donc parfaitement logique et justifi\u00e9 d\u2019utiliser des images inexistantes pour justifier ses accusations. Cette m\u00eame candidate qui est \u00e9lue au parlement europ\u00e9en et a vot\u00e9 la premi\u00e8re loi encadrant les usages de l\u2019intelligence artificielle au monde\u2026 mais il est vrai, rappelle France T\u00e9l\u00e9visions avec humour, que \u00ab\u00a0cette loi ne contient aucune mesure contre la d\u00e9sinformation aliment\u00e9e par l\u2019IA.\u00a0\u00bb<\/p>\n<\/p>\n<p>Alors qu\u2019elle envisageait de faire d\u2019autres vid\u00e9os \u00ab\u00a0avec des images IA\u00a0\u00bb, les r\u00e9actions suscit\u00e9es par l\u2019article de France T\u00e9l\u00e9visions l\u2019ont finalement d\u00e9cid\u00e9e \u00e0 supprimer sa vid\u00e9o pour en publier une autre. Avec de vraies images des Strasbourg cette fois\u2026<\/p>\n","protected":false},"excerpt":{"rendered":"Elle se dit \u00ab\u00a0atterr\u00e9e de voir que la ville s\u2019est autant d\u00e9grad\u00e9e en si peu de temps\u00a0\u00bb. Pour&hellip;\n","protected":false},"author":2,"featured_media":508942,"comment_status":"","ping_status":"","sticky":false,"template":"","format":"standard","meta":{"footnotes":""},"categories":[2820],"tags":[1111,47,11,2389,2649,1777,674,842,1011,27,2400,775,3995,12,8552,25,104,640],"class_list":{"0":"post-508941","1":"post","2":"type-post","3":"status-publish","4":"format-standard","5":"has-post-thumbnail","7":"category-strasbourg","8":"tag-actu","9":"tag-actualite","10":"tag-actualites","11":"tag-alsace","12":"tag-bas-rhin","13":"tag-eu","14":"tag-europe","15":"tag-fake-news","16":"tag-fr","17":"tag-france","18":"tag-france-televisions","19":"tag-grand-est","20":"tag-intelligence-artificielle-ia","21":"tag-news","22":"tag-parlement-europeen","23":"tag-republique-francaise","24":"tag-societe","25":"tag-strasbourg"},"share_on_mastodon":{"url":"https:\/\/pubeurope.com\/@fr\/115486037704549851","error":""},"_links":{"self":[{"href":"https:\/\/www.europesays.com\/fr\/wp-json\/wp\/v2\/posts\/508941","targetHints":{"allow":["GET"]}}],"collection":[{"href":"https:\/\/www.europesays.com\/fr\/wp-json\/wp\/v2\/posts"}],"about":[{"href":"https:\/\/www.europesays.com\/fr\/wp-json\/wp\/v2\/types\/post"}],"author":[{"embeddable":true,"href":"https:\/\/www.europesays.com\/fr\/wp-json\/wp\/v2\/users\/2"}],"replies":[{"embeddable":true,"href":"https:\/\/www.europesays.com\/fr\/wp-json\/wp\/v2\/comments?post=508941"}],"version-history":[{"count":0,"href":"https:\/\/www.europesays.com\/fr\/wp-json\/wp\/v2\/posts\/508941\/revisions"}],"wp:featuredmedia":[{"embeddable":true,"href":"https:\/\/www.europesays.com\/fr\/wp-json\/wp\/v2\/media\/508942"}],"wp:attachment":[{"href":"https:\/\/www.europesays.com\/fr\/wp-json\/wp\/v2\/media?parent=508941"}],"wp:term":[{"taxonomy":"category","embeddable":true,"href":"https:\/\/www.europesays.com\/fr\/wp-json\/wp\/v2\/categories?post=508941"},{"taxonomy":"post_tag","embeddable":true,"href":"https:\/\/www.europesays.com\/fr\/wp-json\/wp\/v2\/tags?post=508941"}],"curies":[{"name":"wp","href":"https:\/\/api.w.org\/{rel}","templated":true}]}}