{"id":508961,"date":"2025-11-03T13:48:11","date_gmt":"2025-11-03T13:48:11","guid":{"rendered":"https:\/\/www.europesays.com\/fr\/508961\/"},"modified":"2025-11-03T13:48:11","modified_gmt":"2025-11-03T13:48:11","slug":"un-automobiliste-revient-sur-les-lieux-dun-accident-de-la-circulation-a-marseille-muni-dune-arme-factice","status":"publish","type":"post","link":"https:\/\/www.europesays.com\/fr\/508961\/","title":{"rendered":"Un automobiliste revient sur les lieux d&rsquo;un accident de la circulation \u00e0 Marseille&#8230; muni d&rsquo;une arme factice"},"content":{"rendered":"<p>Un \u00e9quipage de la Brigade anticriminalit\u00e9 (<a href=\"https:\/\/www.laprovence.com\/article\/faits-divers-justice\/16123400606189\/la-bac-en-premiere-ligne-a-marseille-quand-le-danger-vient-de-la-cuisine\" target=\"_blank\" rel=\"noopener\">Bac<\/a>) patrouillait dans le 15e arrondissement de Marseille dimanche 2 novembre au soir, lorsque les fonctionnaires sont tomb\u00e9s sur un accident de la circulation <a href=\"https:\/\/www.laprovence.com\/article\/societe\/1985299190791714\/a-marseille-une-nouvelle-grande-operation-de-nettoyage-de-lavenue-felix-zoccola\" target=\"_blank\" rel=\"noopener\">avenue F\u00e9lix Zoccola<\/a>.<\/p>\n<p>Les deux automobilistes impliqu\u00e9s dans la collision en \u00e9tant aux constatations et les choses semblant se passer normalement, les fonctionnaires ont quitt\u00e9 les lieux alors que l&rsquo;un des propri\u00e9taires des v\u00e9hicules accident\u00e9s attendait sur place qu&rsquo;on vienne faire remorquer sa voiture.<\/p>\n<p>L&rsquo;arme de poing \u00e9tait factice<\/p>\n<p>Mais ils ont vite \u00e9t\u00e9 rappel\u00e9s pour revenir d&rsquo;urgence avenue Zoccola. Le second automobiliste \u00e9tait en effet revenu sur les lieux de <a href=\"https:\/\/www.laprovence.com\/article\/faits-divers-justice\/116409548653615\/une-tentative-de-vol-a-la-ciotat-se-termine-en-course-poursuite-sur-30-km-5-policiers-blesses\" target=\"_blank\" rel=\"noopener\">l&rsquo;accident<\/a> muni d&rsquo;une arme avec laquelle il mena\u00e7ait le premier conducteur.<\/p>\n<p>Si l&rsquo;arme de poing s&rsquo;est av\u00e9r\u00e9e \u00eatre une <a href=\"https:\/\/www.laprovence.com\/article\/faits-divers-justice\/1351861405648614\/un-fusil-dassaut-cree-la-panique-a-bedarrides-2-ados-arretes-avec-une-arme-factice-gagnee-a-la-fete-foraine\" target=\"_blank\" rel=\"noopener\">r\u00e9plique<\/a>, l&rsquo;individu a \u00e9t\u00e9 interpell\u00e9 et plac\u00e9 en garde \u00e0 vue.<\/p>\n","protected":false},"excerpt":{"rendered":"Un \u00e9quipage de la Brigade anticriminalit\u00e9 (Bac) patrouillait dans le 15e arrondissement de Marseille dimanche 2 novembre au&hellip;\n","protected":false},"author":2,"featured_media":508962,"comment_status":"","ping_status":"","sticky":false,"template":"","format":"standard","meta":{"footnotes":""},"categories":[2814],"tags":[17,119,1111,11,15738,2837,1777,674,274,1011,27,151,9692,884,12,882,25,14173,3356],"class_list":{"0":"post-508961","1":"post","2":"type-post","3":"status-publish","4":"format-standard","5":"has-post-thumbnail","7":"category-marseille","8":"tag-17","9":"tag-accident","10":"tag-actu","11":"tag-actualites","12":"tag-automobiliste","13":"tag-dun","14":"tag-eu","15":"tag-europe","16":"tag-faits-divers-justice","17":"tag-fr","18":"tag-france","19":"tag-les","20":"tag-lieux","21":"tag-marseille","22":"tag-news","23":"tag-provence-alpes-cote-dazur","24":"tag-republique-francaise","25":"tag-revient","26":"tag-sur"},"share_on_mastodon":{"url":"https:\/\/pubeurope.com\/@fr\/115486084831976425","error":""},"_links":{"self":[{"href":"https:\/\/www.europesays.com\/fr\/wp-json\/wp\/v2\/posts\/508961","targetHints":{"allow":["GET"]}}],"collection":[{"href":"https:\/\/www.europesays.com\/fr\/wp-json\/wp\/v2\/posts"}],"about":[{"href":"https:\/\/www.europesays.com\/fr\/wp-json\/wp\/v2\/types\/post"}],"author":[{"embeddable":true,"href":"https:\/\/www.europesays.com\/fr\/wp-json\/wp\/v2\/users\/2"}],"replies":[{"embeddable":true,"href":"https:\/\/www.europesays.com\/fr\/wp-json\/wp\/v2\/comments?post=508961"}],"version-history":[{"count":0,"href":"https:\/\/www.europesays.com\/fr\/wp-json\/wp\/v2\/posts\/508961\/revisions"}],"wp:featuredmedia":[{"embeddable":true,"href":"https:\/\/www.europesays.com\/fr\/wp-json\/wp\/v2\/media\/508962"}],"wp:attachment":[{"href":"https:\/\/www.europesays.com\/fr\/wp-json\/wp\/v2\/media?parent=508961"}],"wp:term":[{"taxonomy":"category","embeddable":true,"href":"https:\/\/www.europesays.com\/fr\/wp-json\/wp\/v2\/categories?post=508961"},{"taxonomy":"post_tag","embeddable":true,"href":"https:\/\/www.europesays.com\/fr\/wp-json\/wp\/v2\/tags?post=508961"}],"curies":[{"name":"wp","href":"https:\/\/api.w.org\/{rel}","templated":true}]}}