{"id":508963,"date":"2025-11-03T13:49:17","date_gmt":"2025-11-03T13:49:17","guid":{"rendered":"https:\/\/www.europesays.com\/fr\/508963\/"},"modified":"2025-11-03T13:49:17","modified_gmt":"2025-11-03T13:49:17","slug":"lartiste-mouriesen-michel-stefanini-expose-son-oeuvre-dans-la-cite-phoceenne","status":"publish","type":"post","link":"https:\/\/www.europesays.com\/fr\/508963\/","title":{"rendered":"l&rsquo;artiste mouri\u00e8sen Michel Stefanini expose son \u0153uvre dans la cit\u00e9 phoc\u00e9enne"},"content":{"rendered":"<p>Raconter <a href=\"https:\/\/www.laprovence.com\/article\/region\/30736138521265\/le-musee-provencal-de-mouries-sort-de-sa-reserve-grace-aux-arlesiennes\" target=\"_blank\" rel=\"noopener\">Michel Stefanini<\/a> est plus qu\u2019un d\u00e9fi, c\u2019est une mission impossible. Les mots, les images, sons ou encore m\u00e9taphores qui eussent pu nous permettre de le faire \u2013 avec objectivit\u00e9 \u2014 n\u2019existent toujours pas. Nous nous efforcerons donc de tenter ici de le d\u00e9crire, en pleine conscience des limites auxquelles, contrairement \u00e0 lui, nous ob\u00e9issons.<\/p>\n<p>Ainsi, le voil\u00e0 tour \u00e0 tour peintre, photographe, cr\u00e9ateur sonore, po\u00e8te visuel, plasticien, sculpteur et \u2013 pourquoi pas \u2014 philosophe. Du 6\u00a0novembre au 26\u00a0d\u00e9cembre\u00a02025, la mairie des 9e et 10e arrondissements de Marseille accueille son exposition immersive Amour Marseille \u00c0 Mort. \u00c0 cette occasion, para\u00eetra l\u2019ouvrage \u00e9ponyme aux \u00e9ditions Pascale Inina, pr\u00e9sent\u00e9 et d\u00e9dicac\u00e9 par l\u2019artiste.<\/p>\n<p>Une trentaine d\u2019\u0153uvres expos\u00e9es<\/p>\n<p>Peintures, photographies, installations, cr\u00e9ations sonores et vid\u00e9ogrammes composent cette travers\u00e9e sensorielle et po\u00e9tique. Un voyage intime et chaotique dans les entrailles de <a href=\"https:\/\/www.laprovence.com\/article\/faits-divers-justice\/1088756783453715\/agressions-au-couteau-en-serie-a-marseille-et-arles-pendant-ce-week-end-de-la-toussaint\" target=\"_blank\" rel=\"noopener\">Marseille<\/a>. Une trentaine d\u2019\u0153uvres sont r\u00e9parties entre le parvis, le hall et la grande salle de Maison Blanche.<\/p>\n<p>Pendant deux mois, l\u2019auteur nous guidera dans une ville baroque, sauvage et \u00e9trange, bord\u00e9e de son infinie M\u00e9diterran\u00e9e. De la relation &#8230;<\/p>\n","protected":false},"excerpt":{"rendered":"Raconter Michel Stefanini est plus qu\u2019un d\u00e9fi, c\u2019est une mission impossible. Les mots, les images, sons ou encore&hellip;\n","protected":false},"author":2,"featured_media":508964,"comment_status":"","ping_status":"","sticky":false,"template":"","format":"standard","meta":{"footnotes":""},"categories":[2814],"tags":[17,1111,11,1376,1777,674,1011,27,12420,884,3103,18,63049,12,882,16,25,63050],"class_list":{"0":"post-508963","1":"post","2":"type-post","3":"status-publish","4":"format-standard","5":"has-post-thumbnail","7":"category-marseille","8":"tag-17","9":"tag-actu","10":"tag-actualites","11":"tag-amour","12":"tag-eu","13":"tag-europe","14":"tag-fr","15":"tag-france","16":"tag-lartiste","17":"tag-marseille","18":"tag-michel","19":"tag-mort","20":"tag-mouriesen","21":"tag-news","22":"tag-provence-alpes-cote-dazur","23":"tag-region","24":"tag-republique-francaise","25":"tag-stefanini"},"share_on_mastodon":{"url":"https:\/\/pubeurope.com\/@fr\/115486088928770859","error":""},"_links":{"self":[{"href":"https:\/\/www.europesays.com\/fr\/wp-json\/wp\/v2\/posts\/508963","targetHints":{"allow":["GET"]}}],"collection":[{"href":"https:\/\/www.europesays.com\/fr\/wp-json\/wp\/v2\/posts"}],"about":[{"href":"https:\/\/www.europesays.com\/fr\/wp-json\/wp\/v2\/types\/post"}],"author":[{"embeddable":true,"href":"https:\/\/www.europesays.com\/fr\/wp-json\/wp\/v2\/users\/2"}],"replies":[{"embeddable":true,"href":"https:\/\/www.europesays.com\/fr\/wp-json\/wp\/v2\/comments?post=508963"}],"version-history":[{"count":0,"href":"https:\/\/www.europesays.com\/fr\/wp-json\/wp\/v2\/posts\/508963\/revisions"}],"wp:featuredmedia":[{"embeddable":true,"href":"https:\/\/www.europesays.com\/fr\/wp-json\/wp\/v2\/media\/508964"}],"wp:attachment":[{"href":"https:\/\/www.europesays.com\/fr\/wp-json\/wp\/v2\/media?parent=508963"}],"wp:term":[{"taxonomy":"category","embeddable":true,"href":"https:\/\/www.europesays.com\/fr\/wp-json\/wp\/v2\/categories?post=508963"},{"taxonomy":"post_tag","embeddable":true,"href":"https:\/\/www.europesays.com\/fr\/wp-json\/wp\/v2\/tags?post=508963"}],"curies":[{"name":"wp","href":"https:\/\/api.w.org\/{rel}","templated":true}]}}