{"id":508965,"date":"2025-11-03T13:50:13","date_gmt":"2025-11-03T13:50:13","guid":{"rendered":"https:\/\/www.europesays.com\/fr\/508965\/"},"modified":"2025-11-03T13:50:13","modified_gmt":"2025-11-03T13:50:13","slug":"lyon-on-connait-les-noms-de-deux-nouveaux-personnages-qui-vont-rejoindre-la-fresque-des-lyonnais","status":"publish","type":"post","link":"https:\/\/www.europesays.com\/fr\/508965\/","title":{"rendered":"Lyon. On conna\u00eet les noms de deux nouveaux personnages qui vont rejoindre la Fresque des Lyonnais"},"content":{"rendered":"<p>La fresque la plus connue de la ville va bient\u00f4t s&rsquo;enrichir de nouveaux personnages. Dans le cadre d&rsquo;une immense r\u00e9novation, six personnalit\u00e9s vont rejoindre la c\u00e9l\u00e8bre Fresque des Lyonnais, situ\u00e9e rue de la Martini\u00e8re, pr\u00e8s des quais de Sa\u00f4ne.\u00a0<\/p>\n<p>Les muralistes de Cit\u00e9 Cr\u00e9ation, \u00e0 l&rsquo;origine de l&rsquo;oeuvre, entendent r\u00e9am\u00e9nager la mise en sc\u00e8ne de cette fa\u00e7ade en trompe-l\u2019\u0153il, en d\u00e9pla\u00e7ant dans les \u00e9tages certaines des personnalit\u00e9s existantes figurant jusqu\u2019alors au rez-de-chauss\u00e9e de la peinture. Les personnages actuellement au rez-de-chauss\u00e9e \u00e9tant tous d\u00e9c\u00e9d\u00e9s (<a href=\"https:\/\/www.leprogres.fr\/p\/bernard-lacombe\" target=\"_blank\" rel=\"noopener\">Bernard Lacombe<\/a>, Fr\u00e9d\u00e9ric Dard, <a href=\"https:\/\/www.leprogres.fr\/p\/paul-bocuse\" target=\"_blank\" rel=\"noopener\">Paul Bocuse<\/a>&#8230;), l&rsquo;id\u00e9e est d&rsquo;en ajouter de nouveaux \u00e0 la place.<\/p>\n<p>Ce contenu est bloqu\u00e9 car vous n&rsquo;avez pas accept\u00e9 les cookies et autres traceurs.<\/p>\n<p>En cliquant sur \u00ab J\u2019accepte \u00bb, les cookies et autres traceurs seront d\u00e9pos\u00e9s et vous pourrez visualiser les contenus  (<a href=\"\" class=\"consentModule_policy\" target=\"_blank\" title=\"Consulter la politique de protection des donn\u00e9es du fournisseur\">plus d&rsquo;informations<\/a>).<\/p>\n<p>En cliquant sur \u00ab J\u2019accepte tous les cookies \u00bb, vous autorisez des d\u00e9p\u00f4ts de cookies et autres traceurs pour le stockage de vos donn\u00e9es sur nos sites et applications \u00e0 des fins de personnalisation et de ciblage publicitaire.<\/p>\n<p class=\"consentModule_secondaryText\">Vous gardez la possibilit\u00e9 de retirer votre consentement \u00e0 tout moment en consultant notre <a href=\"https:\/\/www.leprogres.fr\/protection-des-donnees\" target=\"_blank\" title=\"Consulter notre politique de protection des donn\u00e9es\" rel=\"noopener\">politique de protection des donn\u00e9es<\/a>. <br \/>&#13;<br \/>\n            <a href=\"https:\/\/www.leprogres.fr\/culture-loisirs\/2025\/11\/03\/javascript:Didomi.notice.show()\" class=\"consentModule_cmp\" target=\"_blank\" rel=\"noopener\">G\u00e9rer mes choix<\/a>&#13;\n        <\/p>\n<p>&#13;<br \/>\n                        J&rsquo;accepte&#13;<br \/>\n            J&rsquo;accepte tous les cookies&#13;\n        <\/p>\n<p>  4 500 r\u00e9ponses au vote<\/p>\n<p>Les artistes \u00e0 l&rsquo;origine de l&rsquo;oeuvre avaient lanc\u00e9 un appel aux Lyonnais pour d\u00e9terminer les personnages \u00e0 ajouter sur la peinture murale. <a href=\"https:\/\/www.leprogres.fr\/culture-loisirs\/2025\/10\/29\/aulas-biolay-gerra-noir-ou-renard-quels-nouveaux-visages-s-afficheront-sur-la-fresque-des-lyonnais\" target=\"_blank\" rel=\"noopener\">Quelque 4 500 r\u00e9ponses avaient \u00e9t\u00e9 donn\u00e9es <\/a>en retour. Parmi les plus populaires, <a href=\"https:\/\/www.leprogres.fr\/p\/jean-michel-aulas\" target=\"_blank\" rel=\"noopener\">Jean-Michel Aulas<\/a>, <a href=\"https:\/\/www.leprogres.fr\/p\/wendie-renard\" target=\"_blank\" rel=\"noopener\">Wendie Renard<\/a> ou encore <a href=\"https:\/\/www.leprogres.fr\/p\/benjamin-biolay\" target=\"_blank\" rel=\"noopener\">Benjamin Biolay<\/a>.<\/p>\n<p>Sur les six noms attendus, deux ont \u00e9t\u00e9 annonc\u00e9s ce lundi midi. Un homme et une femme. Il s&rsquo;agit de l&rsquo;humoriste <strong><a href=\"https:\/\/www.leprogres.fr\/p\/laurent-gerra\" target=\"_blank\" rel=\"noopener\">Laurent Gerra<\/a><\/strong> et de la footballeuse <strong>Wendie Renard<\/strong>.<\/p>\n<p>Des personnalit\u00e9s vivantes<\/p>\n<p>Le vote, clos d\u00e9finitivement en juin dernier, avait permis d\u2019\u00e9tablir un classement parmi les 76 personnalit\u00e9s cit\u00e9es, toutes encore vivantes, et d\u2019aboutir \u00e0 la d\u00e9signation des deux premi\u00e8res personnalit\u00e9s, r\u00e9v\u00e9l\u00e9es ce midi.<\/p>\n<p>\u00c0\u00a0noter que l&rsquo;<a href=\"https:\/\/www.leprogres.fr\/p\/abbe-pierre\" target=\"_blank\" rel=\"noopener\">Abb\u00e9 Pierre<\/a>, qui figurait depuis la cr\u00e9ation de la fresque dans les ann\u00e9es 1990, <a href=\"https:\/\/www.leprogres.fr\/culture-loisirs\/2024\/11\/29\/l-abbe-pierre-definitivement-gomme-de-la-fresque-des-lyonnais\" target=\"_blank\" rel=\"noopener\">avait \u00e9t\u00e9 effac\u00e9 en novembre 2024<\/a> \u00e0 la suite des r\u00e9v\u00e9lations d&rsquo;abus sexuels commis durant sa pr\u00eatrise.<\/p>\n","protected":false},"excerpt":{"rendered":"La fresque la plus connue de la ville va bient\u00f4t s&rsquo;enrichir de nouveaux personnages. Dans le cadre d&rsquo;une&hellip;\n","protected":false},"author":2,"featured_media":508966,"comment_status":"","ping_status":"","sticky":false,"template":"","format":"standard","meta":{"footnotes":""},"categories":[1889],"tags":[1111,11,2430,1687,2757,1777,674,107,1011,27,2428,2801,12,2661,25,2429,273],"class_list":{"0":"post-508965","1":"post","2":"type-post","3":"status-publish","4":"format-standard","5":"has-post-thumbnail","7":"category-lyon","8":"tag-actu","9":"tag-actualites","10":"tag-auvergne-rhone-alpes","11":"tag-culture-loisirs","12":"tag-edition-lyon-villeurbanne","13":"tag-eu","14":"tag-europe","15":"tag-fil-info","16":"tag-fr","17":"tag-france","18":"tag-lyon","19":"tag-lyon-1er-arrondissement","20":"tag-news","21":"tag-patrimoine-culturel","22":"tag-republique-francaise","23":"tag-rhone","24":"tag-selection-de-la-redaction"},"share_on_mastodon":{"url":"https:\/\/pubeurope.com\/@fr\/115486092522854606","error":""},"_links":{"self":[{"href":"https:\/\/www.europesays.com\/fr\/wp-json\/wp\/v2\/posts\/508965","targetHints":{"allow":["GET"]}}],"collection":[{"href":"https:\/\/www.europesays.com\/fr\/wp-json\/wp\/v2\/posts"}],"about":[{"href":"https:\/\/www.europesays.com\/fr\/wp-json\/wp\/v2\/types\/post"}],"author":[{"embeddable":true,"href":"https:\/\/www.europesays.com\/fr\/wp-json\/wp\/v2\/users\/2"}],"replies":[{"embeddable":true,"href":"https:\/\/www.europesays.com\/fr\/wp-json\/wp\/v2\/comments?post=508965"}],"version-history":[{"count":0,"href":"https:\/\/www.europesays.com\/fr\/wp-json\/wp\/v2\/posts\/508965\/revisions"}],"wp:featuredmedia":[{"embeddable":true,"href":"https:\/\/www.europesays.com\/fr\/wp-json\/wp\/v2\/media\/508966"}],"wp:attachment":[{"href":"https:\/\/www.europesays.com\/fr\/wp-json\/wp\/v2\/media?parent=508965"}],"wp:term":[{"taxonomy":"category","embeddable":true,"href":"https:\/\/www.europesays.com\/fr\/wp-json\/wp\/v2\/categories?post=508965"},{"taxonomy":"post_tag","embeddable":true,"href":"https:\/\/www.europesays.com\/fr\/wp-json\/wp\/v2\/tags?post=508965"}],"curies":[{"name":"wp","href":"https:\/\/api.w.org\/{rel}","templated":true}]}}