{"id":508967,"date":"2025-11-03T13:51:17","date_gmt":"2025-11-03T13:51:17","guid":{"rendered":"https:\/\/www.europesays.com\/fr\/508967\/"},"modified":"2025-11-03T13:51:17","modified_gmt":"2025-11-03T13:51:17","slug":"braquage-a-lyon-le-butin-de-306-kg-de-metaux-precieux-recupere-lors-des-interpellations-estime-a-28-millions-deuros","status":"publish","type":"post","link":"https:\/\/www.europesays.com\/fr\/508967\/","title":{"rendered":"Braquage \u00e0 Lyon : le butin de 306 kg de m\u00e9taux pr\u00e9cieux, r\u00e9cup\u00e9r\u00e9 lors des interpellations, estim\u00e9 \u00e0 28 millions d\u2019euros"},"content":{"rendered":"<p class=\"paragraph text_align_left lp-f-body-02\">Les <a href=\"https:\/\/www.leparisien.fr\/faits-divers\/explosifs-gyrophare-et-metaux-precieux-un-braquage-a-12-millions-deuros-dejoue-par-la-bri-de-lyon-31-10-2025-FKC2M65AKRAIRECG3WD5W6KRGQ.php\" target=\"_blank\" rel=\"noreferrer nofollow noopener\">braqueurs d\u2019un laboratoire lyonnais de traitement de m\u00e9taux pr\u00e9cieux<\/a>, attaqu\u00e9 jeudi \u00e0 l\u2019explosif, avaient emport\u00e9 306 kg de m\u00e9taux, essentiellement de l\u2019or, pour une valeur de 28 millions d\u2019euros, a d\u00e9clar\u00e9 lundi le procureur de Lyon.<\/p>\n<p class=\"paragraph text_align_left lp-f-body-02\">Ce butin a \u00e9t\u00e9 int\u00e9gralement r\u00e9cup\u00e9r\u00e9 dans un appartement lors de l\u2019interpellation, peu apr\u00e8s les faits, de cinq hommes et une femme, \u00e2g\u00e9s de 30 \u00e0 40 ans, a pr\u00e9cis\u00e9 Thierry Dran lors d\u2019une conf\u00e9rence de presse.<\/p>\n<p class=\"title-embed-dailymotion lp-color-text lp-f-subtitle-04\">Vid\u00e9oLyon : une raffinerie d\u2019or braqu\u00e9e \u00e0 l\u2019explosif<\/p>\n<p class=\"paragraph text_align_left lp-f-body-02\">Apr\u00e8s quatre jours de garde \u00e0 vue, leur pr\u00e9sentation \u00e0 des juges d\u2019instruction est en cours, a-t-il ajout\u00e9, pr\u00e9cisant avoir requis leur mise en examen notamment pour association de malfaiteurs en bande organis\u00e9e et vol avec violence, ainsi que leur placement en d\u00e9tention.<\/p>\n<p class=\"paragraph text_align_left lp-f-body-02\"><b>&gt;&gt; Plus d\u2019informations \u00e0 venir <\/b><\/p>\n","protected":false},"excerpt":{"rendered":"Les braqueurs d\u2019un laboratoire lyonnais de traitement de m\u00e9taux pr\u00e9cieux, attaqu\u00e9 jeudi \u00e0 l\u2019explosif, avaient emport\u00e9 306 kg&hellip;\n","protected":false},"author":2,"featured_media":502668,"comment_status":"","ping_status":"","sticky":false,"template":"","format":"standard","meta":{"footnotes":""},"categories":[1889],"tags":[1111,11,2430,459,1777,674,118,1011,27,2428,12,25],"class_list":{"0":"post-508967","1":"post","2":"type-post","3":"status-publish","4":"format-standard","5":"has-post-thumbnail","7":"category-lyon","8":"tag-actu","9":"tag-actualites","10":"tag-auvergne-rhone-alpes","11":"tag-departements-horsidfo","12":"tag-eu","13":"tag-europe","14":"tag-faits-divers","15":"tag-fr","16":"tag-france","17":"tag-lyon","18":"tag-news","19":"tag-republique-francaise"},"share_on_mastodon":{"url":"https:\/\/pubeurope.com\/@fr\/115486096278858765","error":""},"_links":{"self":[{"href":"https:\/\/www.europesays.com\/fr\/wp-json\/wp\/v2\/posts\/508967","targetHints":{"allow":["GET"]}}],"collection":[{"href":"https:\/\/www.europesays.com\/fr\/wp-json\/wp\/v2\/posts"}],"about":[{"href":"https:\/\/www.europesays.com\/fr\/wp-json\/wp\/v2\/types\/post"}],"author":[{"embeddable":true,"href":"https:\/\/www.europesays.com\/fr\/wp-json\/wp\/v2\/users\/2"}],"replies":[{"embeddable":true,"href":"https:\/\/www.europesays.com\/fr\/wp-json\/wp\/v2\/comments?post=508967"}],"version-history":[{"count":0,"href":"https:\/\/www.europesays.com\/fr\/wp-json\/wp\/v2\/posts\/508967\/revisions"}],"wp:featuredmedia":[{"embeddable":true,"href":"https:\/\/www.europesays.com\/fr\/wp-json\/wp\/v2\/media\/502668"}],"wp:attachment":[{"href":"https:\/\/www.europesays.com\/fr\/wp-json\/wp\/v2\/media?parent=508967"}],"wp:term":[{"taxonomy":"category","embeddable":true,"href":"https:\/\/www.europesays.com\/fr\/wp-json\/wp\/v2\/categories?post=508967"},{"taxonomy":"post_tag","embeddable":true,"href":"https:\/\/www.europesays.com\/fr\/wp-json\/wp\/v2\/tags?post=508967"}],"curies":[{"name":"wp","href":"https:\/\/api.w.org\/{rel}","templated":true}]}}