{"id":508968,"date":"2025-11-03T13:53:19","date_gmt":"2025-11-03T13:53:19","guid":{"rendered":"https:\/\/www.europesays.com\/fr\/508968\/"},"modified":"2025-11-03T13:53:19","modified_gmt":"2025-11-03T13:53:19","slug":"il-y-a-eu-moins-de-naissances-cette-annee-dans-la-somme","status":"publish","type":"post","link":"https:\/\/www.europesays.com\/fr\/508968\/","title":{"rendered":"Il y a eu moins de naissances cette ann\u00e9e dans la Somme"},"content":{"rendered":"\n<p lang=\"fr-FR\" style=\"margin-bottom: 0cm; font-style: normal; font-weight: normal;\">Le d\u00e9partement suit la tendance nationale. L&rsquo;Insee vient de sortir les chiffres de b\u00e9b\u00e9s qui ont vu le jour depuis le 1er janvier 2025 dans chaque d\u00e9partement. Avec plus de 53.400 naissances en tout dans le pays en septembre, la baisse est de 3,3% compar\u00e9 au m\u00eame mois en 2024. Selon l&rsquo;institut national de la statistique, il y a eu plus de 3.700 naissances dans la Somme entre janvier et septembre. Moins de b\u00e9b\u00e9s ont donc vu le jour dans le d\u00e9partement compar\u00e9 \u00e0 l&rsquo;ann\u00e9e derni\u00e8re.<\/p>\n<p lang=\"fr-FR\" style=\"margin-bottom: 0cm; font-style: normal; font-weight: normal;\">\u00a0<\/p>\n<p lang=\"fr-FR\" style=\"margin-bottom: 0cm; font-weight: normal;\">Nicolas Chacun<\/p>\n<p>!function(f,b,e,v,n,t,s){if(f.fbq)return;n=f.fbq=function(){n.callMethod?<br \/>\nn.callMethod.apply(n,arguments):n.queue.push(arguments)};if(!f._fbq)f._fbq=n;<br \/>\nn.push=n;n.loaded=!0;n.version=&rsquo;2.0&prime;;n.queue=[];t=b.createElement(e);t.async=!0;<br \/>\nt.src=v;s=b.getElementsByTagName(e)[0];s.parentNode.insertBefore(t,s)}(window,<br \/>\ndocument,&rsquo;script&rsquo;,&rsquo;https:\/\/connect.facebook.net\/en_US\/fbevents.js&rsquo;);<br \/>\nfbq(&lsquo;init&rsquo;, &lsquo;278974969201861&rsquo;); \/\/ Insert your pixel ID here.<br \/>\nfbq(&lsquo;track&rsquo;, &lsquo;PageView&rsquo;);<\/p>\n","protected":false},"excerpt":{"rendered":"Le d\u00e9partement suit la tendance nationale. L&rsquo;Insee vient de sortir les chiffres de b\u00e9b\u00e9s qui ont vu le&hellip;\n","protected":false},"author":2,"featured_media":508969,"comment_status":"","ping_status":"","sticky":false,"template":"","format":"standard","meta":{"footnotes":""},"categories":[1592],"tags":[1111,11,1933,1936,1777,1939,674,1011,27,662,1934,12,1940,626,1935,25,1937,1941,1938],"class_list":{"0":"post-508968","1":"post","2":"type-post","3":"status-publish","4":"format-standard","5":"has-post-thumbnail","7":"category-ile-de-france","8":"tag-actu","9":"tag-actualites","10":"tag-actualites-locales","11":"tag-essonne","12":"tag-eu","13":"tag-eure-et-loir","14":"tag-europe","15":"tag-fr","16":"tag-france","17":"tag-ile-de-france","18":"tag-infos-locales","19":"tag-news","20":"tag-oise","21":"tag-paris","22":"tag-pres-de-chez-vous","23":"tag-republique-francaise","24":"tag-seine-et-marne","25":"tag-somme","26":"tag-yvelines"},"share_on_mastodon":{"url":"https:\/\/pubeurope.com\/@fr\/115486104248670886","error":""},"_links":{"self":[{"href":"https:\/\/www.europesays.com\/fr\/wp-json\/wp\/v2\/posts\/508968","targetHints":{"allow":["GET"]}}],"collection":[{"href":"https:\/\/www.europesays.com\/fr\/wp-json\/wp\/v2\/posts"}],"about":[{"href":"https:\/\/www.europesays.com\/fr\/wp-json\/wp\/v2\/types\/post"}],"author":[{"embeddable":true,"href":"https:\/\/www.europesays.com\/fr\/wp-json\/wp\/v2\/users\/2"}],"replies":[{"embeddable":true,"href":"https:\/\/www.europesays.com\/fr\/wp-json\/wp\/v2\/comments?post=508968"}],"version-history":[{"count":0,"href":"https:\/\/www.europesays.com\/fr\/wp-json\/wp\/v2\/posts\/508968\/revisions"}],"wp:featuredmedia":[{"embeddable":true,"href":"https:\/\/www.europesays.com\/fr\/wp-json\/wp\/v2\/media\/508969"}],"wp:attachment":[{"href":"https:\/\/www.europesays.com\/fr\/wp-json\/wp\/v2\/media?parent=508968"}],"wp:term":[{"taxonomy":"category","embeddable":true,"href":"https:\/\/www.europesays.com\/fr\/wp-json\/wp\/v2\/categories?post=508968"},{"taxonomy":"post_tag","embeddable":true,"href":"https:\/\/www.europesays.com\/fr\/wp-json\/wp\/v2\/tags?post=508968"}],"curies":[{"name":"wp","href":"https:\/\/api.w.org\/{rel}","templated":true}]}}