{"id":50897,"date":"2025-04-25T04:42:27","date_gmt":"2025-04-25T04:42:27","guid":{"rendered":"https:\/\/www.europesays.com\/fr\/50897\/"},"modified":"2025-04-25T04:42:27","modified_gmt":"2025-04-25T04:42:27","slug":"pourquoi-y-a-t-il-des-dechets-radioactifs-sous-luniversite-lyon-1","status":"publish","type":"post","link":"https:\/\/www.europesays.com\/fr\/50897\/","title":{"rendered":"Pourquoi y a-t-il des d\u00e9chets radioactifs sous l&rsquo;universit\u00e9 Lyon 1 ?"},"content":{"rendered":"<p class=\"wp-block-post-excerpt__excerpt\">Comme la plupart des universit\u00e9s scientifiques, la fac Claude Bernard Lyon 1 poss\u00e8de, sous son campus, des soutes d\u2019entreposage de d\u00e9chets radioactifs. \u00c0 quoi servent-elles ? Y a-t-il un danger ? R\u00e9ponses. <\/p>\n<p>Sol\u00e8ne Guili<\/p>\n<p>Publi\u00e9 le 25 avril 2025\u00a0\u00a0\u00b7\u00a0\u00a0<\/p>\n<p>Imprim\u00e9 le 25 avril 2025 \u00e0 06h42\u00a0\u00a0\u00b7\u00a0\u00a0<\/p>\n<p>\t\t\t\t\t4\u00a0minutes\n<\/p>\n<p>O\u00f9 sont stock\u00e9s les d\u00e9chets radioactifs en France ? Ces informations, bien que publiques, ne font pas toujours l\u2019objet de la plus grande transparence. Vous ne saviez donc sans doute pas qu\u2019il existe, au sous-sol du campus de l\u2019universit\u00e9 Claude Bernard Lyon 1, deux locaux contenant des sources radioactives.<\/p>\n<p>\u00ab\u00a0Ces deux soutes stockent les d\u00e9chets radioactifs produits par l\u2019activit\u00e9 des laboratoires de recherche de l\u2019Universit\u00e9, nous d\u00e9clare la fac. Il s\u2019agit d\u2019un entreposage temporaire, car les d\u00e9chets ont vocation \u00e0 \u00eatre \u00e9vacu\u00e9s.\u00a0\u00bb<\/p>\n<p><img loading=\"lazy\" decoding=\"async\" width=\"792\" height=\"526\" src=\"https:\/\/www.europesays.com\/fr\/wp-content\/uploads\/2025\/04\/Visuel-neutre-Campagne-abonnement-1-1.png\" alt=\"\u00a9 Montage Ana\u00efs Lanvario \/ Rue89Lyon\" class=\"wp-image-230661\"  \/>\u00a9 Montage Ana\u00efs Lanvario \/ Rue89Lyon<\/p>\n<p><strong>Rue89Lyon est menac\u00e9<\/strong> ! Enqu\u00eater sur l\u2019extr\u00eame droite, mettre notre nez dans les affaires de patrons peu scrupuleux, \u00eatre une vigie des pouvoirs politiques\u2026 <strong>Depuis 14 ans, nous assurons toutes ces missions d\u2019utilit\u00e9 publique pour la vie locale, mais nos finances sont fragiles.<\/strong> Nous avons atteint notre premier palier de 30 000 euros, merci ! Nous pouvons aborder la fin de l\u2019ann\u00e9e plus sereinement. <\/p>\n<p>Nous visons notre deuxi\u00e8me objectif : <strong>40 000 euros au 16 avril<\/strong> pour pr\u00e9parer les municipales de 2026, renforcer la r\u00e9daction, se pr\u00e9parer aux d\u00e9fis li\u00e9s \u00e0 la mont\u00e9e de l\u2019extr\u00eame droite. <strong>Sans vous, nous ne pourrons pas le faire, on compte sur vous ! <\/strong><\/p>\n<p><strong>En 2025, nous faisons face \u00e0 trois menaces : <\/strong><\/p>\n<ul class=\"wp-block-list\">\n<li class=\" align-start flex list-none mb-2\"><strong>Un proc\u00e8s-b\u00e2illon<\/strong> : nous allons passer au tribunal face \u00e0 Jean-Michel Aulas, ex-patron de l\u2019OL qui nous attaque en diffamation. <\/li>\n<li class=\" align-start flex list-none mb-2\"><strong>Des r\u00e9seaux sociaux hostiles<\/strong> : Facebook, X, mais aussi Google, ces plateformes invisibilisent de plus en plus les m\u00e9dias ind\u00e9pendants en ligne. <\/li>\n<li class=\" align-start flex list-none mb-2\"><strong>La mont\u00e9e de l\u2019extr\u00eame droite<\/strong> : notre travail d\u2019enqu\u00eate sur le sujet nous expose et demande des moyens. Face \u00e0 Vincent Bollor\u00e9 ou Pierre-Edouard St\u00e9rin qui rach\u00e8tent des m\u00e9dias pour pousser leur id\u00e9ologie mortif\u00e8re, <strong>notre m\u00e9dia ind\u00e9pendant est un espace de r\u00e9sistance<\/strong>. <\/li>\n<\/ul>\n<p>Pour toutes ces raisons, nous avons besoin de votre soutien : <strong>abonnez-vous ou faites un don \u00e0 Rue89Lyon  !<\/strong><\/p>\n<p>\t\t\t<a href=\"https:\/\/www.rue89lyon.fr\/\" class=\"custom-logo-link\" rel=\"home noopener\" target=\"_blank\"><img loading=\"lazy\" decoding=\"async\" width=\"290\" height=\"89\" src=\"https:\/\/www.europesays.com\/fr\/wp-content\/uploads\/2025\/04\/1745556146_356_logo.png\" class=\"custom-logo\" alt=\"Rue89Lyon Infos, enqu\u00eates \u00e0 Lyon et dans la r\u00e9gion\"  \/><\/a><\/p>\n<p>\n\t\t\t\tAbonnez-vous maintenant pour suivre l\u2019actualit\u00e9 locale.\t\t\t<\/p>\n<p class=\"font-bold font-serif-heading mb-2 text-4xl\">\n\t\t\t\t\t\tL\u2019investigation locale \u00e0 port\u00e9e de main.\n\t\t\t\t\t<\/p>\n<p>\n\t\t\t\t\t\tAbonnez-vous et profitez d\u2019un acc\u00e8s illimit\u00e9 \u00e0 Rue89 Lyon. Annulez quand vous voulez.\n\t\t\t\t\t<\/p>\n<p class=\"xl:text-sm\">\n\t\t\t\t\tD\u00e9j\u00e0 abonn\u00e9\u00a0?<br \/>\n\t\t\t\t\t<a class=\"border border-transparent text-center transition-colors duration-instant focus:border-info focus:rounded focus:shadow-focus cursor-pointer text-black hover:text-gray-700 active:bg-black-700 font-semibold inline-block\" href=\"https:\/\/www.rue89lyon.fr\/user\/login\/?redirect=\/2025\/04\/25\/pourquoi-dechets-radioactifs-sous-universite-claude-bernard-lyon-1\/\" target=\"_blank\" rel=\"noopener\">Connectez-vous<\/a>\t\t\t\t<\/p>\n<p>\n\t\t\t\tChoisissez votre formule\u00a0:\n\t\t\t<\/p>\n<p>\t\t\t\tFermer<\/p>\n","protected":false},"excerpt":{"rendered":"Comme la plupart des universit\u00e9s scientifiques, la fac Claude Bernard Lyon 1 poss\u00e8de, sous son campus, des soutes&hellip;\n","protected":false},"author":2,"featured_media":50898,"comment_status":"","ping_status":"","sticky":false,"template":"","format":"standard","meta":{"footnotes":""},"categories":[1889],"tags":[1111,11,2430,436,1777,674,1011,27,2428,12,5654,25,71,5768],"class_list":{"0":"post-50897","1":"post","2":"type-post","3":"status-publish","4":"format-standard","5":"has-post-thumbnail","7":"category-lyon","8":"tag-actu","9":"tag-actualites","10":"tag-auvergne-rhone-alpes","11":"tag-environnement","12":"tag-eu","13":"tag-europe","14":"tag-fr","15":"tag-france","16":"tag-lyon","17":"tag-news","18":"tag-nucleaire","19":"tag-republique-francaise","20":"tag-sante","21":"tag-universite"},"share_on_mastodon":{"url":"https:\/\/pubeurope.com\/@fr\/114396774078390972","error":""},"_links":{"self":[{"href":"https:\/\/www.europesays.com\/fr\/wp-json\/wp\/v2\/posts\/50897","targetHints":{"allow":["GET"]}}],"collection":[{"href":"https:\/\/www.europesays.com\/fr\/wp-json\/wp\/v2\/posts"}],"about":[{"href":"https:\/\/www.europesays.com\/fr\/wp-json\/wp\/v2\/types\/post"}],"author":[{"embeddable":true,"href":"https:\/\/www.europesays.com\/fr\/wp-json\/wp\/v2\/users\/2"}],"replies":[{"embeddable":true,"href":"https:\/\/www.europesays.com\/fr\/wp-json\/wp\/v2\/comments?post=50897"}],"version-history":[{"count":0,"href":"https:\/\/www.europesays.com\/fr\/wp-json\/wp\/v2\/posts\/50897\/revisions"}],"wp:featuredmedia":[{"embeddable":true,"href":"https:\/\/www.europesays.com\/fr\/wp-json\/wp\/v2\/media\/50898"}],"wp:attachment":[{"href":"https:\/\/www.europesays.com\/fr\/wp-json\/wp\/v2\/media?parent=50897"}],"wp:term":[{"taxonomy":"category","embeddable":true,"href":"https:\/\/www.europesays.com\/fr\/wp-json\/wp\/v2\/categories?post=50897"},{"taxonomy":"post_tag","embeddable":true,"href":"https:\/\/www.europesays.com\/fr\/wp-json\/wp\/v2\/tags?post=50897"}],"curies":[{"name":"wp","href":"https:\/\/api.w.org\/{rel}","templated":true}]}}