{"id":508970,"date":"2025-11-03T13:54:12","date_gmt":"2025-11-03T13:54:12","guid":{"rendered":"https:\/\/www.europesays.com\/fr\/508970\/"},"modified":"2025-11-03T13:54:12","modified_gmt":"2025-11-03T13:54:12","slug":"sur-rtl-rachida-dati-denonce-le-chaos-de-la-circulation-avec-un-chauffeur-de-taxi","status":"publish","type":"post","link":"https:\/\/www.europesays.com\/fr\/508970\/","title":{"rendered":"sur RTL, Rachida Dati d\u00e9nonce le \u00ab\u00a0chaos\u00a0\u00bb de la circulation avec un chauffeur de taxi"},"content":{"rendered":"<p class=\"article-p mdl\">\u00ab\u00a0C&rsquo;est le chaos dans Paris.\u00a0\u00bb Ce lundi 3 novembre, Albert, chauffeur de taxi, a profit\u00e9 de la pr\u00e9sence exceptionnelle de\u00a0<a class=\"link\" href=\"https:\/\/www.rtl.fr\/actu\/politique\/je-m-en-fous-rachida-dati-reagit-sur-rtl-apres-le-choix-de-renaissance-de-soutenir-pierre-yves-bournazel-a-son-detriment-pour-les-municipales-a-paris-7900561752\" title=\"&quot;Je m&#039;en fous&quot; : Rachida Dati r\u00e9agit sur RTL apr\u00e8s le choix de Renaissance de soutenir Pierre-Yves Bournazel \u00e0 son d\u00e9triment pour les municipales \u00e0 Paris\" target=\"_blank\" rel=\"noopener\">Rachida Dati, candidate aux municipales \u00e0 Paris soutenue par Les R\u00e9publicains<\/a>, sur <strong>RTL<\/strong>,\u00a0pour aborder avec elle une question centrale de l&rsquo;\u00e9lection \u00e0 venir : la circulation.<\/p>\n<p class=\"article-p mdl\">\u00ab\u00a0On se l\u00e8ve tous les jours, on a des stations de taxi qui disparaissent, s&rsquo;alarme-t-il au micro des Auditeurs ont la parole. On a des sens interdits qui disparaissent. C&rsquo;est le chaos dans Paris, on n&rsquo;en peut plus. On est tr\u00e8s impact\u00e9 par cette situation : <strong>les voies d\u00e9di\u00e9es n&rsquo;existent pas, les gares c&rsquo;est un enfer pas possible&#8230;\u00a0\u00bb<\/strong><\/p>\n<p class=\"article-p mdl\"><strong>\u00ab\u00a0\u00c7a, il a raison, les voies d\u00e9di\u00e9es ne sont pas d\u00e9di\u00e9es<\/strong>, r\u00e9pond Rachida Dati. \u00ab\u00a0Nous, poursuit le chauffeur de taxi, on est r\u00e9ellement des vrais taxis : on est au taxim\u00e8tre, \u00e0 l&rsquo;euro-kilom\u00e9trique, donc plus on va rester dans les bouchons, plus on va facturer au client. Vous sortez de la gare de Lyon, vous mettez d\u00e9j\u00e0 10 minutes pour sortir, vous sortez d\u00e9j\u00e0 avec 10 euros alors que le client vient \u00e0 peine de monter dedans ! Rien n&rsquo;est fait pour fluidifier le trafic et pour am\u00e9liorer notre situation professionnelle de tous les jours\u00a0\u00bb.<\/p>\n<blockquote class=\"article-quote\">\n<p class=\"article-quote-text icon icon-quote-v2\">Est-ce qu&rsquo;on se r\u00e9sout \u00e0 avoir une ville de c\u00e9libataires en v\u00e9lo qui travaille \u00e0 10 minutes de chez lui ? Ce n&rsquo;est pas \u00e7a Paris.<\/p>\n<p>Rachida Dati, candidate LR \u00e0 la mairie de Paris<\/p>\n<\/blockquote>\n<p class=\"article-p mdl\">\u00ab\u00a0Sur les voies, \u00e9videmment, les voies de bus sont entrav\u00e9es, <strong>les taxis sont entrav\u00e9s,<\/strong> abonde la maire du VIIe arrondissement. Je mettrais des voies d\u00e9di\u00e9es, je ferai cette proposition que j&rsquo;annoncerai avec des visuels et avec la faisabilit\u00e9 et le co\u00fbt d&rsquo;ici une dizaine de jours\u00a0\u00bb.<\/p>\n<p class=\"article-p mdl\">Albert d\u00e9clare habiter Paris et d\u00e9clare \u00eatre un \u00e9lecteur de Rachida Dati. Il lui lance donc un appel. \u00ab\u00a0Franchement, on en a marre de ce qui est l\u00e0 actuellement et ce qui est au pouvoir depuis une vingtaine d&rsquo;ann\u00e9es, il faudrait que vous fassiez quelque chose pour l&rsquo;\u00e9volution des taxis. On vote pour vous, on habite \u00e0 Paris. <strong>Et si vous faites quelque chose pour les taxis, les taxis vous en seront tr\u00e8s reconnaissants\u00a0\u00bb.<\/strong><\/p>\n<p>        \u00c0 \u00e9couter<\/p>\n<p class=\"col-12 col-md-11\">\n<p>                                Cambriolage du Louvre : Rachida Dati est l&rsquo;invit\u00e9e de RTL Midi\n                        <\/p>\n<p class=\"article-p mdl\">Interpell\u00e9e par un autre auditeur sur le m\u00eame sujet, Rachida Dati affirme que \u00ab\u00a0la circulation c&rsquo;est la vie, quand vous ne bougez plus, vous \u00eates mort\u00a0\u00bb. \u00ab\u00a0Moi, je veux que Paris ne soit plus une ville de passage, je veux que ce soit une ville d&rsquo;ancrage et une ville de vie, assure-t-elle. Est-ce que vous vous rendez compte que<strong> les forces vives ont quitt\u00e9 Paris ?\u00a0\u00bb\u00a0<\/strong><\/p>\n<p class=\"article-p mdl\">Je ne fais pas campagne de la m\u00eame mani\u00e8re en 2020 qu&rsquo;en 2026, assure-t-elle. <strong>On a perdu plus de 125.000 habitants \u00e0 Paris, <\/strong>30.000 enfants sont partis. Est-ce qu&rsquo;on se r\u00e9sout \u00e0 avoir une ville de c\u00e9libataires en v\u00e9lo qui travaille \u00e0 10 minutes de chez lui ? Ce n&rsquo;est pas \u00e7a Paris. Ce n&rsquo;est pas la ville qui fait r\u00eaver le monde.<\/p>\n<p>    L&rsquo;\u00e9quipe de l&rsquo;\u00e9mission vous recommande<\/p>\n<p class=\"s-newsletter__title\">\n                L\u2019actualit\u00e9 par la r\u00e9daction de RTL dans votre bo\u00eete mail.\n            <\/p>\n<p class=\"s-newsletter__subtitle\">\n                Gr\u00e2ce \u00e0 votre compte RTL abonnez-vous \u00e0 la newsletter RTL info pour suivre toute l&rsquo;actualit\u00e9 au quotidien\n            <\/p>\n<p>\n                                    Lire la suite\n                                <\/p>\n","protected":false},"excerpt":{"rendered":"\u00ab\u00a0C&rsquo;est le chaos dans Paris.\u00a0\u00bb Ce lundi 3 novembre, Albert, chauffeur de taxi, a profit\u00e9 de la pr\u00e9sence&hellip;\n","protected":false},"author":2,"featured_media":508971,"comment_status":"","ping_status":"","sticky":false,"template":"","format":"standard","meta":{"footnotes":""},"categories":[1888],"tags":[1111,1928,11,1927,898,34756,1777,674,107,1011,27,63051,12,1926,626,1925,417,362,25,13430,9548],"class_list":{"0":"post-508970","1":"post","2":"type-post","3":"status-publish","4":"format-standard","5":"has-post-thumbnail","7":"category-paris","8":"tag-actu","9":"tag-actu-paris","10":"tag-actualites","11":"tag-actualites-paris","12":"tag-alerte","13":"tag-elections-municipales-a-paris","14":"tag-eu","15":"tag-europe","16":"tag-fil-info","17":"tag-fr","18":"tag-france","19":"tag-les-auditeurs-ont-la-parole","20":"tag-news","21":"tag-news-paris","22":"tag-paris","23":"tag-paris-news","24":"tag-rachida-dati","25":"tag-replay","26":"tag-republique-francaise","27":"tag-taxi","28":"tag-taxis"},"share_on_mastodon":{"url":"https:\/\/pubeurope.com\/@fr\/115486108184507048","error":""},"_links":{"self":[{"href":"https:\/\/www.europesays.com\/fr\/wp-json\/wp\/v2\/posts\/508970","targetHints":{"allow":["GET"]}}],"collection":[{"href":"https:\/\/www.europesays.com\/fr\/wp-json\/wp\/v2\/posts"}],"about":[{"href":"https:\/\/www.europesays.com\/fr\/wp-json\/wp\/v2\/types\/post"}],"author":[{"embeddable":true,"href":"https:\/\/www.europesays.com\/fr\/wp-json\/wp\/v2\/users\/2"}],"replies":[{"embeddable":true,"href":"https:\/\/www.europesays.com\/fr\/wp-json\/wp\/v2\/comments?post=508970"}],"version-history":[{"count":0,"href":"https:\/\/www.europesays.com\/fr\/wp-json\/wp\/v2\/posts\/508970\/revisions"}],"wp:featuredmedia":[{"embeddable":true,"href":"https:\/\/www.europesays.com\/fr\/wp-json\/wp\/v2\/media\/508971"}],"wp:attachment":[{"href":"https:\/\/www.europesays.com\/fr\/wp-json\/wp\/v2\/media?parent=508970"}],"wp:term":[{"taxonomy":"category","embeddable":true,"href":"https:\/\/www.europesays.com\/fr\/wp-json\/wp\/v2\/categories?post=508970"},{"taxonomy":"post_tag","embeddable":true,"href":"https:\/\/www.europesays.com\/fr\/wp-json\/wp\/v2\/tags?post=508970"}],"curies":[{"name":"wp","href":"https:\/\/api.w.org\/{rel}","templated":true}]}}