{"id":508974,"date":"2025-11-03T13:56:36","date_gmt":"2025-11-03T13:56:36","guid":{"rendered":"https:\/\/www.europesays.com\/fr\/508974\/"},"modified":"2025-11-03T13:56:36","modified_gmt":"2025-11-03T13:56:36","slug":"quinte-quinte-du-mardi-4-novembre-a-vincennes-key-of-love-la-cle-de-la-reussite","status":"publish","type":"post","link":"https:\/\/www.europesays.com\/fr\/508974\/","title":{"rendered":"Quint\u00e9+: Quint\u00e9+ du mardi 4 novembre \u00e0 Vincennes : Key of Love, la cl\u00e9 de la r\u00e9ussite"},"content":{"rendered":"<p><strong>Les partants du Quint\u00e9+ de ce mardi 4 novembre<\/strong><strong style=\"float: left;margin-left: 2%;\">PRIX DE MAURE DE BRETAGNE<\/strong><strong style=\"float: right;margin-right: 2%;\">MARDI 04 NOVEMBRE<\/strong><br \/>PARIS-VINCENNES &#8211; 2700 METRES &#8211; \u00a0<img decoding=\"async\" alt=\"picto_attele\" class=\"img2\" src=\"https:\/\/static.equidia.fr\/equidia\/discipline\/attele.svg\"\/>D\u00c9PART : 13H55<strong>Les forces en pr\u00e9sence<\/strong><\/p>\n<p style=\"text-align: justify;\">En d\u00e9but d&rsquo;ann\u00e9e, <a href=\"https:\/\/www.equidia.fr\/chevaux\/key-of-love?horse_uuid=fba120ea-f14a-4dff-bf86-c29ca4c9a69f\" target=\"_blank\" rel=\"noopener\">KEY OF LOVE (10)<\/a> s&rsquo;\u00e9tait plaisamment impos\u00e9e sur cette piste, dominant notamment la bonne Kaliskana. Pr\u00e9par\u00e9e minutieusement par son entourage pour cette \u00e9preuve, elle pourrait bien mettre tout le monde d&rsquo;accord. Lors de ses deux derni\u00e8res tentatives, <a href=\"https:\/\/www.equidia.fr\/chevaux\/kaline-de-vivoin?horse_uuid=378c1c8a-9cc0-4d5a-83b0-9a88b566d1fe\" target=\"_blank\" rel=\"noopener\">KALINE DE VIVOIN (16)<\/a> s&rsquo;est montr\u00e9e fautive alors qu&rsquo;elle luttait pour la victoire. Si elle reste sage dans les derniers hectom\u00e8tres, elle devrait prendre une part active \u00e0 l&rsquo;arriv\u00e9e, \u00e0 l&rsquo;instar de <a href=\"https:\/\/www.equidia.fr\/chevaux\/klassica-bleue?horse_uuid=47006d68-9600-4222-bcbf-a78b385a4276\" target=\"_blank\" rel=\"noopener\">KLASSICA BLEUE (12)<\/a>, en l\u00e9ger retard de gains, et de <a href=\"https:\/\/www.equidia.fr\/chevaux\/klass-haufor?horse_uuid=d743e577-e513-463a-8cdd-b174f080c835\" target=\"_blank\" rel=\"noopener\">KLASS HAUFOR (8)<\/a>, pieds nus et confi\u00e9e \u00e0 Damien Bonne pour l&rsquo;occasion. <a href=\"https:\/\/www.equidia.fr\/chevaux\/krakante?horse_uuid=46593b88-85ee-4821-9940-a082c2ce1fe0\" target=\"_blank\" rel=\"noopener\">KRAKANTE (5)<\/a> vient de r\u00e9aliser une course de rentr\u00e9e tr\u00e8s encourageante (2e) et visera une place sur le podium, tout comme <a href=\"https:\/\/www.equidia.fr\/chevaux\/kyoka-bocneuf?horse_uuid=495b6322-d0f8-4ac1-8b37-10552adbd3d8\" target=\"_blank\" rel=\"noopener\">KYOKA BOCNEUF (13)<\/a>, qui fait preuve d&rsquo;une belle r\u00e9gularit\u00e9. Apr\u00e8s une r\u00e9apparition n\u00e9cessaire, <a href=\"https:\/\/www.equidia.fr\/chevaux\/klasse-de-bruzeau?horse_uuid=6783ffb7-49b1-4d7d-8ab1-edae3452482a\" target=\"_blank\" rel=\"noopener\">KLASSE DE BRUZEAU (7)<\/a> \u00e9volue sur la montante et m\u00e9rite un certain cr\u00e9dit, \u00e0 l&rsquo;image de <a href=\"https:\/\/www.equidia.fr\/chevaux\/karoline-caline?horse_uuid=5ee5af8c-a66d-4b04-98d2-044741a910ae\" target=\"_blank\" rel=\"noopener\">KAROLINE CALINE (11)<\/a>, qui n&rsquo;a pas besoin d&rsquo;\u00eatre pieds nus pour performer.<\/p>\n<p><strong>Le prono de FREDDY BOERSCH<\/strong><\/p>\n<tr cellpadding=\"0\" cellspacing=\"10\" class=\"row5\" style=\"text-align: left; background-color: #FFFFFF; font-size: 130%;\">\n<td style=\"text-align: center;\">10<\/td>\n<td style=\"text-align: center;\">16<\/td>\n<td style=\"text-align: center;\">12<\/td>\n<td style=\"text-align: center;\">8<\/td>\n<td style=\"text-align: center;\">5<\/td>\n<td style=\"text-align: center;\">13<\/td>\n<td style=\"text-align: center;\">7<\/td>\n<td style=\"text-align: center;\">11<\/td>\n<\/tr>\n<tr class=\"row6\" style=\"text-align: center; background-color: #FFFFFF; column-width: 6rem;\">\n<td class=\"col10\"><img decoding=\"async\" alt=\"casaque_KEY OF LOVE\" class=\"cas\" src=\"https:\/\/www.europesays.com\/fr\/wp-content\/uploads\/2025\/11\/20251104-r1c1p10-png.png\" style=\" width: 70%;\"\/><\/p>\n<p class=\"col10\" style=\"font-size: x-small; line-height: 11px;;\">KEY OF LOVE<\/p>\n<\/td>\n<td class=\"col16\"><img decoding=\"async\" alt=\"casaque_KALINE DE VIVOIN\" class=\"cas\" src=\"https:\/\/www.europesays.com\/fr\/wp-content\/uploads\/2025\/11\/20251104-r1c1p16-png.png\" style=\" width: 70%;\"\/><\/p>\n<p class=\"col10\" style=\"font-size: x-small; line-height: 11px;;\">KALINE DE VIVOIN<\/p>\n<\/td>\n<td class=\"col12\"><img decoding=\"async\" alt=\"casaque_KLASSICA BLEUE\" class=\"cas\" src=\"https:\/\/www.europesays.com\/fr\/wp-content\/uploads\/2025\/11\/20251104-r1c1p12-png.png\" style=\" width: 70%;\"\/><\/p>\n<p class=\"col10\" style=\"font-size: x-small; line-height: 11px;;\">KLASSICA BLEUE<\/p>\n<\/td>\n<td class=\"col8\"><img decoding=\"async\" alt=\"casaque_KLASS HAUFOR\" class=\"cas\" src=\"https:\/\/www.europesays.com\/fr\/wp-content\/uploads\/2025\/11\/20251104-r1c1p8-png.png\" style=\" width: 70%;\"\/><\/p>\n<p class=\"col10\" style=\"font-size: x-small; line-height: 11px;;\">KLASS HAUFOR<\/p>\n<\/td>\n<td class=\"col5\"><img decoding=\"async\" alt=\"casaque_KRAKANTE\" class=\"cas\" src=\"https:\/\/www.europesays.com\/fr\/wp-content\/uploads\/2025\/11\/20251104-r1c1p5-png.png\" style=\" width: 70%;\"\/><\/p>\n<p class=\"col10\" style=\"font-size: x-small; line-height: 11px;;\">KRAKANTE<\/p>\n<\/td>\n<td class=\"col13\"><img decoding=\"async\" alt=\"casaque_KYOKA BOCNEUF\" class=\"cas\" src=\"https:\/\/www.europesays.com\/fr\/wp-content\/uploads\/2025\/11\/20251104-r1c1p13-png.png\" style=\" width: 70%;\"\/><\/p>\n<p class=\"col10\" style=\"font-size: x-small; line-height: 11px;;\">KYOKA BOCNEUF<\/p>\n<\/td>\n<td class=\"col7\"><img decoding=\"async\" alt=\"casaque_KLASSE DE BRUZEAU\" class=\"cas\" src=\"https:\/\/www.europesays.com\/fr\/wp-content\/uploads\/2025\/11\/20251104-r1c1p7-png.png\" style=\" width: 70%;\"\/><\/p>\n<p class=\"col10\" style=\"font-size: x-small; line-height: 11px;;\">KLASSE DE BRUZEAU<\/p>\n<\/td>\n<td class=\"col11\"><img decoding=\"async\" alt=\"casaque_KAROLINE CALINE\" class=\"cas\" src=\"https:\/\/www.europesays.com\/fr\/wp-content\/uploads\/2025\/11\/20251104-r1c1p11-png.png\" style=\" width: 70%;\"\/><\/p>\n<p class=\"col10\" style=\"font-size: x-small; line-height: 11px;;\">KAROLINE CALINE<\/p>\n<\/td>\n<\/tr>\n<p><a href=\"https:\/\/servedby.revive-adserver.net\/ck.php?n=a3265498&amp;cb=1234\" target=\"_blank\" rel=\"noopener\"><img decoding=\"async\" alt=\"\" border=\"0\" src=\"https:\/\/www.europesays.com\/fr\/wp-content\/uploads\/2025\/11\/avw\"\/><\/a><\/p>\n<p><strong>Les partants en d\u00e9tail (par F. BOERSCH) et l&rsquo;avis des pros (par C. Martineau)<\/strong><\/p>\n<p id=\"ch_KARVINA D'ELA\" style=\"margin-bottom: 1%;\"><a href=\"https:\/\/www.equidia.fr\/chevaux\/karvina-dela?horse_uuid=2339b818-5955-439a-b635-1847e14c39d7\" target=\"_blank\" rel=\"noopener\">1 &#8211; \u00a0<img decoding=\"async\" alt=\"casaque_KARVINA D'ELA\" src=\"https:\/\/www.europesays.com\/fr\/wp-content\/uploads\/2025\/11\/20251104-r1c1p1-png.png\" style=\"width: 4.5%; margin :0; vertical-align : middle;\"\/>\u00a0\u00a0KARVINA D&rsquo;ELA<\/a><\/p>\n<p style=\"text-align: justify;\">Plaisante laur\u00e9ate sur cette piste au printemps, cette jument de Francis Tardieu a ensuite connu un break durant l&rsquo;\u00e9t\u00e9. Elle a r\u00e9alis\u00e9 une rentr\u00e9e encourageante \u00e0 Caen le mois dernier et devrait progresser l\u00e0-dessus. Confi\u00e9e \u00e0 Matthieu Abrivard pour l&rsquo;occasion, elle peut refaire parler d&rsquo;elle. Notre regret !<\/p>\n<p><strong>L&rsquo;avis du reporter : <\/strong><\/p>\n<p style=\"text-align: justify;\">\u00ab Apr\u00e8s une pause, Karvina d&rsquo;Ela (1) vient de retrouver le chemin de la comp\u00e9tition \u00e0 Caen. Au printemps, elle avait gagn\u00e9 \u00e0 Vincennes de plaisante fa\u00e7on. Comme beaucoup, elle a des atouts dans son jeu, si elle est revenue \u00e0 son meilleur niveau. \u00bb<\/p>\n<p id=\"ch_KOH SAMUI\" style=\"margin-bottom: 1%;\"><a href=\"https:\/\/www.equidia.fr\/chevaux\/koh-samui?horse_uuid=8abbdc0d-e3f9-4ecf-816c-07d48051c035\" target=\"_blank\" rel=\"noopener\">2 &#8211; \u00a0<img decoding=\"async\" alt=\"casaque_KOH SAMUI\" src=\"https:\/\/www.europesays.com\/fr\/wp-content\/uploads\/2025\/11\/20251104-r1c1p2-png.png\" style=\"width: 4.5%; margin :0; vertical-align : middle;\"\/>\u00a0\u00a0KOH SAMUI<\/a><\/p>\n<p style=\"text-align: justify;\">Plaisante \u00e0 3 et 4 ans, cette repr\u00e9sentante de l&rsquo;\u00e9curie des Charmes n&rsquo;a cess\u00e9 de d\u00e9cevoir depuis le d\u00e9but de l&rsquo;ann\u00e9e, puisque son meilleur classement n&rsquo;est qu&rsquo;une septi\u00e8me place. Contrairement \u00e0 ses derni\u00e8res sorties, elle va rester ferr\u00e9e et a \u00e9t\u00e9 d\u00e9clar\u00e9e avec un emoji rouge. \u00c0 \u00e9carter.<\/p>\n<p><strong>Nicolas Bazire, entra\u00eeneur : <\/strong><\/p>\n<p style=\"text-align: justify;\">\u00ab Koh Samui (2) va profiter d&rsquo;une course de transition. Elle va rester ferr\u00e9e et n&rsquo;aura pas d&rsquo;ambition. \u00bb<\/p>\n<p id=\"ch_KELLE CLASS\" style=\"margin-bottom: 1%;\"><a href=\"https:\/\/www.equidia.fr\/chevaux\/kelle-class?horse_uuid=fbb80de1-c9af-498c-bb8a-53bd63681d6a\" target=\"_blank\" rel=\"noopener\">3 &#8211; \u00a0<img decoding=\"async\" alt=\"casaque_KELLE CLASS\" src=\"https:\/\/www.europesays.com\/fr\/wp-content\/uploads\/2025\/11\/20251104-r1c1p3-png.png\" style=\"width: 4.5%; margin :0; vertical-align : middle;\"\/>\u00a0\u00a0KELLE CLASS<\/a><\/p>\n<p style=\"text-align: justify;\">Bonne deuxi\u00e8me de KIRA BO FACE (6) en septembre dans un lot inf\u00e9rieur, cette jument de la famille Belloche n&rsquo;a toutefois pu confirmer par la suite. Bien qu&rsquo;all\u00e9g\u00e9e dans sa ferrure pour l&rsquo;occasion, elle a beaucoup de mal \u00e0 partir \u00e0 la volte et pourrait bien hypoth\u00e9quer ses chances \u00e0 ce moment de la course. Difficile de la recommander chaudement !<\/p>\n<p><strong>Pierre Belloche, entra\u00eeneur et driver : <\/strong><\/p>\n<p style=\"text-align: justify;\">\u00ab Je n&rsquo;ai toujours aucune garantie avec Kelle Class (3) pour prendre les d\u00e9parts \u00e0 la volte. Nous avons malheureusement neuf chances sur dix de nous \u00e9lancer dans une allure incorrecte&#8230; Mais si elle parvient enfin \u00e0 se g\u00e9rer au moment du d\u00e9part, elle a le potentiel pour figurer \u00e0 l&rsquo;arriv\u00e9e d&rsquo;une telle \u00e9preuve. \u00bb<\/p>\n<p id=\"ch_KINASSE DE VIVOIN\" style=\"margin-bottom: 1%;\"><a href=\"https:\/\/www.equidia.fr\/chevaux\/kinasse-de-vivoin?horse_uuid=f0ea4c7e-6ddd-41e8-a712-e4cbe66b873d\" target=\"_blank\" rel=\"noopener\">4 &#8211; \u00a0<img decoding=\"async\" alt=\"casaque_KINASSE DE VIVOIN\" src=\"https:\/\/www.europesays.com\/fr\/wp-content\/uploads\/2025\/11\/20251104-r1c1p4-png.png\" style=\"width: 4.5%; margin :0; vertical-align : middle;\"\/>\u00a0\u00a0KINASSE DE VIVOIN<\/a><\/p>\n<p style=\"text-align: justify;\">Apr\u00e8s de nombreux \u00e9checs, cette prot\u00e9g\u00e9e de Thierry Raffegeau s&rsquo;est class\u00e9e troisi\u00e8me \u00e0 Ch\u00e2telaillon-La Rochelle, mais \u00e0 distance des deux premi\u00e8res. En onze tentatives sur ce parcours, elle n&rsquo;est encore jamais mont\u00e9e sur le podium. Elle n&rsquo;a pas la moindre marge de man\u0153uvre \u00e0 ce niveau et viendra dans un second choix.<\/p>\n<p><strong>L&rsquo;avis du reporter : <\/strong><\/p>\n<p style=\"text-align: justify;\">\u00ab Kinasse de Vivoin (4) vient de montrer sa forme \u00e0 La Rochelle. Op\u00e9rationnelle physiquement, il lui faudra toutefois compter sur un d\u00e9roulement de course favorable pour envisager une place en bout de combinaison du Quint\u00e9+. \u00bb<\/p>\n<p id=\"ch_KRAKANTE\" style=\"margin-bottom: 1%;\"><a href=\"https:\/\/www.equidia.fr\/chevaux\/krakante?horse_uuid=46593b88-85ee-4821-9940-a082c2ce1fe0\" target=\"_blank\" rel=\"noopener\">5 &#8211; \u00a0<img decoding=\"async\" alt=\"casaque_KRAKANTE\" src=\"https:\/\/www.europesays.com\/fr\/wp-content\/uploads\/2025\/11\/1762178184_325_20251104-r1c1p5-png.png\" style=\"width: 4.5%; margin :0; vertical-align : middle;\"\/>\u00a0\u00a0KRAKANTE<\/a><\/p>\n<p style=\"text-align: justify;\">Alors qu&rsquo;elle \u00e9tait absente depuis plusieurs mois, cette pensionnaire de S\u00e9verine Raimond a pris une bonne deuxi\u00e8me place sur cette piste, dominant notamment KAROLINE CALINE (11). Elle devrait progresser l\u00e0-dessus et sera pieds nus pour la premi\u00e8re fois de sa carri\u00e8re. Podium en vue !<\/p>\n<p><strong>S\u00e9verine Raimond, entra\u00eeneur : <\/strong><\/p>\n<p style=\"text-align: justify;\">\u00ab Krakante (5) a \u00e9t\u00e9 convaincante lors de sa deuxi\u00e8me place pour son retour en comp\u00e9tition, le 10 octobre. Depuis trois semaines, tout s&rsquo;est bien pass\u00e9 pour elle \u00e0 l&rsquo;entra\u00eenement. Elle est tributaire du d\u00e9roulement de course, mais devrait \u00eatre pr\u00eate pour jouer un bon r\u00f4le dans ce Quint\u00e9+. \u00bb<\/p>\n<p id=\"ch_KIRA BO FACE\" style=\"margin-bottom: 1%;\"><a href=\"https:\/\/www.equidia.fr\/chevaux\/kira-bo-face?horse_uuid=52036819-dd04-4027-9922-0ac09582475f\" target=\"_blank\" rel=\"noopener\">6 &#8211; \u00a0<img decoding=\"async\" alt=\"casaque_KIRA BO FACE\" src=\"https:\/\/www.europesays.com\/fr\/wp-content\/uploads\/2025\/11\/20251104-r1c1p6-png.png\" style=\"width: 4.5%; margin :0; vertical-align : middle;\"\/>\u00a0\u00a0KIRA BO FACE<\/a><\/p>\n<p style=\"text-align: justify;\">En septembre, cette repr\u00e9sentante de l&rsquo;\u00e9curie Habo avait cr\u00e9\u00e9 une grosse surprise en s&rsquo;imposant devant KELLE CLASS (3), sur 2 100 m\u00e8tres, dans un lot toutefois inf\u00e9rieur. Elle n&rsquo;a pu confirmer en Allemagne et affronte cette fois un lot relev\u00e9 pour son retour sur notre sol. D&rsquo;autres candidatures lui sont pr\u00e9f\u00e9rables.<\/p>\n<p><strong>Danny Brouwer, entra\u00eeneur : <\/strong><\/p>\n<p style=\"text-align: justify;\">\u00ab Kira Bo Face (6) avait connu un souci \u00e0 un genou l&rsquo;hiver dernier apr\u00e8s son meeting de Cagnes-sur-Mer. Elle a depuis \u00e9t\u00e9 soign\u00e9e et revient en forme comme le montrent ses deux derniers parcours. Physiquement, elle est pr\u00eate \u00e0 bien faire, mais cette fois il faudra d\u00e9marrer \u00e0 la volte, et ce n&rsquo;est pas son sport pr\u00e9f\u00e9r\u00e9&#8230; Tout va se jouer au moment de sa mise en jambes ! Si elle reste sage au d\u00e9part, elle d\u00e9tient une belle carte \u00e0 jouer. \u00bb<\/p>\n<p id=\"ch_KLASSE DE BRUZEAU\" style=\"margin-bottom: 1%;\"><a href=\"https:\/\/www.equidia.fr\/chevaux\/klasse-de-bruzeau?horse_uuid=6783ffb7-49b1-4d7d-8ab1-edae3452482a\" target=\"_blank\" rel=\"noopener\">7 &#8211; \u00a0<img decoding=\"async\" alt=\"casaque_KLASSE DE BRUZEAU\" src=\"https:\/\/www.europesays.com\/fr\/wp-content\/uploads\/2025\/11\/1762178186_492_20251104-r1c1p7-png.png\" style=\"width: 4.5%; margin :0; vertical-align : middle;\"\/>\u00a0\u00a0KLASSE DE BRUZEAU<\/a><\/p>\n<p style=\"text-align: justify;\">Apr\u00e8s une course de rentr\u00e9e tr\u00e8s discr\u00e8te, cette repr\u00e9sentante de l&rsquo;\u00e9curie BKM a pris une bonne quatri\u00e8me place, juste derri\u00e8re KRAKANTE (5) et KAROLINE CALINE (11). Elle donne toujours le meilleur d&rsquo;elle-m\u00eame et son driver la conna\u00eet bien. Si elle b\u00e9n\u00e9ficie d&rsquo;un bon parcours, elle a assur\u00e9ment son mot \u00e0 dire pour les places.<\/p>\n<p><strong>Matthias Legros, driver : <\/strong><\/p>\n<p style=\"text-align: justify;\">\u00ab Klasse de Bruzeau (7) est une chic jument. Appliqu\u00e9e et g\u00e9n\u00e9reuse, elle fera une nouvelle fois de son mieux. Le d\u00e9roulement de course fera la diff\u00e9rence pour d\u00e9finir notre classement \u00e0 l&rsquo;arriv\u00e9e. \u00bb<\/p>\n<p id=\"ch_KLASS HAUFOR\" style=\"margin-bottom: 1%;\"><a href=\"https:\/\/www.equidia.fr\/chevaux\/klass-haufor?horse_uuid=d743e577-e513-463a-8cdd-b174f080c835\" target=\"_blank\" rel=\"noopener\">8 &#8211; \u00a0<img decoding=\"async\" alt=\"casaque_KLASS HAUFOR\" src=\"https:\/\/www.europesays.com\/fr\/wp-content\/uploads\/2025\/11\/1762178186_994_20251104-r1c1p8-png.png\" style=\"width: 4.5%; margin :0; vertical-align : middle;\"\/>\u00a0\u00a0KLASS HAUFOR<\/a><\/p>\n<p style=\"text-align: justify;\">Plaisante lors du dernier meeting d&rsquo;hiver, avec notamment deux victoires \u00e0 la cl\u00e9, cette prot\u00e9g\u00e9e de Christian Bigeon a longtemps \u00e9t\u00e9 \u00e9cart\u00e9e des pistes, mais compte d\u00e9sormais deux parcours dans les jambes. Elle sera pieds nus pour l&rsquo;occasion et retrouve Damien Bonne \u00e0 son sulky. Certainement pr\u00e9par\u00e9e en vue de cette \u00e9preuve, elle devrait lutter pour les premi\u00e8res places.<\/p>\n<p><strong>L&rsquo;avis du reporter : <\/strong><\/p>\n<p style=\"text-align: justify;\">\u00ab Klasse Haufor (8) s&rsquo;\u00e9tait illustr\u00e9e en d\u00e9but d&rsquo;hiver dernier. Apr\u00e8s deux parcours dans les jambes et cette fois d\u00e9ferr\u00e9e, elle doit \u00eatre revenue \u00e0 un niveau int\u00e9ressant. M\u00e9fiance ! \u00bb<\/p>\n<p id=\"ch_KAGNOTTE D'AZIF\" style=\"margin-bottom: 1%;\"><a href=\"https:\/\/www.equidia.fr\/chevaux\/kagnotte-dazif?horse_uuid=48d0a5e0-d9a8-49fb-9417-264ebe7c3ec8\" target=\"_blank\" rel=\"noopener\">9 &#8211; \u00a0<img decoding=\"async\" alt=\"casaque_KAGNOTTE D'AZIF\" src=\"https:\/\/www.europesays.com\/fr\/wp-content\/uploads\/2025\/11\/20251104-r1c1p9-png.png\" style=\"width: 4.5%; margin :0; vertical-align : middle;\"\/>\u00a0\u00a0KAGNOTTE D&rsquo;AZIF<\/a><\/p>\n<p style=\"text-align: justify;\">Cette prot\u00e9g\u00e9e de Tony Le Beller fait preuve d&rsquo;une belle r\u00e9gularit\u00e9 et reste sur une honorable cinqui\u00e8me place dans une course de r\u00e9f\u00e9rence, sur plus long. Elle donne toujours le meilleur d&rsquo;elle-m\u00eame, mais n&rsquo;a plus la moindre marge \u00e0 ce niveau et semble barr\u00e9e pour la victoire. Malgr\u00e9 tout, \u00e0 l&rsquo;issue d&rsquo;un bon parcours, elle peut se placer, comme d&rsquo;autres.<\/p>\n<p><strong>Tony Le Beller, entra\u00eeneur et driver : <\/strong><\/p>\n<p style=\"text-align: justify;\">\u00ab Kagnotte d&rsquo;Azif (9) a d\u00fb monter en condition sur sa course de rentr\u00e9e \u00e0 Vincennes le 10 octobre. Elle \u00e9volue dans sa cat\u00e9gorie et le parcours fera la diff\u00e9rence. Si tout se passe bien, nous tenterons de jouer les opportunistes pour participer activement \u00e0 l&rsquo;arriv\u00e9e. \u00bb<\/p>\n<p id=\"ch_KEY OF LOVE\" style=\"margin-bottom: 1%;\"><a href=\"https:\/\/www.equidia.fr\/chevaux\/key-of-love?horse_uuid=fba120ea-f14a-4dff-bf86-c29ca4c9a69f\" target=\"_blank\" rel=\"noopener\">10 &#8211; \u00a0<img decoding=\"async\" alt=\"casaque_KEY OF LOVE\" src=\"https:\/\/www.europesays.com\/fr\/wp-content\/uploads\/2025\/11\/1762178187_759_20251104-r1c1p10-png.png\" style=\"width: 4.5%; margin :0; vertical-align : middle;\"\/>\u00a0\u00a0KEY OF LOVE<\/a><\/p>\n<p style=\"text-align: justify;\">En d\u00e9but d&rsquo;ann\u00e9e, sur cette piste, cette prot\u00e9g\u00e9e de Gianni Fascella s&rsquo;\u00e9tait tr\u00e8s plaisamment impos\u00e9e devant Kaliskana, qui a depuis remport\u00e9 trois courses. Malade le 21 septembre, elle a ensuite couru le 17 octobre dans le but de se pr\u00e9parer pour ce bel engagement. Sauf incident, elle ne devrait pas \u00eatre loin de la v\u00e9rit\u00e9.<\/p>\n<p><strong>Thibault Lamare, entra\u00eeneur : <\/strong><\/p>\n<p style=\"text-align: justify;\">\u00ab Le 21 septembre, Key of Love (10) n&rsquo;\u00e9tait pas dans un grand jour. Elle \u00e9tait malade et n&rsquo;a pas pu tirer son \u00e9pingle du jeu. La course du 9 octobre lui a permis de se remettre dans le bain, et elle est mont\u00e9e en condition physique sur cet essai. Elle fait face \u00e0 un objectif, j&rsquo;esp\u00e8re que tout se passera au mieux. \u00bb<\/p>\n<p id=\"ch_KAROLINE CALINE\" style=\"margin-bottom: 1%;\"><a href=\"https:\/\/www.equidia.fr\/chevaux\/karoline-caline?horse_uuid=5ee5af8c-a66d-4b04-98d2-044741a910ae\" target=\"_blank\" rel=\"noopener\">11 &#8211; \u00a0<img decoding=\"async\" alt=\"casaque_KAROLINE CALINE\" src=\"https:\/\/www.europesays.com\/fr\/wp-content\/uploads\/2025\/11\/1762178188_262_20251104-r1c1p11-png.png\" style=\"width: 4.5%; margin :0; vertical-align : middle;\"\/>\u00a0\u00a0KAROLINE CALINE<\/a><\/p>\n<p style=\"text-align: justify;\">Facile laur\u00e9ate \u00e0 Pornichet en septembre, elle a depuis confirm\u00e9 ses bonnes dispositions en se classant troisi\u00e8me de la course de r\u00e9f\u00e9rence, juste derri\u00e8re KRAKANTE (5). Contrairement \u00e0 cette sortie, elle ne sera pas pieds nus, mais n&rsquo;a pas besoin de cela pour performer. En forme, elle garde son mot \u00e0 dire pour les places.<\/p>\n<p><strong>Sylvain Dupont, entra\u00eeneur : <\/strong><\/p>\n<p style=\"text-align: justify;\">\u00ab Karoline Caline (11) est en forme. L&rsquo;hiver dernier, cela s&rsquo;\u00e9tait mal encha\u00een\u00e9, mais cette ann\u00e9e nous arrivons dans de bonnes dispositions. Seulement plaqu\u00e9e pour l&rsquo;occasion, je ne pense pas que cela la contrarie. Plus le parcours sera favorable, plus elle sera pr\u00e8s de la v\u00e9rit\u00e9. \u00bb<\/p>\n<p id=\"ch_KLASSICA BLEUE\" style=\"margin-bottom: 1%;\"><a href=\"https:\/\/www.equidia.fr\/chevaux\/klassica-bleue?horse_uuid=47006d68-9600-4222-bcbf-a78b385a4276\" target=\"_blank\" rel=\"noopener\">12 &#8211; \u00a0<img decoding=\"async\" alt=\"casaque_KLASSICA BLEUE\" src=\"https:\/\/www.europesays.com\/fr\/wp-content\/uploads\/2025\/11\/1762178188_644_20251104-r1c1p12-png.png\" style=\"width: 4.5%; margin :0; vertical-align : middle;\"\/>\u00a0\u00a0KLASSICA BLEUE<\/a><\/p>\n<p style=\"text-align: justify;\">Facile laur\u00e9ate \u00e0 Cabourg, cette jument de Michel Gallier a depuis r\u00e9alis\u00e9 un retour victorieux dans le temple du trot, sur un parcours de vitesse. Elle n&rsquo;est pas incapable de se montrer fautive, mais semble en l\u00e9ger retard de gains. Si elle reste sage d&rsquo;un bout \u00e0 l&rsquo;autre du parcours, elle d\u00e9tient une tr\u00e8s belle carte \u00e0 jouer.<\/p>\n<p><strong>Alexandre Abrivard, driver : <\/strong><\/p>\n<p style=\"text-align: justify;\">\u00ab Klassica Bleue (12) reste d\u00e9licate, mais sa forme est s\u00fbre. Sage et appliqu\u00e9e, elle \u00e9volue dans sa cat\u00e9gorie. Elle poss\u00e8de suffisamment de moyens pour viser une place sur le podium. \u00bb<\/p>\n<p id=\"ch_KYOKA BOCNEUF\" style=\"margin-bottom: 1%;\"><a href=\"https:\/\/www.equidia.fr\/chevaux\/kyoka-bocneuf?horse_uuid=495b6322-d0f8-4ac1-8b37-10552adbd3d8\" target=\"_blank\" rel=\"noopener\">13 &#8211; \u00a0<img decoding=\"async\" alt=\"casaque_KYOKA BOCNEUF\" src=\"https:\/\/www.europesays.com\/fr\/wp-content\/uploads\/2025\/11\/1762178189_778_20251104-r1c1p13-png.png\" style=\"width: 4.5%; margin :0; vertical-align : middle;\"\/>\u00a0\u00a0KYOKA BOCNEUF<\/a><\/p>\n<p style=\"text-align: justify;\">Cette repr\u00e9sentante de l&rsquo;\u00e9curie Vautors fait preuve d&rsquo;une belle r\u00e9gularit\u00e9 et n&rsquo;a \u00e9t\u00e9 devanc\u00e9e que par la bonne Kaliskana lors de sa derni\u00e8re sortie. Elle court g\u00e9n\u00e9ralement bien avec un peu de fra\u00eecheur et va s&rsquo;\u00e9lancer avec la confiance de son entourage. Pieds nus et de nouveau confi\u00e9e \u00e0 Benjamin Rochard, elle visera une place sur le podium.<\/p>\n<p><strong>Th\u00e9o Radoux, entra\u00eeneur : <\/strong><\/p>\n<p style=\"text-align: justify;\">\u00ab Kyoka Bocneuf (13) est vraiment dans une bonne configuration lorsqu&rsquo;elle court avec de la fra\u00eecheur. Il y a plus d&rsquo;un mois depuis sa derni\u00e8re deuxi\u00e8me place, mais je suis satisfait de cet espace-temps. Ma jument est tr\u00e8s bien le matin, elle aborde cet objectif en pleine possession de ses moyens. \u00bb<\/p>\n<p id=\"ch_KISS ME HONEY\" style=\"margin-bottom: 1%;\"><a href=\"https:\/\/www.equidia.fr\/chevaux\/kiss-me-honey?horse_uuid=dedce8c2-997e-4446-a09c-e2e0a39d9968\" target=\"_blank\" rel=\"noopener\">14 &#8211; \u00a0<img decoding=\"async\" alt=\"casaque_KISS ME HONEY\" src=\"https:\/\/www.europesays.com\/fr\/wp-content\/uploads\/2025\/11\/20251104-r1c1p14-png.png\" style=\"width: 4.5%; margin :0; vertical-align : middle;\"\/>\u00a0\u00a0KISS ME HONEY<\/a><\/p>\n<p style=\"text-align: justify;\">Cette jument de Fran\u00e7ois Nicolle n&rsquo;est plus mont\u00e9e sur un podium depuis avril 2024. Son entourage lui a chang\u00e9 les id\u00e9es en province et elle retrouve le temple du trot en \u00e9tant pieds nus. Elle doit toutefois rassurer et ne poss\u00e8de pas la moindre marge de man\u0153uvre \u00e0 ce niveau. Il y a mieux.<\/p>\n<p><strong>Louis Baudouin, driver : <\/strong><\/p>\n<p style=\"text-align: justify;\">\u00ab Kiss Me Honey (14) n&rsquo;a aucune marge de man\u0153uvre dans ce genre de tournoi. Il nous faudra \u00eatre opportunistes pour esp\u00e9rer prendre une place en bout de combinaison du Quint\u00e9+. \u00bb<\/p>\n<p id=\"ch_KANAKA DE BUSSET\" style=\"margin-bottom: 1%;\"><a href=\"https:\/\/www.equidia.fr\/chevaux\/kanaka-de-busset?horse_uuid=14f11c9e-f31d-4226-a4a6-1de87054b83c\" target=\"_blank\" rel=\"noopener\">15 &#8211; \u00a0<img decoding=\"async\" alt=\"casaque_KANAKA DE BUSSET\" src=\"https:\/\/www.europesays.com\/fr\/wp-content\/uploads\/2025\/11\/20251104-r1c1p15-png.png\" style=\"width: 4.5%; margin :0; vertical-align : middle;\"\/>\u00a0\u00a0KANAKA DE BUSSET<\/a><\/p>\n<p style=\"text-align: justify;\">Lors de son avant-derni\u00e8re sortie sur ce parcours, cette jument de No\u00ebl Lolic a pris une encourageante quatri\u00e8me place, mais n&rsquo;a pu confirmer dans le Quint\u00e9+ du 17 octobre, finissant douzi\u00e8me. Elle n&rsquo;est plus mont\u00e9e sur un podium depuis juillet 2024 et devra compter sur un parcours sur mesure pour esp\u00e9rer s&rsquo;illustrer.<\/p>\n<p><strong>L&rsquo;avis du reporter : <\/strong><\/p>\n<p style=\"text-align: justify;\">\u00ab Kanaka de Busset (15) n&rsquo;a pas pu tirer son \u00e9pingle du jeu le 17 octobre. Bien engag\u00e9e, elle n&rsquo;a cependant pas de marge de man\u0153uvre. Le parcours sera d\u00e9terminant. Si tout se passe bien, elle peut toutefois se placer. \u00bb<\/p>\n<p id=\"ch_KALINE DE VIVOIN\" style=\"margin-bottom: 1%;\"><a href=\"https:\/\/www.equidia.fr\/chevaux\/kaline-de-vivoin?horse_uuid=378c1c8a-9cc0-4d5a-83b0-9a88b566d1fe\" target=\"_blank\" rel=\"noopener\">16 &#8211; \u00a0<img decoding=\"async\" alt=\"casaque_KALINE DE VIVOIN\" src=\"https:\/\/www.europesays.com\/fr\/wp-content\/uploads\/2025\/11\/1762178191_700_20251104-r1c1p16-png.png\" style=\"width: 4.5%; margin :0; vertical-align : middle;\"\/>\u00a0\u00a0KALINE DE VIVOIN<\/a><\/p>\n<p style=\"text-align: justify;\">Lors de ses deux derni\u00e8res tentatives, cette autre jument de Thierry Raffegeau luttait pour la victoire lorsqu&rsquo;elle s&rsquo;est montr\u00e9e fautive dans la ligne droite. Elle fait face \u00e0 un superbe engagement et a prouv\u00e9 ces derni\u00e8res semaines qu&rsquo;elle avait la pointure d&rsquo;une telle \u00e9preuve. Si elle se montre appliqu\u00e9e dans les derniers hectom\u00e8tres, elle pourrait bien s&rsquo;imposer !<\/p>\n<p><strong>L&rsquo;avis du reporter : <\/strong><\/p>\n<p style=\"text-align: justify;\">\u00ab Kaline de Vivoin (16) n&rsquo;est pas une valeur s\u00fbre&#8230; Elle a la qualit\u00e9 pour bien faire, mais son caract\u00e8re n&rsquo;incite pas \u00e0 la confiance ! Les deux derni\u00e8res fois \u00e0 Vincennes, elle n&rsquo;aurait pas \u00e9t\u00e9 loin de la v\u00e9rit\u00e9 sans une incartade dans la phase finale. Elle peut, mais le voudra-t-elle ? \u00bb<\/p>\n<p><strong>Les favoris de la presse<\/strong><\/p>\n<p class=\"synthese\"><strong>SYNTH\u00c8SE \u00a0\u00a0\u00a0\u00a05\u00a0\u00a0&#8211;\u00a0\u00a012\u00a0\u00a0&#8211;\u00a0\u00a016\u00a0\u00a0&#8211;\u00a0\u00a013\u00a0\u00a0&#8211;\u00a0\u00a010\u00a0\u00a0&#8211;\u00a0\u00a08\u00a0\u00a0&#8211;\u00a0\u00a09\u00a0\u00a0&#8211;\u00a0\u00a011<\/strong><\/p>\n<p><a href=\"https:\/\/servedby.revive-adserver.net\/ck.php?n=aa10a822&amp;cb=1234\" target=\"_blank\" rel=\"noopener\"><img decoding=\"async\" alt=\"\" border=\"0\" src=\"https:\/\/www.europesays.com\/fr\/wp-content\/uploads\/2025\/11\/1762178192_854_avw\"\/><\/a><\/p>\n<p><strong>Les stats du jour<\/strong><\/p>\n<p><img decoding=\"async\" src=\"https:\/\/www.europesays.com\/fr\/wp-content\/uploads\/2025\/11\/1104_stats-web_2025-jpg\"\/><\/p>\n<p><strong>Nos \u00e9missions de pronos<\/strong><a href=\"https:\/\/www.equidia.fr\/emissions\/3-mn-q-2023\" target=\"_blank\" rel=\"noopener\"><img decoding=\"async\" alt=\"3min-pronos\" class=\"img_prono\" src=\"https:\/\/www.europesays.com\/fr\/wp-content\/uploads\/2025\/04\/vignette-article-3min-pronos-jpg-1.jpeg\"\/><\/a>3 mn PRONOS du 04\/11<br \/>(Disponible lundi 03 novembre 2025, \u00e0 partir de 17h55)<a href=\"https:\/\/www.equidia.fr\/emissions\/ticket-gagnant-2023\" target=\"_blank\" rel=\"noopener\"><img decoding=\"async\" alt=\"ticket-gagnant\" class=\"img_prono\" src=\"https:\/\/www.europesays.com\/fr\/wp-content\/uploads\/2025\/04\/vignette-article-ticket-gagnant-jpg-1.jpeg\"\/><\/a>TICKET GAGNANT du 04\/11<br \/>(Disponible lundi 03 novembre 2025, \u00e0 partir de 18h00)<\/p>\n","protected":false},"excerpt":{"rendered":"Les partants du Quint\u00e9+ de ce mardi 4 novembrePRIX DE MAURE DE BRETAGNEMARDI 04 NOVEMBREPARIS-VINCENNES &#8211; 2700 METRES&hellip;\n","protected":false},"author":2,"featured_media":508975,"comment_status":"","ping_status":"","sticky":false,"template":"","format":"standard","meta":{"footnotes":""},"categories":[1888],"tags":[11,7635,1777,674,1011,27,12,626,1821,3015,25,7637],"class_list":{"0":"post-508974","1":"post","2":"type-post","3":"status-publish","4":"format-standard","5":"has-post-thumbnail","7":"category-paris","8":"tag-actualites","9":"tag-attele","10":"tag-eu","11":"tag-europe","12":"tag-fr","13":"tag-france","14":"tag-news","15":"tag-paris","16":"tag-pronostics","17":"tag-qrcode","18":"tag-republique-francaise","19":"tag-trot"},"share_on_mastodon":{"url":"https:\/\/pubeurope.com\/@fr\/115486117873090747","error":""},"_links":{"self":[{"href":"https:\/\/www.europesays.com\/fr\/wp-json\/wp\/v2\/posts\/508974","targetHints":{"allow":["GET"]}}],"collection":[{"href":"https:\/\/www.europesays.com\/fr\/wp-json\/wp\/v2\/posts"}],"about":[{"href":"https:\/\/www.europesays.com\/fr\/wp-json\/wp\/v2\/types\/post"}],"author":[{"embeddable":true,"href":"https:\/\/www.europesays.com\/fr\/wp-json\/wp\/v2\/users\/2"}],"replies":[{"embeddable":true,"href":"https:\/\/www.europesays.com\/fr\/wp-json\/wp\/v2\/comments?post=508974"}],"version-history":[{"count":0,"href":"https:\/\/www.europesays.com\/fr\/wp-json\/wp\/v2\/posts\/508974\/revisions"}],"wp:featuredmedia":[{"embeddable":true,"href":"https:\/\/www.europesays.com\/fr\/wp-json\/wp\/v2\/media\/508975"}],"wp:attachment":[{"href":"https:\/\/www.europesays.com\/fr\/wp-json\/wp\/v2\/media?parent=508974"}],"wp:term":[{"taxonomy":"category","embeddable":true,"href":"https:\/\/www.europesays.com\/fr\/wp-json\/wp\/v2\/categories?post=508974"},{"taxonomy":"post_tag","embeddable":true,"href":"https:\/\/www.europesays.com\/fr\/wp-json\/wp\/v2\/tags?post=508974"}],"curies":[{"name":"wp","href":"https:\/\/api.w.org\/{rel}","templated":true}]}}