{"id":508980,"date":"2025-11-03T13:59:14","date_gmt":"2025-11-03T13:59:14","guid":{"rendered":"https:\/\/www.europesays.com\/fr\/508980\/"},"modified":"2025-11-03T13:59:14","modified_gmt":"2025-11-03T13:59:14","slug":"volodymyr-zelensky-attendu-au-sommet-sur-lelargissement-de-lue-organise-par-euronews","status":"publish","type":"post","link":"https:\/\/www.europesays.com\/fr\/508980\/","title":{"rendered":"Volodymyr Zelensky attendu au sommet sur l\u2019\u00e9largissement de l\u2019UE organis\u00e9 par Euronews"},"content":{"rendered":"<p>Le pr\u00e9sident ukrainien <strong>Volodymyr Zelensky<\/strong> a annonc\u00e9 sa participation au sommet europ\u00e9en sur l&rsquo;\u00e9largissement organis\u00e9 par <strong>Euronews<\/strong> <strong>le 4 novembre \u00e0 Bruxelles<\/strong>, afin de d\u00e9battre du processus strat\u00e9gique d&rsquo;<strong>\u00e9largissement de l&rsquo;UE<\/strong>.<\/p>\n<p>\u00c9v\u00e9nement politique europ\u00e9en unique en son genre, le sommet d&rsquo;Euronews r\u00e9unira pour la premi\u00e8re fois les dirigeants de l&rsquo;UE et d&rsquo;un certain nombre de pays candidats dans le cadre d&rsquo;un d\u00e9bat in\u00e9dit sur le processus d&rsquo;\u00e9largissement de l&rsquo;Europe vers l&rsquo;Est, \u00e0 un moment crucial pour l&rsquo;Union europ\u00e9enne et les pays candidats, de l&rsquo;Ukraine et de la Moldavie aux Balkans occidentaux.<\/p>\n<p>Illustrant le nouvel \u00e9lan de l&rsquo;\u00e9largissement strat\u00e9gique de l&rsquo;Europe, le sommet d&rsquo;Euronews r\u00e9unira sur sc\u00e8ne le pr\u00e9sident du Conseil europ\u00e9en, <strong>Ant\u00f3nio Costa<\/strong>, la commissaire europ\u00e9enne \u00e0 l&rsquo;\u00e9largissement, <strong>Marta Kos<\/strong>, le pr\u00e9sident de l&rsquo;Ukraine, Volodymyr Zelensky, la pr\u00e9sidente de la Moldavie, <strong>Maia Sandu<\/strong>, le pr\u00e9sident de la Serbie, <strong>Aleksandar Vu\u010di\u0107<\/strong>, ainsi que trois Premiers ministres : <strong>Edi Rama<\/strong> d&rsquo;Albanie, <strong>Milojko Spaji\u0107<\/strong> du Mont\u00e9n\u00e9gro et <strong>Hristijan Mickoski<\/strong> de Mac\u00e9doine du Nord.<\/p>\n<p>Pendant le sommet, Euronews s\u2019entretiendra avec le pr\u00e9sident Zelensky afin d\u2019\u00e9voquer les strat\u00e9gies de Kyiv pour rejoindre l\u2019Union europ\u00e9enne. La guerre men\u00e9e par la Russie en Ukraine a donn\u00e9 un nouvel \u00e9lan \u2014 et une urgence in\u00e9dite \u2014 au processus d\u2019\u00e9largissement, tant pour l\u2019UE que pour les pays candidats.<\/p>\n<p>Le d\u00e9bat politique complexe sur l&rsquo;adh\u00e9sion de l&rsquo;Ukraine et de la Moldavie \u00e0 l&rsquo;UE bat son plein. Avant le sommet d&rsquo;Euronews, la pr\u00e9sidente de la Commission europ\u00e9enne, <strong>Ursula von der Leyen<\/strong>, a soulign\u00e9 dans son discours annuel sur l&rsquo;\u00e9tat de l&rsquo;Union qu'\u00a0\u00bbune Union plus large et plus forte\u00a0\u00bb avec l&rsquo;Ukraine, la Moldavie et les Balkans occidentaux est \u00ab\u00a0une garantie de s\u00e9curit\u00e9 pour nous tous\u00a0\u00bb. Sa r\u00e9cente tourn\u00e9e dans les pays candidats \u00e0 l&rsquo;adh\u00e9sion a donn\u00e9 un nouvel \u00e9lan au processus d&rsquo;\u00e9largissement.<\/p>\n<p>Une interview de la pr\u00e9sidente <a href=\"https:\/\/fr.euronews.com\/tag\/ursula-von-der-leyen\" target=\"_blank\" rel=\"noopener\"><strong>Von der Leyen<\/strong><\/a> par Euronews, quelques jours seulement apr\u00e8s l&rsquo;invasion russe, a d\u00e9clench\u00e9 le processus d&rsquo;adh\u00e9sion de l&rsquo;Ukraine \u00e0 ce moment crucial pour la nation ukrainienne.<\/p>\n<p>Le 27 f\u00e9vrier 2022, la pr\u00e9sidente Von der Leyen a d\u00e9clar\u00e9 en exclusivit\u00e9 \u00e0 Euronews que l&rsquo;Ukraine \u00e9tait \u00ab\u00a0<strong>l&rsquo;une des n\u00f4tres et que nous voulions qu&rsquo;elle fasse partie de l&rsquo;Union europ\u00e9enne<\/strong>\u00ab\u00a0.<\/p>\n<p>Le lendemain matin, le pr\u00e9sident Zelensky a \u00e9branl\u00e9 l&rsquo;establishment europ\u00e9en en soumettant la demande d&rsquo;adh\u00e9sion de l&rsquo;Ukraine \u00e0 l&rsquo;Union europ\u00e9enne, marqu\u00e9e par la photo d\u00e9sormais iconique de la signature dans un bunker sous le b\u00e2timent assi\u00e9g\u00e9 de la pr\u00e9sidence ukrainienne.<\/p>\n<p>Ce matin du 28 f\u00e9vrier 2022, Zelensky a lanc\u00e9 un appel \u00e0 l&rsquo;Europe, demandant \u00ab\u00a0l&rsquo;adh\u00e9sion imm\u00e9diate de l&rsquo;Ukraine dans le cadre d&rsquo;une nouvelle proc\u00e9dure sp\u00e9ciale\u00a0\u00bb, ajoutant que \u00ab\u00a0notre objectif est d&rsquo;\u00eatre avec tous les Europ\u00e9ens et, plus important encore, d&rsquo;\u00eatre \u00e9gaux. Je suis s\u00fbr que c&rsquo;est juste. Je suis s\u00fbr que nous le m\u00e9ritons\u00a0\u00bb.<\/p>\n<p>Le processus d&rsquo;adh\u00e9sion de l&rsquo;Ukraine s&rsquo;est transform\u00e9 en une affaire europ\u00e9enne des plus complexes et est d\u00e9sormais coupl\u00e9 \u00e0 la demande d&rsquo;adh\u00e9sion de la Moldavie \u00e0 l&rsquo;UE. Ce couplage a d\u00e9j\u00e0 suscit\u00e9 un d\u00e9bat politique \u00e0 l&rsquo;\u00e9chelle de l&rsquo;UE.<\/p>\n<p>Dans un article d&rsquo;opinion exclusif \u00e9crit pour Euronews \u00e0 la veille du sommet, l&rsquo;ambassadeur d&rsquo;Ukraine aupr\u00e8s de l&rsquo;UE, <strong>Vsevolod Chentsov<\/strong>, a d\u00e9clar\u00e9 que \u00ab\u00a0face \u00e0 l&rsquo;agression permanente de la Russie contre l&rsquo;Ukraine et \u00e0 la guerre hybride contre l&rsquo;Europe, l&rsquo;int\u00e9gration europ\u00e9enne est devenue l&rsquo;objectif national d\u00e9terminant de l&rsquo;Ukraine et la source cl\u00e9 de la r\u00e9silience de notre soci\u00e9t\u00e9\u00a0\u00bb.<\/p>\n<p>\u00ab\u00a0L&rsquo;adh\u00e9sion \u00e0 l&rsquo;UE n&rsquo;est pas seulement une transformation institutionnelle ou \u00e9conomique. C&rsquo;est la garantie de l&rsquo;avenir d\u00e9mocratique de l&rsquo;Ukraine et de la s\u00e9curit\u00e9, de l&rsquo;unit\u00e9 et de la confiance de l&rsquo;Europe\u00a0\u00bb, a-t-il ajout\u00e9.<\/p>\n<p>L&rsquo;ambassadeur a mis en garde contre la lenteur du processus d&rsquo;adh\u00e9sion, auquel s&rsquo;oppose la Hongrie, en d\u00e9clarant que \u00ab\u00a0tout retard envoie un mauvais signal et risque de d\u00e9courager les Ukrainiens qui d\u00e9fendent les valeurs europ\u00e9ennes chaque jour, souvent au prix de leur vie\u00a0\u00bb.<\/p>\n<p>Dans un message s\u00e9v\u00e8re adress\u00e9 aux dirigeants de l&rsquo;UE, l&rsquo;ambassadeur a d\u00e9clar\u00e9 que \u00ab\u00a0l&rsquo;Union europ\u00e9enne doit r\u00e9pondre \u00e0 la d\u00e9termination de l&rsquo;Ukraine par une clart\u00e9 strat\u00e9gique et des d\u00e9cisions audacieuses\u00a0\u00bb et que \u00ab\u00a0la confiance dans le projet europ\u00e9en d\u00e9pend de la capacit\u00e9 de l&rsquo;UE \u00e0 se montrer \u00e0 la hauteur de ce moment &#8211; en embrassant ceux qui d\u00e9fendent d\u00e9j\u00e0 les valeurs europ\u00e9ennes en premi\u00e8re ligne\u00a0\u00bb, a conclu l&rsquo;ambassadeur de l&rsquo;Ukraine.<\/p>\n<p>Le sommet europ\u00e9en sur l&rsquo;\u00e9largissement a lieu le jour o\u00f9 la Commission europ\u00e9enne pr\u00e9sentera sa strat\u00e9gie d&rsquo;\u00e9largissement de l&rsquo;UE et l&rsquo;\u00e9valuation annuelle des efforts d\u00e9ploy\u00e9s par l&rsquo;Ukraine, la Moldavie et les Balkans occidentaux sur la voie de l&rsquo;adh\u00e9sion \u00e0 l&rsquo;UE.<\/p>\n<p><strong>Euronews retransmettra le sommet de l&rsquo;\u00e9largissement de l&rsquo;UE en direct sur sa t\u00e9l\u00e9vision et ses plateformes num\u00e9riques, y compris YouTube, le mardi 4 novembre, entre 14 heures et 17 heures CET.<\/strong><\/p>\n","protected":false},"excerpt":{"rendered":"Le pr\u00e9sident ukrainien Volodymyr Zelensky a annonc\u00e9 sa participation au sommet europ\u00e9en sur l&rsquo;\u00e9largissement organis\u00e9 par Euronews le&hellip;\n","protected":false},"author":2,"featured_media":508981,"comment_status":"","ping_status":"","sticky":false,"template":"","format":"standard","meta":{"footnotes":""},"categories":[1590],"tags":[11,6157,1777,24528,674,12,62372,220,364,134],"class_list":{"0":"post-508980","1":"post","2":"type-post","3":"status-publish","4":"format-standard","5":"has-post-thumbnail","7":"category-ukraine","8":"tag-actualites","9":"tag-elargissement-de-lunion-europeenne","10":"tag-eu","11":"tag-euronews","12":"tag-europe","13":"tag-news","14":"tag-sommet-deuronews-sur-lelargissement-de-lue","15":"tag-ukraine","16":"tag-union-europeenne","17":"tag-volodymyr-zelensky"},"share_on_mastodon":{"url":"https:\/\/pubeurope.com\/@fr\/115486127971585462","error":""},"_links":{"self":[{"href":"https:\/\/www.europesays.com\/fr\/wp-json\/wp\/v2\/posts\/508980","targetHints":{"allow":["GET"]}}],"collection":[{"href":"https:\/\/www.europesays.com\/fr\/wp-json\/wp\/v2\/posts"}],"about":[{"href":"https:\/\/www.europesays.com\/fr\/wp-json\/wp\/v2\/types\/post"}],"author":[{"embeddable":true,"href":"https:\/\/www.europesays.com\/fr\/wp-json\/wp\/v2\/users\/2"}],"replies":[{"embeddable":true,"href":"https:\/\/www.europesays.com\/fr\/wp-json\/wp\/v2\/comments?post=508980"}],"version-history":[{"count":0,"href":"https:\/\/www.europesays.com\/fr\/wp-json\/wp\/v2\/posts\/508980\/revisions"}],"wp:featuredmedia":[{"embeddable":true,"href":"https:\/\/www.europesays.com\/fr\/wp-json\/wp\/v2\/media\/508981"}],"wp:attachment":[{"href":"https:\/\/www.europesays.com\/fr\/wp-json\/wp\/v2\/media?parent=508980"}],"wp:term":[{"taxonomy":"category","embeddable":true,"href":"https:\/\/www.europesays.com\/fr\/wp-json\/wp\/v2\/categories?post=508980"},{"taxonomy":"post_tag","embeddable":true,"href":"https:\/\/www.europesays.com\/fr\/wp-json\/wp\/v2\/tags?post=508980"}],"curies":[{"name":"wp","href":"https:\/\/api.w.org\/{rel}","templated":true}]}}