{"id":508986,"date":"2025-11-03T14:02:22","date_gmt":"2025-11-03T14:02:22","guid":{"rendered":"https:\/\/www.europesays.com\/fr\/508986\/"},"modified":"2025-11-03T14:02:22","modified_gmt":"2025-11-03T14:02:22","slug":"allemagne-un-prix-de-lelectricite-reduit-pour-lindustrie-des-2026-03-11-2025-a-1350","status":"publish","type":"post","link":"https:\/\/www.europesays.com\/fr\/508986\/","title":{"rendered":"Allemagne: un prix de l&rsquo;\u00e9lectricit\u00e9 r\u00e9duit pour l&rsquo;industrie d\u00e8s 2026 &#8211; 03\/11\/2025 \u00e0 13:50"},"content":{"rendered":"<p>        <img decoding=\"async\" src=\"https:\/\/www.europesays.com\/fr\/wp-content\/uploads\/2025\/11\/e76e5c70eb8702049d235178d14f6e0a-760x506.jpg\" alt=\"Le vice-pr\u00e9sident de la Commission europ\u00e9enne St\u00e9phane S\u00e9journ\u00e9 et la ministre allemande de l'\u00c9conomie Katherina Reiche, lors d'une conf\u00e9rence \u00e0 Berlin, le 3 novembre 2025 ( AFP \/ Tobias SCHWARZ )\" loading=\"eager\" fetchpriority=\"high\" width=\"760\" height=\"506\" style=\"max-width: 100%!important; height: auto;\"\/><\/p>\n<p class=\"c-image-news__legend\">Le vice-pr\u00e9sident de la Commission europ\u00e9enne St\u00e9phane S\u00e9journ\u00e9 et la ministre allemande de l&rsquo;\u00c9conomie Katherina Reiche, lors d&rsquo;une conf\u00e9rence \u00e0 Berlin, le 3 novembre 2025 ( AFP \/ Tobias SCHWARZ )<\/p>\n<p>\n L&rsquo;Allemagne mettra en place \u00e0 partir de 2026 un prix de l&rsquo;\u00e9lectricit\u00e9 plus avantageux pour les industries \u00e9nergivores, a annonc\u00e9 lundi la ministre de l\u2019\u00c9conomie, \u00e0 quelques jours d&rsquo;un sommet sur la crise du secteur sid\u00e9rurgique.\n<\/p>\n<p>\n \u00ab\u00a0Je pars du principe que nous introduirons ce prix au 1er janvier\u00a0\u00bb de l&rsquo;ann\u00e9e prochaine, a annonc\u00e9 la ministre conservatrice Katherina Reiche, en application d&rsquo;un projet du gouvernement pour soutenir les entreprises fortement consommatrices d&rsquo;\u00e9nergie, de la chimie \u00e0 l&rsquo;acier en passant par l&rsquo;automobile\n<\/p>\n<p>\n \u00ab\u00a0Nous sommes dans les derni\u00e8res \u00e9tapes des n\u00e9gociations avec la Commission europ\u00e9enne\u00a0\u00bb, a-t-elle ajout\u00e9 lors d&rsquo;une conf\u00e9rence sur l&rsquo;industrie \u00e0 Berlin, en pr\u00e9sence du vice-pr\u00e9sident de la Commission europ\u00e9enne St\u00e9phane S\u00e9journ\u00e9, en charge des dossiers industriels.\n<\/p>\n<p>\n Le prix r\u00e9duit pour l&rsquo;industrie sera un \u00ab\u00a0\u00e9l\u00e9ment cl\u00e9 pour la comp\u00e9titivit\u00e9 de l&rsquo;acier\u00a0\u00bb, selon la ministre.\n<\/p>\n<p>\n Le journal Handelsblatt indique que le co\u00fbt total de la mesure pour trois ans s&rsquo;\u00e9l\u00e8verait \u00e0 4,5 milliards d&rsquo;euros pour le budget f\u00e9d\u00e9ral, en partant d&rsquo;une \u00e9tude r\u00e9alis\u00e9e par l&rsquo;Agence allemande de l&rsquo;\u00e9nergie (DENA).\n<\/p>\n<p>\n La coalition entre conservateurs et sociaux-d\u00e9mocrates s&rsquo;est donn\u00e9 comme priorit\u00e9 de r\u00e9duire le prix de l&rsquo;\u00e9lectricit\u00e9 en Allemagne, qui a fortement augment\u00e9 dans la foul\u00e9e de la guerre en Ukraine et reste jusqu&rsquo;\u00e0 trois fois plus cher qu&rsquo;en Chine ou aux Etats-Unis.\n<\/p>\n<p>\n La compensation des prix de l&rsquo;\u00e9lectricit\u00e9 subventionne les entreprises tr\u00e8s consommatrices d&rsquo;\u00e9nergie. Cela r\u00e9duit leur facture li\u00e9e \u00e0 l&rsquo;achat de quotas d&rsquo;\u00e9mission pour couvrir leurs rejets de gaz \u00e0 effet de serre, conform\u00e9ment \u00e0 la r\u00e9glementation europ\u00e9enne.\n<\/p>\n<p>\n Cette aide sera toutefois conditionn\u00e9e: les entreprises devront investir 50% de plus dans \u00ab\u00a0l&rsquo;efficacit\u00e9 et la durabilit\u00e9\u00a0\u00bb. Les justificatifs pour ces investissements devront \u00eatre aussi peu bureaucratiques que possible, selon la ministre.\n<\/p>\n<p>\n Cette annonce intervient quelques jours avant un \u00ab\u00a0sommet sur l&rsquo;acier\u00a0\u00bb pr\u00e9vu jeudi \u00e0 Berlin avec le chancelier Friedrich Merz, alors que le secteur sid\u00e9rurgique fait face \u00e0 une situation difficile, notamment en raison de la concurrence chinoise.\n<\/p>\n<p>\n Pour la sid\u00e9rurgie, \u00ab\u00a0prolonger la compensation des prix de l&rsquo;\u00e9lectricit\u00e9 au-del\u00e0 de 2030 est encore plus crucial\u00a0\u00bb, selon Mme Reiche.\n<\/p>\n<p>\n La Commission europ\u00e9enne a donn\u00e9 \u00e0 cet \u00e9gard \u00ab\u00a0de bons signaux\u00a0\u00bb et sa d\u00e9cision devrait intervenir \u00ab\u00a0dans les prochaines semaines\u00a0\u00bb, selon la ministre.<\/p>\n","protected":false},"excerpt":{"rendered":"Le vice-pr\u00e9sident de la Commission europ\u00e9enne St\u00e9phane S\u00e9journ\u00e9 et la ministre allemande de l&rsquo;\u00c9conomie Katherina Reiche, lors d&rsquo;une&hellip;\n","protected":false},"author":2,"featured_media":508987,"comment_status":"","ping_status":"","sticky":false,"template":"","format":"standard","meta":{"footnotes":""},"categories":[1587],"tags":[400,11,672,398,408,1804,405,1805,1803,1777,674,1801,403,402,399,404,12,1802,401,406,407],"class_list":{"0":"post-508986","1":"post","2":"type-post","3":"status-publish","4":"format-standard","5":"has-post-thumbnail","7":"category-allemagne","8":"tag-action-cac-40","9":"tag-actualites","10":"tag-allemagne","11":"tag-bourse-de-paris","12":"tag-boursorama","13":"tag-bundesrepublik-deutschland","14":"tag-cotations","15":"tag-de","16":"tag-deutschland","17":"tag-eu","18":"tag-europe","19":"tag-germany","20":"tag-indices-devises","21":"tag-investir","22":"tag-investissement","23":"tag-marche-boursier","24":"tag-news","25":"tag-republique-federale-dallemagne","26":"tag-sicav","27":"tag-trackers","28":"tag-warrants"},"share_on_mastodon":{"url":"https:\/\/pubeurope.com\/@fr\/115486140309095405","error":""},"_links":{"self":[{"href":"https:\/\/www.europesays.com\/fr\/wp-json\/wp\/v2\/posts\/508986","targetHints":{"allow":["GET"]}}],"collection":[{"href":"https:\/\/www.europesays.com\/fr\/wp-json\/wp\/v2\/posts"}],"about":[{"href":"https:\/\/www.europesays.com\/fr\/wp-json\/wp\/v2\/types\/post"}],"author":[{"embeddable":true,"href":"https:\/\/www.europesays.com\/fr\/wp-json\/wp\/v2\/users\/2"}],"replies":[{"embeddable":true,"href":"https:\/\/www.europesays.com\/fr\/wp-json\/wp\/v2\/comments?post=508986"}],"version-history":[{"count":0,"href":"https:\/\/www.europesays.com\/fr\/wp-json\/wp\/v2\/posts\/508986\/revisions"}],"wp:featuredmedia":[{"embeddable":true,"href":"https:\/\/www.europesays.com\/fr\/wp-json\/wp\/v2\/media\/508987"}],"wp:attachment":[{"href":"https:\/\/www.europesays.com\/fr\/wp-json\/wp\/v2\/media?parent=508986"}],"wp:term":[{"taxonomy":"category","embeddable":true,"href":"https:\/\/www.europesays.com\/fr\/wp-json\/wp\/v2\/categories?post=508986"},{"taxonomy":"post_tag","embeddable":true,"href":"https:\/\/www.europesays.com\/fr\/wp-json\/wp\/v2\/tags?post=508986"}],"curies":[{"name":"wp","href":"https:\/\/api.w.org\/{rel}","templated":true}]}}