{"id":509008,"date":"2025-11-03T14:18:14","date_gmt":"2025-11-03T14:18:14","guid":{"rendered":"https:\/\/www.europesays.com\/fr\/509008\/"},"modified":"2025-11-03T14:18:14","modified_gmt":"2025-11-03T14:18:14","slug":"architecture-deux-gares-francaises-parmi-les-sept-plus-belles-du-monde-en-2025-actualites","status":"publish","type":"post","link":"https:\/\/www.europesays.com\/fr\/509008\/","title":{"rendered":"Architecture: deux gares fran\u00e7aises parmi les sept plus belles du monde en 2025 : Actualit\u00e9s"},"content":{"rendered":"<p class=\"lead \">La gare de Saint-Denis Pleyel, con\u00e7ue par l&rsquo;architecte japonais Kengo Kuma, et celle de Villejuif-Gustave Roussy, imagin\u00e9e par le Fran\u00e7ais Dominique Perrault font partie des sept \u00ab\u00a0plus belles gares du monde\u00a0\u00bb en 2025, s\u00e9lectionn\u00e9es par le \u00ab\u00a0Prix Versailles\u00a0\u00bb, prix mondial d&rsquo;architecture soutenu par l&rsquo;Unesco.<\/p>\n<p class=\"lead \">Cette liste de finalistes rendue publique lundi \u00e0 Paris, avant le tierc\u00e9 des laur\u00e9ats fin novembre, montre que les gares, notamment les r\u00e9centes cath\u00e9drales souterraines des transports urbains automatiques, \u00ab\u00a0sont de nouveau un terrain de jeu pour les grands architectes\u00a0\u00bb, a d\u00e9clar\u00e9 \u00e0 l&rsquo;AFP J\u00e9r\u00f4me Gouadain, secr\u00e9taire-g\u00e9n\u00e9ral du prix.<\/p>\n<p class=\"lead \">Outre celles du nouveau r\u00e9seau de transport encerclant la capitale fran\u00e7aise (Grand Paris Express), le jury a distingu\u00e9 la gare Gadigal \u00e0 Sydney en Australie, con\u00e7ue par le cabinet Foster + Partners, la gare de Mons en Belgique b\u00e2tie par l&rsquo;architecte espagnol Santiago Calatrava, celle de Baiyun \u00e0 Canton en Chine sign\u00e9e par l&rsquo;agence japonaise Nikken Sekkei, et deux r\u00e9alisations \u00e0 Ryad en Arabie saoudite: la gare KAFD imagin\u00e9e par Zaha Hadid Architects, et celle de Qasr Al Hokm de l&rsquo;agence norv\u00e9gienne Snohetta.<\/p>\n<p class=\"lead \">C&rsquo;est la premi\u00e8re fois depuis que le prix a \u00e9t\u00e9 lanc\u00e9 en 2015 qu&rsquo;autant de grands noms de l&rsquo;architecture mondiale apparaissent dans la cat\u00e9gorie des gares, a soulign\u00e9 M. Gouadain. Ces lieux de passage inspirent car beaucoup de moyens sont mis dans le monde sur la relance des transports en commun, a-t-il ajout\u00e9.<\/p>\n<p class=\"lead \">Le Prix Versailles, cr\u00e9\u00e9 pour \u00ab\u00a0faire de la culture un enjeu du d\u00e9veloppement durable\u00a0\u00bb r\u00e9compense des r\u00e9alisations architecturales r\u00e9centes dans huit domaines diff\u00e9rents, dans le monde entier. Apr\u00e8s mus\u00e9es, h\u00f4tels, restaurants, universit\u00e9s, a\u00e9roports et commerces choisis depuis janvier, et les gares lundi, la liste des stades terminera la s\u00e9lection fin novembre.<\/p>\n<p class=\"lead \">Un jury international de huit personnes, pr\u00e9sid\u00e9 par une personnalit\u00e9 du monde de la culture, et comprenant quatre architectes de renom, choisira d&rsquo;ici la fin de l&rsquo;ann\u00e9e trois r\u00e9alisations parmi les finalistes de chacune des huit cat\u00e9gories, qui recevront un \u00ab\u00a0titre mondial\u00a0\u00bb lors d&rsquo;une c\u00e9r\u00e9monie au si\u00e8ge de l&rsquo;Unesco \u00e0 Paris. <\/p>\n<p class=\"lead \">En 2024, le jury \u00e9tait compos\u00e9 de l&rsquo;architecte am\u00e9ricain Daniel Libeskind, du Japonais Sou Fujimoto, du Britannico-ghan\u00e9en David Adjaye et du Chinois Wang Shu, \u00e9galement laur\u00e9at du prix Pritzker en 2012, aux c\u00f4t\u00e9s du chor\u00e9graphe fran\u00e7ais Benjamin Millepied, de l&rsquo;actrice espagnole Blanca Suarez, de la violoniste allemande Julia Fischer et de la styliste chinoise Guo Pei. Le jury 2025 pour l&rsquo;\u00e9tape finale de la s\u00e9lection n&rsquo;a pas encore \u00e9t\u00e9 d\u00e9voil\u00e9. <\/p>\n<p class=\"small font-weight-bold text-gray3 \"> publi\u00e9 le 3 novembre \u00e0 14h54, AFP<\/p>\n<p>                             Partager<\/p>\n","protected":false},"excerpt":{"rendered":"La gare de Saint-Denis Pleyel, con\u00e7ue par l&rsquo;architecte japonais Kengo Kuma, et celle de Villejuif-Gustave Roussy, imagin\u00e9e par&hellip;\n","protected":false},"author":2,"featured_media":509009,"comment_status":"","ping_status":"","sticky":false,"template":"","format":"standard","meta":{"footnotes":""},"categories":[1358],"tags":[1350,1348,1384,1385,1771,251,1386,58,59,1011,27,63052,4279,6820,2803,12077,1352,4824],"class_list":{"0":"post-509008","1":"post","2":"type-post","3":"status-publish","4":"format-standard","5":"has-post-thumbnail","7":"category-arts-et-design","8":"tag-architecture","9":"tag-arts","10":"tag-arts-and-design","11":"tag-arts-et-design","12":"tag-btp","13":"tag-culture","14":"tag-design","15":"tag-divertissement","16":"tag-entertainment","17":"tag-fr","18":"tag-france","19":"tag-ingnierie","20":"tag-rcompense","21":"tag-rail","22":"tag-transport","23":"tag-unesco","24":"tag-urbanisme","25":"tag-ville"},"share_on_mastodon":{"url":"https:\/\/pubeurope.com\/@fr\/115486202474495067","error":""},"_links":{"self":[{"href":"https:\/\/www.europesays.com\/fr\/wp-json\/wp\/v2\/posts\/509008","targetHints":{"allow":["GET"]}}],"collection":[{"href":"https:\/\/www.europesays.com\/fr\/wp-json\/wp\/v2\/posts"}],"about":[{"href":"https:\/\/www.europesays.com\/fr\/wp-json\/wp\/v2\/types\/post"}],"author":[{"embeddable":true,"href":"https:\/\/www.europesays.com\/fr\/wp-json\/wp\/v2\/users\/2"}],"replies":[{"embeddable":true,"href":"https:\/\/www.europesays.com\/fr\/wp-json\/wp\/v2\/comments?post=509008"}],"version-history":[{"count":0,"href":"https:\/\/www.europesays.com\/fr\/wp-json\/wp\/v2\/posts\/509008\/revisions"}],"wp:featuredmedia":[{"embeddable":true,"href":"https:\/\/www.europesays.com\/fr\/wp-json\/wp\/v2\/media\/509009"}],"wp:attachment":[{"href":"https:\/\/www.europesays.com\/fr\/wp-json\/wp\/v2\/media?parent=509008"}],"wp:term":[{"taxonomy":"category","embeddable":true,"href":"https:\/\/www.europesays.com\/fr\/wp-json\/wp\/v2\/categories?post=509008"},{"taxonomy":"post_tag","embeddable":true,"href":"https:\/\/www.europesays.com\/fr\/wp-json\/wp\/v2\/tags?post=509008"}],"curies":[{"name":"wp","href":"https:\/\/api.w.org\/{rel}","templated":true}]}}