{"id":509012,"date":"2025-11-03T14:21:13","date_gmt":"2025-11-03T14:21:13","guid":{"rendered":"https:\/\/www.europesays.com\/fr\/509012\/"},"modified":"2025-11-03T14:21:13","modified_gmt":"2025-11-03T14:21:13","slug":"fais-gaffe-aux-impots-le-conseil-inattendu-dhenri-salvador-a-benabar","status":"publish","type":"post","link":"https:\/\/www.europesays.com\/fr\/509012\/","title":{"rendered":"\u00ab\u00a0Fais gaffe aux imp\u00f4ts\u00a0!\u00a0\u00bb : le conseil inattendu d&rsquo;Henri Salvador \u00e0 B\u00e9nabar"},"content":{"rendered":"<p>\u00ab\u00a0\u00c7a veut dire qu&rsquo;il pensait que \u00e7a allait marcher pour moi !\u00a0\u00bb<\/p>\n<p class=\"ap-StoryElement ap-StoryElement--mb ap-StoryText\">Face \u00e0 Fr\u00e9d\u00e9ric Lopez, il a racont\u00e9 que cette collaboration avec Henri Salvador \u00e9tait \u00ab\u00a0comme un stage dans une grande entreprise\u00a0\u00bb : \u00ab\u00a0Quand on vient des bistrots et des clubs, se retrouver dans des Z\u00e9niths, tout d&rsquo;un coup, \u00e7a devient s\u00e9rieux. Il y a un truc qui m&rsquo;a professionnalis\u00e9 et qui m&rsquo;a permis de penser que je pouvais devenir un peu plus s\u00e9rieux\u00a0\u00bb.<\/p>\n<p class=\"ap-StoryElement ap-StoryElement--mb ap-StoryText\">Mais B\u00e9nabar s&rsquo;est surtout souvenu d&rsquo;un dr\u00f4le de conseil que lui avait adress\u00e9 Henri Salvador. \u00ab\u00a0Je faisais un mini-show \u00e0 RTL, qui \u00e9tait organis\u00e9 avec des maisons de disques. Je suis all\u00e9 le voir. Je lui ai demand\u00e9 ce qu&rsquo;il en pensait\u00a0\u00bb, a-t-il d\u00e9taill\u00e9. Et de r\u00e9v\u00e9ler la r\u00e9ponse de l&rsquo;interpr\u00e8te de \u00ab\u00a0Jardin d&rsquo;hiver\u00a0\u00bb : \u00ab\u00a0Fais gaffe aux imp\u00f4ts !\u00a0\u00bb. Une phrase inattendue que B\u00e9nabar a consid\u00e9r\u00e9e comme un compliment : \u00ab\u00a0\u00c7a voulait dire quelque chose ! \u00c7a veut dire qu&rsquo;il pensait que \u00e7a allait marcher pour moi !\u00a0\u00bb.<\/p>\n<p>Un record de saison pour \u00ab\u00a0Un dimanche \u00e0 la campagne\u00a0\u00bb<\/p>\n<p class=\"ap-StoryElement ap-StoryElement--mb ap-StoryText\">Du c\u00f4t\u00e9 des audiences, \u00ab\u00a0Un dimanche \u00e0 la campagne\u00a0\u00bb est une \u00e9mission qui continue de bien marcher sur France 2. La semaine derni\u00e8re, le 26 octobre, le programme incarn\u00e9 par Fr\u00e9d\u00e9ric Lopez avait sign\u00e9 son record de saison avec 1,74 million de fid\u00e8les, selon M\u00e9diam\u00e9trie, soit 16,9 % des individus \u00e2g\u00e9s de quatre ans et plus.<\/p>\n","protected":false},"excerpt":{"rendered":"\u00ab\u00a0\u00c7a veut dire qu&rsquo;il pensait que \u00e7a allait marcher pour moi !\u00a0\u00bb Face \u00e0 Fr\u00e9d\u00e9ric Lopez, il a&hellip;\n","protected":false},"author":2,"featured_media":509013,"comment_status":"","ping_status":"","sticky":false,"template":"","format":"standard","meta":{"footnotes":""},"categories":[1355],"tags":[58,59,3057,1011,27,1227,1361,873,3058],"class_list":{"0":"post-509012","1":"post","2":"type-post","3":"status-publish","4":"format-standard","5":"has-post-thumbnail","7":"category-musique","8":"tag-divertissement","9":"tag-entertainment","10":"tag-essential","11":"tag-fr","12":"tag-france","13":"tag-horizontal","14":"tag-music","15":"tag-musique","16":"tag-topshots"},"share_on_mastodon":{"url":"https:\/\/pubeurope.com\/@fr\/115486214469657897","error":""},"_links":{"self":[{"href":"https:\/\/www.europesays.com\/fr\/wp-json\/wp\/v2\/posts\/509012","targetHints":{"allow":["GET"]}}],"collection":[{"href":"https:\/\/www.europesays.com\/fr\/wp-json\/wp\/v2\/posts"}],"about":[{"href":"https:\/\/www.europesays.com\/fr\/wp-json\/wp\/v2\/types\/post"}],"author":[{"embeddable":true,"href":"https:\/\/www.europesays.com\/fr\/wp-json\/wp\/v2\/users\/2"}],"replies":[{"embeddable":true,"href":"https:\/\/www.europesays.com\/fr\/wp-json\/wp\/v2\/comments?post=509012"}],"version-history":[{"count":0,"href":"https:\/\/www.europesays.com\/fr\/wp-json\/wp\/v2\/posts\/509012\/revisions"}],"wp:featuredmedia":[{"embeddable":true,"href":"https:\/\/www.europesays.com\/fr\/wp-json\/wp\/v2\/media\/509013"}],"wp:attachment":[{"href":"https:\/\/www.europesays.com\/fr\/wp-json\/wp\/v2\/media?parent=509012"}],"wp:term":[{"taxonomy":"category","embeddable":true,"href":"https:\/\/www.europesays.com\/fr\/wp-json\/wp\/v2\/categories?post=509012"},{"taxonomy":"post_tag","embeddable":true,"href":"https:\/\/www.europesays.com\/fr\/wp-json\/wp\/v2\/tags?post=509012"}],"curies":[{"name":"wp","href":"https:\/\/api.w.org\/{rel}","templated":true}]}}