{"id":509026,"date":"2025-11-03T14:28:14","date_gmt":"2025-11-03T14:28:14","guid":{"rendered":"https:\/\/www.europesays.com\/fr\/509026\/"},"modified":"2025-11-03T14:28:14","modified_gmt":"2025-11-03T14:28:14","slug":"la-norvege-solde-son-litige-sur-ses-helicopteres-nh90-avec-nhindustries-pour-305-millions-deuros-zone-militaire","status":"publish","type":"post","link":"https:\/\/www.europesays.com\/fr\/509026\/","title":{"rendered":"La Norv\u00e8ge solde son litige sur ses h\u00e9licopt\u00e8res NH90 avec NHIndustries pour 305 millions d&#039;euros &#8211; Zone Militaire"},"content":{"rendered":"<ol>\n<li><a href=\"https:\/\/news.google.com\/rss\/articles\/CBMizAFBVV95cUxOelNsSFBQMC1xVm9SZ2tYUU5wLTdhdXNkZk9xcXZQay1TbjJFRDhUYk9Cemc2bzhKeG4tbWwxdUl6djY3azdXd1lJTm5MU1IzQ0tyTlZfdWUzZWtTYmJzcnZUVUkzOUdRV0FNZEFBQ0Q4VW5mdE1wbjJ4UmV0SWlLN21mbDJBTl9ESWh0d01aMzVnTWlvQ0cwa2dFc0xnZHQ2MW5JRjJjV3psU19wRGh4cGNsam9NMV9FT1RnOFNETFJzVVJ4UmNYSzlQLTA?oc=5\" target=\"_blank\" rel=\"nofollow noopener\">La Norv\u00e8ge solde son litige sur ses h\u00e9licopt\u00e8res NH90 avec NHIndustries pour 305 millions d&rsquo;euros<\/a>&nbsp;&nbsp;Zone Militaire<\/li>\n<li><a href=\"https:\/\/news.google.com\/rss\/articles\/CBMioAJBVV95cUxNXzlQdUdmTDY1QVN1YklfRFJYaGZobmxUWFU5MGVBUkVwSGxNWmFaR3JLTVNOMFM3LVpMYjJaS2pBVDY5MmV1V0F6YlJ4TF9LTWF3Y1dqZG1iZFZ1ZldUZ2N4Mm5iZXp0UElWcV96SXRERWg2eEU3RGhVZW1yOVJ5QjI2c0VNR3VNY0s3aUhCd2I1S0JvbmZ4MGpzbWZJTzduUkIxN2YzMFVVSnRsOFhKTFhDYkNwX3RISnQ5bGIzc3VaaW56QnMtaEMwMUx2RDZMN2phckYyLUZoV2h6RnZjVG41SlFkOGxBdnVkR0tCVFZfbHM3NmZ4bG12TVZwMUxycnRUQWVHMHExcWdfemVvRnZoRW8wYkt4T2plWG5YS2bSAaYCQVVfeXFMUElvX0FCMTRhekZSeVBNc0FYcHRkRmZTWVNXczg4MHBsLUliUlRHaDh3a1RsNlFzaGFQbmp5THNjdkUtWURvTnJNMlRwYVk5MkRiZHJmSlVKVWhkYzFQNEZoUEVUcXdZTnBNVWdIX1NLTm02UnBtdFhDQjl5RFF3d09nUDNtdjRzM2hqUEk2Qko2ZzNZTzBtMk5lMGIzdE1iZ0FjellPclQ0NEMxZ3pfSWhQRnBCS0ZVc0lCZjRxVEZ5UDU5WGgwNUZiRms5TXdVbVktVkFWMzlZOGJ3cU1ubWhzamF4MFJCLU5kbzdiQVJPSExOYllZc2ZhX1pma2VHcE9NRXRFMDZaNmNEZWR0R3pYSmpJdGlsR2tvb1h2dkJEQXdMc0xn?oc=5\" target=\"_blank\" rel=\"nofollow noopener\">H\u00e9licopt\u00e8res NH90 : l&rsquo;europ\u00e9en NHI, incluant Airbus et Leonardo, va payer 305 millions d&rsquo;euros \u00e0 la Norv\u00e8ge<\/a>&nbsp;&nbsp;Boursorama<\/li>\n<li><a href=\"https:\/\/news.google.com\/rss\/articles\/CBMi9AFBVV95cUxQZnpTeGFlSzNXYkFWTk1RUTZ6UldRMEEzd1dKV1pYd09HUWZRNWdDZm9uWXMxVDduYjRvbXMwdEZHVVdEb0NsYWliM2M5Vmk4TXhrWWlYcGp6OVJ2REJCajNUWnh2RXpDX3FzZUxvUkl5WEEtQ3M1STRHTGo0WDJiMFRsdlhGc0xBVlZ4NE1zcGJkbVlBWG9DV2RNd2haZ1BIbWMxS0l3ZzI4RUVyZTIya2xucS05UXNhYUJuc2VERVZ5bEMtRlg1Q1l4ajV6Y1pvRGZHZ0JPdVk4QWxhbEtESHY3QXNPcnJsZmVwc3loNldzdXJT?oc=5\" target=\"_blank\" rel=\"nofollow noopener\">La Norv\u00e8ge et NHIndustries r\u00e8glent \u00e0 l&rsquo;amiable leurs litiges sur les h\u00e9licopt\u00e8res NH90<\/a>&nbsp;&nbsp;La Tribune<\/li>\n<li><a href=\"https:\/\/news.google.com\/rss\/articles\/CBMi5gFBVV95cUxNYTVsSEJCUWdLTEhxcWZRX2c1Zk9CZGItQlBxaUkxMnVVZzlhMU1nclh5bVVCdU9YLWVRY1lFMkpyVF80ODNGcFF1VHVVZ29zXzQyNkxGcl9FNWZtM2Q2MGRpX1ZTNkp5RW1DemhXaHhoa0dncDJKX3REZVdocDlYS3ZqQ013TzNCb0FhWHFHYkNsU0dJTkIxVlZrZXZTN1RSbS13V084dUtabmpaWVhxVDNRQVVsR1J0a2g3ZnVDVERjY0VwcXlBdW10OC16SUlIMG5xX3FqNVpncTl4cDlsT3pGcUpBZw?oc=5\" target=\"_blank\" rel=\"nofollow noopener\">Airbus-La Norv\u00e8ge r\u00e8gle son litige avec NHIndustries sur les h\u00e9licopt\u00e8res NH90<\/a>&nbsp;&nbsp;Les Echos<\/li>\n<li><a href=\"https:\/\/news.google.com\/rss\/articles\/CBMiwwFBVV95cUxQRVJaaVdiSFp1OVVOVmN3RnlIQ1htekJoOVhSSWlLbEp6TzdLZXA0RTRaNVo0My1aYjAyU0E3QzZJdTJhV0lWX2FZV0ZWVjZyRERkYVNORnFRdmVWRVFiUV9SQmhGLVJFRzlNaWJPbXJ6RHNFUHJzclBRSXFxSV9DRDhCWTVKUVpMcjl4U1lKNWZrdkllcWV2VVUtVmtYaTU3WEI5LW5Zb1dhSzJsZUZUTGI0SGg4TW5xNmMwQzVsbWgxVE0?oc=5\" target=\"_blank\" rel=\"nofollow noopener\">Airbus : La Norv\u00e8ge r\u00e8gle son litige avec NHIndustries sur les h\u00e9licopt\u00e8res NH90 pour 305 millions d&rsquo;euros<\/a>&nbsp;&nbsp;L&rsquo;Usine Nouvelle<\/li>\n<\/ol>\n","protected":false},"excerpt":{"rendered":"La Norv\u00e8ge solde son litige sur ses h\u00e9licopt\u00e8res NH90 avec NHIndustries pour 305 millions d&rsquo;euros&nbsp;&nbsp;Zone Militaire H\u00e9licopt\u00e8res NH90&hellip;\n","protected":false},"author":2,"featured_media":509027,"comment_status":"","ping_status":"","sticky":false,"template":"","format":"standard","meta":{"footnotes":""},"categories":[5],"tags":[743,11,1011,27,6373,693,14,26655,12,63053,63054,63055,673,136,28],"class_list":{"0":"post-509026","1":"post","2":"type-post","3":"status-publish","4":"format-standard","5":"has-post-thumbnail","7":"category-international","8":"tag-accord","9":"tag-actualites","10":"tag-fr","11":"tag-france","12":"tag-helicoptere","13":"tag-industrie","14":"tag-international","15":"tag-litige","16":"tag-news","17":"tag-nh-90","18":"tag-nh90","19":"tag-nhindustries","20":"tag-norvege","21":"tag-otan","22":"tag-world"},"share_on_mastodon":{"url":"https:\/\/pubeurope.com\/@fr\/115486241944861701","error":""},"_links":{"self":[{"href":"https:\/\/www.europesays.com\/fr\/wp-json\/wp\/v2\/posts\/509026","targetHints":{"allow":["GET"]}}],"collection":[{"href":"https:\/\/www.europesays.com\/fr\/wp-json\/wp\/v2\/posts"}],"about":[{"href":"https:\/\/www.europesays.com\/fr\/wp-json\/wp\/v2\/types\/post"}],"author":[{"embeddable":true,"href":"https:\/\/www.europesays.com\/fr\/wp-json\/wp\/v2\/users\/2"}],"replies":[{"embeddable":true,"href":"https:\/\/www.europesays.com\/fr\/wp-json\/wp\/v2\/comments?post=509026"}],"version-history":[{"count":0,"href":"https:\/\/www.europesays.com\/fr\/wp-json\/wp\/v2\/posts\/509026\/revisions"}],"wp:featuredmedia":[{"embeddable":true,"href":"https:\/\/www.europesays.com\/fr\/wp-json\/wp\/v2\/media\/509027"}],"wp:attachment":[{"href":"https:\/\/www.europesays.com\/fr\/wp-json\/wp\/v2\/media?parent=509026"}],"wp:term":[{"taxonomy":"category","embeddable":true,"href":"https:\/\/www.europesays.com\/fr\/wp-json\/wp\/v2\/categories?post=509026"},{"taxonomy":"post_tag","embeddable":true,"href":"https:\/\/www.europesays.com\/fr\/wp-json\/wp\/v2\/tags?post=509026"}],"curies":[{"name":"wp","href":"https:\/\/api.w.org\/{rel}","templated":true}]}}