{"id":509030,"date":"2025-11-03T14:30:21","date_gmt":"2025-11-03T14:30:21","guid":{"rendered":"https:\/\/www.europesays.com\/fr\/509030\/"},"modified":"2025-11-03T14:30:21","modified_gmt":"2025-11-03T14:30:21","slug":"les-deputes-retablissent-lancienne-version-de-lexit-tax","status":"publish","type":"post","link":"https:\/\/www.europesays.com\/fr\/509030\/","title":{"rendered":"les d\u00e9put\u00e9s r\u00e9tablissent l\u2019ancienne version de l&rsquo;\u00abexit tax\u00bb"},"content":{"rendered":"<p>\n    Cet imp\u00f4t cr\u00e9\u00e9 par Nicolas Sarkozy pour freiner l\u2019\u00e9vasion fiscale avait \u00e9t\u00e9 largement \u00e9dulcor\u00e9 par les macronistes apr\u00e8s leur arriv\u00e9e au pouvoir. Ce retour en arri\u00e8re devrait g\u00e9n\u00e9rer 70 millions d\u2019euros de recettes suppl\u00e9mentaires.<\/p>\n<p class=\"fig-paragraph\">Les d\u00e9put\u00e9s ont approuv\u00e9 lundi 3 novembre\u00a0<a href=\"http:\/\/www.lefigaro.fr\/conjoncture\/cdhr-exit-tax-ces-hausses-d-impots-pour-les-plus-aises-qui-ont-ete-votees-en-commission-20251021\" data-fig-type=\"Article\" data-gtm-custom-categorie=\"navigation\" data-gtm-custom-action=\"crossclick\" data-gtm-custom-label=\"Contextuel\" data-gtm-event=\"customEventSPE\" data-fig-domain=\"LEFIGARO\" target=\"_blank\" rel=\"noopener\">le r\u00e9tablissement de l&rsquo;\u00abexit tax\u00bb (taxe d&rsquo;expatriation)<\/a>, telle qu&rsquo;elle existait de 2012 \u00e0 2019, dans le cadre de l&rsquo;examen en premi\u00e8re lecture de la partie recettes du budget de l&rsquo;\u00c9tat. Cet imp\u00f4t avait \u00e9t\u00e9\u00a0<a href=\"https:\/\/www.lefigaro.fr\/impots\/2012\/04\/03\/05003-20120403ARTFIG00736-exiles-fiscaux-l-exit-tax-voit-le-jour.php\" data-fig-type=\"Article\" data-gtm-custom-categorie=\"navigation\" data-gtm-custom-action=\"crossclick\" data-gtm-custom-label=\"Contextuel\" data-gtm-event=\"customEventSPE\" data-fig-domain=\"LEFIGARO\" target=\"_blank\" rel=\"noopener\">cr\u00e9\u00e9 par Nicolas Sarkozy<\/a>\u00a0afin de freiner l&rsquo;\u00e9vasion fiscale des entrepreneurs, mais\u00a0<a href=\"https:\/\/www.lefigaro.fr\/impots\/2018\/05\/02\/05003-20180502ARTFIG00015-emmanuel-macron-veut-supprimer-l-exit-tax-des-2019.php\" data-fig-type=\"Article\" data-gtm-custom-categorie=\"navigation\" data-gtm-custom-action=\"crossclick\" data-gtm-custom-label=\"Contextuel\" data-gtm-event=\"customEventSPE\" data-fig-domain=\"LEFIGARO\" target=\"_blank\" rel=\"noopener\">tr\u00e8s nettement adouci par les macronistes<\/a>.<\/p>\n<p class=\"fig-paragraph\">L&rsquo;Assembl\u00e9e a approuv\u00e9 un amendement de Jean-Philippe Tanguy (RN) revenant \u00e0 la version d&rsquo;origine, l&rsquo;extr\u00eame droite votant pour, la droite et les macronistes contre et la gauche s&rsquo;abstenant tr\u00e8s majoritairement. La mesure doit rapporter 70 millions d&rsquo;euros, a estim\u00e9 la ministre des Comptes publics Am\u00e9lie de Montchalin.<\/p>\n<p>                                    <a class=\"fig-a11y-skip a11y-hidden\" href=\"#fig-a11y-skip-main-inarticle\"><br \/>\n        Passer la publicit\u00e9<br \/>\n    <\/a><\/p>\n<p>La plus-value immobili\u00e8re plus rapidement exon\u00e9r\u00e9e d\u2019imp\u00f4ts<\/p>\n<p class=\"fig-paragraph\">Autre mesure notable approuv\u00e9e lundi matin\u00a0: un amendement de Corentin Le Fur (LR) qui vise \u00e0 ramener de 22 \u00e0 17 ans la dur\u00e9e de d\u00e9tention ouvrant droit \u00e0 exon\u00e9ration totale d&rsquo;imp\u00f4t sur la plus-value immobili\u00e8re applicable aux r\u00e9sidences secondaires et autres biens immobiliers non affect\u00e9s \u00e0 la r\u00e9sidence principale.<\/p>\n<p class=\"fig-paragraph\">Les d\u00e9put\u00e9s ach\u00e8vent ce lundi huit jours de discussions sur la partie recettes du budget de l&rsquo;\u00c9tat, sans espoir d&rsquo;aller au terme de ce premier volet dans le temps imparti. Les d\u00e9bats reprendront \u00e0 partir du 12 novembre, jusqu&rsquo;au 23 novembre au plus tard, date \u00e0 laquelle le gouvernement doit transmettre le texte au S\u00e9nat en raison des d\u00e9lais constitutionnels. Ils d\u00e9battront entretemps du budget de la S\u00e9curit\u00e9 sociale.<\/p>\n","protected":false},"excerpt":{"rendered":"Cet imp\u00f4t cr\u00e9\u00e9 par Nicolas Sarkozy pour freiner l\u2019\u00e9vasion fiscale avait \u00e9t\u00e9 largement \u00e9dulcor\u00e9 par les macronistes apr\u00e8s&hellip;\n","protected":false},"author":2,"featured_media":509031,"comment_status":"","ping_status":"","sticky":false,"template":"","format":"standard","meta":{"footnotes":""},"categories":[2],"tags":[11,1003,1011,27,342,12],"class_list":{"0":"post-509030","1":"post","2":"type-post","3":"status-publish","4":"format-standard","5":"has-post-thumbnail","7":"category-actualites","8":"tag-actualites","9":"tag-budget","10":"tag-fr","11":"tag-france","12":"tag-impots","13":"tag-news"},"share_on_mastodon":{"url":"https:\/\/pubeurope.com\/@fr\/115486249806701853","error":""},"_links":{"self":[{"href":"https:\/\/www.europesays.com\/fr\/wp-json\/wp\/v2\/posts\/509030","targetHints":{"allow":["GET"]}}],"collection":[{"href":"https:\/\/www.europesays.com\/fr\/wp-json\/wp\/v2\/posts"}],"about":[{"href":"https:\/\/www.europesays.com\/fr\/wp-json\/wp\/v2\/types\/post"}],"author":[{"embeddable":true,"href":"https:\/\/www.europesays.com\/fr\/wp-json\/wp\/v2\/users\/2"}],"replies":[{"embeddable":true,"href":"https:\/\/www.europesays.com\/fr\/wp-json\/wp\/v2\/comments?post=509030"}],"version-history":[{"count":0,"href":"https:\/\/www.europesays.com\/fr\/wp-json\/wp\/v2\/posts\/509030\/revisions"}],"wp:featuredmedia":[{"embeddable":true,"href":"https:\/\/www.europesays.com\/fr\/wp-json\/wp\/v2\/media\/509031"}],"wp:attachment":[{"href":"https:\/\/www.europesays.com\/fr\/wp-json\/wp\/v2\/media?parent=509030"}],"wp:term":[{"taxonomy":"category","embeddable":true,"href":"https:\/\/www.europesays.com\/fr\/wp-json\/wp\/v2\/categories?post=509030"},{"taxonomy":"post_tag","embeddable":true,"href":"https:\/\/www.europesays.com\/fr\/wp-json\/wp\/v2\/tags?post=509030"}],"curies":[{"name":"wp","href":"https:\/\/api.w.org\/{rel}","templated":true}]}}