{"id":509034,"date":"2025-11-03T14:32:22","date_gmt":"2025-11-03T14:32:22","guid":{"rendered":"https:\/\/www.europesays.com\/fr\/509034\/"},"modified":"2025-11-03T14:32:22","modified_gmt":"2025-11-03T14:32:22","slug":"pres-de-saint-etienne-un-forum-de-lemploi-ce-mardi-plus-de-200-emplois-a-pourvoir","status":"publish","type":"post","link":"https:\/\/www.europesays.com\/fr\/509034\/","title":{"rendered":"Pr\u00e8s de Saint-\u00c9tienne : un forum de l&#8217;emploi ce mardi, plus de 200 emplois \u00e0 pourvoir"},"content":{"rendered":"<p>Plus de 50 entreprises de la Vall\u00e9e du Gier recrutent \u00e0 Saint-Chamond. Un forum de l&#8217;emploi est organis\u00e9 mardi 4 novembre, avec plus de 200 postes \u00e0 pourvoir dans des secteurs tr\u00e8s vari\u00e9s.<\/p>\n<p>Vous cherchez un emploi ou une nouvelle opportunit\u00e9 professionnelle ? Un grand forum de l&#8217;emploi est organis\u00e9 <b>mardi 4 novembre<\/b> \u00e0 <b>Saint-Chamond<\/b>, dans la salle Aristide Briand (au parc Nelson Mandela).<\/p>\n<p>Plus de 200 emplois \u00e0 pourvoir<\/p>\n<p><b>Plus de 50 entreprises de la Vall\u00e9e du Gier<\/b> seront pr\u00e9sentes, avec <b>plus de 200 postes \u00e0 pourvoir<\/b> dans des secteurs vari\u00e9s : commerce, restauration, industrie, transport, b\u00e2timent, sant\u00e9 ou encore tertiaire.<\/p>\n<p>Pas besoin de rendez-vous, il suffit de venir <b>entre 13h30 et 16h30<\/b>, muni de plusieurs CV \u00e0 jour (attention, il ne sera pas possible de faire de photocopies sur place).<\/p>\n<p>CDI, CDD, temps partiel\u2026<\/p>\n<p>Ce job dating est ouvert \u00e0 tous : emplois \u00e0 temps plein ou partiel, CDD ou CDI, plusieurs contrats sont propos\u00e9s. L&rsquo;occasion id\u00e9ale de rencontrer directement les recruteurs et d&rsquo;\u00e9changer sur les opportunit\u00e9s locales.<\/p>\n<p>Pour consulter les offres associ\u00e9es \u00e0 l&rsquo;\u00e9v\u00e9nement, rendez-vous sur le site <a class=\"url\" href=\"https:\/\/www.francetravail.fr\/accueil\/\" target=\"_blank\" rel=\"nofollow noopener\">francetravail.fr<\/a> et tapez le mot-cl\u00e9 \u00ab\u00a0FORUMGIER2025\u00a0\u00bb dans la barre de recherche.<\/p>\n<p><img loading=\"lazy\" decoding=\"async\" src=\"https:\/\/www.europesays.com\/fr\/wp-content\/uploads\/2025\/11\/1762180342_751_img\" width=\"350\" height=\"200\" border=\"0\" title=\"Un don de sang\"\/><\/p>\n<p>\u25baSant\u00e9<\/p>\n<p style=\"font-size: 22px;\"><b>Saint-\u00c9tienne : une premi\u00e8re collecte de sang organis\u00e9e au tribunal judiciaire<\/b><\/p>\n<p>Le tribunal judiciaire de Saint-\u00c9tienne s&rsquo;associe&#8230;<\/p>\n<p><\/p>\n","protected":false},"excerpt":{"rendered":"Plus de 50 entreprises de la Vall\u00e9e du Gier recrutent \u00e0 Saint-Chamond. Un forum de l&#8217;emploi est organis\u00e9&hellip;\n","protected":false},"author":2,"featured_media":509035,"comment_status":"","ping_status":"","sticky":false,"template":"","format":"standard","meta":{"footnotes":""},"categories":[9653],"tags":[1111,11,2430,52026,29457,2303,313,1777,674,1011,27,5113,12,13710,25,9920,9669,4001,63057,63056,3847],"class_list":{"0":"post-509034","1":"post","2":"type-post","3":"status-publish","4":"format-standard","5":"has-post-thumbnail","7":"category-saint-etienne","8":"tag-actu","9":"tag-actualites","10":"tag-auvergne-rhone-alpes","11":"tag-cdd","12":"tag-cdi","13":"tag-emplois","14":"tag-entreprises","15":"tag-eu","16":"tag-europe","17":"tag-fr","18":"tag-france","19":"tag-job-dating","20":"tag-news","21":"tag-postes","22":"tag-republique-francaise","23":"tag-saint-tienne","24":"tag-saint-chamond","25":"tag-saint-etienne","26":"tag-temps-partiel","27":"tag-temps-plein","28":"tag-travail"},"share_on_mastodon":{"url":"https:\/\/pubeurope.com\/@fr\/115486257799646654","error":""},"_links":{"self":[{"href":"https:\/\/www.europesays.com\/fr\/wp-json\/wp\/v2\/posts\/509034","targetHints":{"allow":["GET"]}}],"collection":[{"href":"https:\/\/www.europesays.com\/fr\/wp-json\/wp\/v2\/posts"}],"about":[{"href":"https:\/\/www.europesays.com\/fr\/wp-json\/wp\/v2\/types\/post"}],"author":[{"embeddable":true,"href":"https:\/\/www.europesays.com\/fr\/wp-json\/wp\/v2\/users\/2"}],"replies":[{"embeddable":true,"href":"https:\/\/www.europesays.com\/fr\/wp-json\/wp\/v2\/comments?post=509034"}],"version-history":[{"count":0,"href":"https:\/\/www.europesays.com\/fr\/wp-json\/wp\/v2\/posts\/509034\/revisions"}],"wp:featuredmedia":[{"embeddable":true,"href":"https:\/\/www.europesays.com\/fr\/wp-json\/wp\/v2\/media\/509035"}],"wp:attachment":[{"href":"https:\/\/www.europesays.com\/fr\/wp-json\/wp\/v2\/media?parent=509034"}],"wp:term":[{"taxonomy":"category","embeddable":true,"href":"https:\/\/www.europesays.com\/fr\/wp-json\/wp\/v2\/categories?post=509034"},{"taxonomy":"post_tag","embeddable":true,"href":"https:\/\/www.europesays.com\/fr\/wp-json\/wp\/v2\/tags?post=509034"}],"curies":[{"name":"wp","href":"https:\/\/api.w.org\/{rel}","templated":true}]}}