{"id":509049,"date":"2025-11-03T14:42:14","date_gmt":"2025-11-03T14:42:14","guid":{"rendered":"https:\/\/www.europesays.com\/fr\/509049\/"},"modified":"2025-11-03T14:42:14","modified_gmt":"2025-11-03T14:42:14","slug":"le-souvenir-francais-de-domene-sest-fait-derober-des-troncs-de-quete","status":"publish","type":"post","link":"https:\/\/www.europesays.com\/fr\/509049\/","title":{"rendered":"le Souvenir fran\u00e7ais de Dom\u00e8ne s\u2019est fait d\u00e9rober des troncs de qu\u00eate"},"content":{"rendered":"<p>Sans rentrer dans les d\u00e9tails de l\u2019origine de la f\u00eate de la Toussaint, cette \u00e9dition 2025 va rester tr\u00e8s am\u00e8re pour les responsables du comit\u00e9 du Souvenir fran\u00e7ais du canton de Dom\u00e8ne. En effet, ils se sont fait d\u00e9rober trois troncs install\u00e9s aux portes des cimeti\u00e8res de Dom\u00e8ne et Murianette pour la traditionnelle qu\u00eate du 1er\u00a0novembre ce vendredi\u00a031\u00a0octobre.<\/p>\n<p>Philippe Rizzardi, pr\u00e9sident du comit\u00e9 du Souvenir fran\u00e7ais pour le canton de Dom\u00e8ne, avait du mal \u00e0 cacher sa col\u00e8re mais aussi son d\u00e9sappointement face\u00a0au\u00a0geste odieux \u00ab\u00a0de voler des morts pour la France\u00a0\u00bb.<\/p>\n<p>Pour rappel, le Souvenir fran\u00e7ais effectue sa traditionnelle qu\u00eate annuelle du 1er\u00a0novembre aux entr\u00e9es du cimeti\u00e8re communal afin de perp\u00e9tuer le devoir de m\u00e9moire envers ceux qui ont donn\u00e9 leur vie pour la France en fleurissant et en r\u00e9alisant &#8211; comme cette ann\u00e9e au cimeti\u00e8re de Dom\u00e8ne &#8211; les carr\u00e9s militaires et monuments aux morts.<\/p>\n<p>  \u00ab\u00a0Nous passons sur tous les cimeti\u00e8res du canton\u00a0\u00bb<\/p>\n<p>Le cimeti\u00e8re de Dom\u00e8ne repr\u00e9sente le plus important montant de la qu\u00eate, \u00ab\u00a0mais on ne peut pas \u00eatre de partout \u00e0 la fois, pr\u00e9cisait un b\u00e9n\u00e9vole, car en m\u00eame temps, nous passons sur tous les cimeti\u00e8res du canton pour entretenir et fleurir les tombes\u00a0\u00bb.<\/p>\n<p>Philippe Rizzardi a tout de m\u00eame communiqu\u00e9 le montant de la qu\u00eate collect\u00e9e pour 2025, \u00e0 savoir Dom\u00e8ne,\u00a0427\u00a0\u20ac (112\u00a0\u20ac de moins que l\u2019an dernier)\u00a0; Murianette,\u00a00,00\u00a0\u20ac\u00a0; Le Versoud,\u00a040,20\u00a0\u20ac\u00a0; La Combe-de-Lancey, 19,60\u00a0\u20ac\u00a0; Villard-Bonnot, 71, 20\u00a0\u20ac\u00a0; Revel,\u00a056,50\u00a0\u20ac\u00a0; Saint Mury,\u00a013,50\u00a0\u20ac\u00a0; et Sainte-Agn\u00e8s,\u00a015\u00a0\u20ac.<\/p>\n","protected":false},"excerpt":{"rendered":"Sans rentrer dans les d\u00e9tails de l\u2019origine de la f\u00eate de la Toussaint, cette \u00e9dition 2025 va rester&hellip;\n","protected":false},"author":2,"featured_media":509050,"comment_status":"","ping_status":"","sticky":false,"template":"","format":"standard","meta":{"footnotes":""},"categories":[9566],"tags":[1111,11,2430,12492,113,1777,674,274,1011,27,2731,12204,108,12,25,104,1631],"class_list":{"0":"post-509049","1":"post","2":"type-post","3":"status-publish","4":"format-standard","5":"has-post-thumbnail","7":"category-grenoble","8":"tag-actu","9":"tag-actualites","10":"tag-auvergne-rhone-alpes","11":"tag-domene","12":"tag-edition-gresivaudan-oisans","13":"tag-eu","14":"tag-europe","15":"tag-faits-divers-justice","16":"tag-fr","17":"tag-france","18":"tag-grenoble","19":"tag-gresivaudan","20":"tag-isere","21":"tag-news","22":"tag-republique-francaise","23":"tag-societe","24":"tag-vie-associative"},"share_on_mastodon":{"url":"https:\/\/pubeurope.com\/@fr\/115486296938720805","error":""},"_links":{"self":[{"href":"https:\/\/www.europesays.com\/fr\/wp-json\/wp\/v2\/posts\/509049","targetHints":{"allow":["GET"]}}],"collection":[{"href":"https:\/\/www.europesays.com\/fr\/wp-json\/wp\/v2\/posts"}],"about":[{"href":"https:\/\/www.europesays.com\/fr\/wp-json\/wp\/v2\/types\/post"}],"author":[{"embeddable":true,"href":"https:\/\/www.europesays.com\/fr\/wp-json\/wp\/v2\/users\/2"}],"replies":[{"embeddable":true,"href":"https:\/\/www.europesays.com\/fr\/wp-json\/wp\/v2\/comments?post=509049"}],"version-history":[{"count":0,"href":"https:\/\/www.europesays.com\/fr\/wp-json\/wp\/v2\/posts\/509049\/revisions"}],"wp:featuredmedia":[{"embeddable":true,"href":"https:\/\/www.europesays.com\/fr\/wp-json\/wp\/v2\/media\/509050"}],"wp:attachment":[{"href":"https:\/\/www.europesays.com\/fr\/wp-json\/wp\/v2\/media?parent=509049"}],"wp:term":[{"taxonomy":"category","embeddable":true,"href":"https:\/\/www.europesays.com\/fr\/wp-json\/wp\/v2\/categories?post=509049"},{"taxonomy":"post_tag","embeddable":true,"href":"https:\/\/www.europesays.com\/fr\/wp-json\/wp\/v2\/tags?post=509049"}],"curies":[{"name":"wp","href":"https:\/\/api.w.org\/{rel}","templated":true}]}}