{"id":509051,"date":"2025-11-03T14:43:15","date_gmt":"2025-11-03T14:43:15","guid":{"rendered":"https:\/\/www.europesays.com\/fr\/509051\/"},"modified":"2025-11-03T14:43:15","modified_gmt":"2025-11-03T14:43:15","slug":"grenoble-le-festival-du-film-de-rando-au-club","status":"publish","type":"post","link":"https:\/\/www.europesays.com\/fr\/509051\/","title":{"rendered":"Grenoble. Le festival du film de rando au Club"},"content":{"rendered":"<p>Retrouvez la saison 2 du festival du film de rando au Club\u00a0: Histoires et crapahutes\u00a0! Au programme\u00a0: cinq films de randos et d\u2019aventures et toujours l\u2019humain au c\u0153ur des r\u00e9cits\u00a0!<\/p>\n<p>Uapishka (28 min, de Marie-France L\u2019Ecuyer), Marcher la France (23 min, de Constant Pelhate), Rencontres asturiennes (21 min, d\u2019Antoine Courtois), Estampe d\u2019une aventure (23 min, de L\u00e9o Molinari), \u00c9quateur-Ph\u00e9nix (hors comp\u00e9tition, 54 min, de Philippe Donadille et J\u00e9r\u00f4me Poizat).<\/p>\n<p class=\"note\">Jeudi 13\u00a0novembre \u00e0 20h15 au Club \u00e0 Grenoble. La s\u00e9ance sera pr\u00e9sent\u00e9e par le r\u00e9alisateur J\u00e9r\u00f4me Poizat. Dur\u00e9e\u00a0: 2h30 avec un entracte. De 5 \u00e0 8,60\u00a0\u20ac.<\/p>\n","protected":false},"excerpt":{"rendered":"Retrouvez la saison 2 du festival du film de rando au Club\u00a0: Histoires et crapahutes\u00a0! Au programme\u00a0: cinq&hellip;\n","protected":false},"author":2,"featured_media":509052,"comment_status":"","ping_status":"","sticky":false,"template":"","format":"standard","meta":{"footnotes":""},"categories":[9566],"tags":[1111,11,2430,650,1687,112,1777,674,1011,27,2731,2732,108,12,25],"class_list":{"0":"post-509051","1":"post","2":"type-post","3":"status-publish","4":"format-standard","5":"has-post-thumbnail","7":"category-grenoble","8":"tag-actu","9":"tag-actualites","10":"tag-auvergne-rhone-alpes","11":"tag-cinema","12":"tag-culture-loisirs","13":"tag-edition-grenoble-agglomeration","14":"tag-eu","15":"tag-europe","16":"tag-fr","17":"tag-france","18":"tag-grenoble","19":"tag-grenoble-bassin","20":"tag-isere","21":"tag-news","22":"tag-republique-francaise"},"share_on_mastodon":{"url":"https:\/\/pubeurope.com\/@fr\/115486300760387892","error":""},"_links":{"self":[{"href":"https:\/\/www.europesays.com\/fr\/wp-json\/wp\/v2\/posts\/509051","targetHints":{"allow":["GET"]}}],"collection":[{"href":"https:\/\/www.europesays.com\/fr\/wp-json\/wp\/v2\/posts"}],"about":[{"href":"https:\/\/www.europesays.com\/fr\/wp-json\/wp\/v2\/types\/post"}],"author":[{"embeddable":true,"href":"https:\/\/www.europesays.com\/fr\/wp-json\/wp\/v2\/users\/2"}],"replies":[{"embeddable":true,"href":"https:\/\/www.europesays.com\/fr\/wp-json\/wp\/v2\/comments?post=509051"}],"version-history":[{"count":0,"href":"https:\/\/www.europesays.com\/fr\/wp-json\/wp\/v2\/posts\/509051\/revisions"}],"wp:featuredmedia":[{"embeddable":true,"href":"https:\/\/www.europesays.com\/fr\/wp-json\/wp\/v2\/media\/509052"}],"wp:attachment":[{"href":"https:\/\/www.europesays.com\/fr\/wp-json\/wp\/v2\/media?parent=509051"}],"wp:term":[{"taxonomy":"category","embeddable":true,"href":"https:\/\/www.europesays.com\/fr\/wp-json\/wp\/v2\/categories?post=509051"},{"taxonomy":"post_tag","embeddable":true,"href":"https:\/\/www.europesays.com\/fr\/wp-json\/wp\/v2\/tags?post=509051"}],"curies":[{"name":"wp","href":"https:\/\/api.w.org\/{rel}","templated":true}]}}