{"id":509053,"date":"2025-11-03T14:45:13","date_gmt":"2025-11-03T14:45:13","guid":{"rendered":"https:\/\/www.europesays.com\/fr\/509053\/"},"modified":"2025-11-03T14:45:13","modified_gmt":"2025-11-03T14:45:13","slug":"une-personne-mise-en-examen","status":"publish","type":"post","link":"https:\/\/www.europesays.com\/fr\/509053\/","title":{"rendered":"une personne mise en examen"},"content":{"rendered":"<p>            Par<br \/>\n        <strong><br \/>\n            <a href=\"https:\/\/actu.fr\/auteur\/brian-legoff\" title=\"Consulter tous les articles de Brian Le Goff\" rel=\"nofollow noopener\" target=\"_blank\">Brian Le Goff<\/a><br \/>\n        <\/strong><\/p>\n<p>        Publi\u00e9 le<\/p>\n<p>            3 nov. 2025 \u00e0 15h26        <\/p>\n<p>Les <strong>faits sont graves.<\/strong> Lundi 27\u00a0octobre 2025, <a href=\"https:\/\/actu.fr\/bretagne\/rennes_35238\/une-femme-atteinte-de-schizophrenie-retrouvee-morte-a-rennes-deux-personnes-recherchees_63362522.html\" rel=\"nofollow noopener\" target=\"_blank\">une femme \u00e2g\u00e9e de 36\u00a0ans et atteinte de schizophr\u00e9nie, a \u00e9t\u00e9 retrouv\u00e9e morte<\/a> <strong>par deux infirmi\u00e8res \u00e0 son domicile,<\/strong> dans le quartier de la Bellangerais, \u00e0 <a href=\"https:\/\/actu.fr\/rennes\/\" rel=\"nofollow noopener\" target=\"_blank\">Rennes<\/a>. Alors que deux hommes \u00e9taient d\u2019abord recherch\u00e9s, l\u2019enqu\u00eate s\u2019est recentr\u00e9e sur <strong>un seul et m\u00eame suspect.<\/strong><\/p>\n<p>Information judiciaire ouverte<\/p>\n<p class=\" wall-content\">Ce dernier a \u00e9t\u00e9 <strong>interpell\u00e9<\/strong>, vendredi 31\u00a0octobre, indique <a href=\"https:\/\/www.letelegramme.fr\/ille-et-vilaine\/rennes-35000\/elle-avait-ete-tuee-dans-son-appartement-a-rennes-un-homme-interpelle-apres-la-mort-demilie-6921480.php\" rel=\"nofollow noopener\" target=\"_blank\">Le T\u00e9l\u00e9gramme<\/a>. Selon nos informations, <strong>l\u2019homme a \u00e9t\u00e9 pr\u00e9sent\u00e9 \u00e0 un juge et mis en examen<\/strong>, dimanche 2\u00a0novembre.<\/p>\n<p class=\" wall-content\">Une<strong> information judiciaire a \u00e9t\u00e9 ouverte<\/strong> et va permettre de poursuivre les investigations, afin de pr\u00e9ciser les circonstances du meurtre et mener des expertises, notamment psychiatriques.<\/p>\n<p class=\" wall-content\">Sollicit\u00e9 par<a href=\"https:\/\/actu.fr\/rennes\/\" rel=\"nofollow noopener\" target=\"_blank\"> actu Rennes<\/a>, le parquet n\u2019a pour l\u2019heure pas r\u00e9pondu \u00e0 notre demande de confirmation.<\/p>\n<p class=\" wall-content\"><strong>Plus d\u2019informations \u00e0 venir\u2026.<\/strong><\/p>\n<p class=\" wall-content\">Personnalisez votre actualit\u00e9 en ajoutant vos villes et m\u00e9dias en favori avec <a href=\"https:\/\/moncompte.actu.fr\" title=\"D\u00e9couvez Mon Actu\" rel=\"nofollow noopener\" data-trk=\"{&quot;cta&quot;:{&quot;action&quot;:&quot;https:\\\/\\\/moncompte.actu.fr&quot;,&quot;category&quot;:&quot;mon compte&quot;,&quot;from&quot;:&quot;article footer&quot;,&quot;name&quot;:&quot;Mon actu&quot;,&quot;type&quot;:&quot;cta&quot;}}\" target=\"_blank\">Mon Actu<\/a>.<\/p>\n","protected":false},"excerpt":{"rendered":"Par Brian Le Goff Publi\u00e9 le 3 nov. 2025 \u00e0 15h26 Les faits sont graves. Lundi 27\u00a0octobre 2025,&hellip;\n","protected":false},"author":2,"featured_media":509054,"comment_status":"","ping_status":"","sticky":false,"template":"","format":"standard","meta":{"footnotes":""},"categories":[2821],"tags":[1111,11,829,1777,674,118,1011,27,303,12,1072,584,25],"class_list":{"0":"post-509053","1":"post","2":"type-post","3":"status-publish","4":"format-standard","5":"has-post-thumbnail","7":"category-rennes","8":"tag-actu","9":"tag-actualites","10":"tag-bretagne","11":"tag-eu","12":"tag-europe","13":"tag-faits-divers","14":"tag-fr","15":"tag-france","16":"tag-justice","17":"tag-news","18":"tag-police","19":"tag-rennes","20":"tag-republique-francaise"},"share_on_mastodon":{"url":"https:\/\/pubeurope.com\/@fr\/115486308889318567","error":""},"_links":{"self":[{"href":"https:\/\/www.europesays.com\/fr\/wp-json\/wp\/v2\/posts\/509053","targetHints":{"allow":["GET"]}}],"collection":[{"href":"https:\/\/www.europesays.com\/fr\/wp-json\/wp\/v2\/posts"}],"about":[{"href":"https:\/\/www.europesays.com\/fr\/wp-json\/wp\/v2\/types\/post"}],"author":[{"embeddable":true,"href":"https:\/\/www.europesays.com\/fr\/wp-json\/wp\/v2\/users\/2"}],"replies":[{"embeddable":true,"href":"https:\/\/www.europesays.com\/fr\/wp-json\/wp\/v2\/comments?post=509053"}],"version-history":[{"count":0,"href":"https:\/\/www.europesays.com\/fr\/wp-json\/wp\/v2\/posts\/509053\/revisions"}],"wp:featuredmedia":[{"embeddable":true,"href":"https:\/\/www.europesays.com\/fr\/wp-json\/wp\/v2\/media\/509054"}],"wp:attachment":[{"href":"https:\/\/www.europesays.com\/fr\/wp-json\/wp\/v2\/media?parent=509053"}],"wp:term":[{"taxonomy":"category","embeddable":true,"href":"https:\/\/www.europesays.com\/fr\/wp-json\/wp\/v2\/categories?post=509053"},{"taxonomy":"post_tag","embeddable":true,"href":"https:\/\/www.europesays.com\/fr\/wp-json\/wp\/v2\/tags?post=509053"}],"curies":[{"name":"wp","href":"https:\/\/api.w.org\/{rel}","templated":true}]}}