{"id":509061,"date":"2025-11-03T14:49:17","date_gmt":"2025-11-03T14:49:17","guid":{"rendered":"https:\/\/www.europesays.com\/fr\/509061\/"},"modified":"2025-11-03T14:49:17","modified_gmt":"2025-11-03T14:49:17","slug":"gare-de-nice-la-nouvelle-ligne-ter-vers-marseille-menacee-par-une-greve-ce-que-lon-sait","status":"publish","type":"post","link":"https:\/\/www.europesays.com\/fr\/509061\/","title":{"rendered":"Gare de Nice. La nouvelle ligne TER vers Marseille menac\u00e9e par une gr\u00e8ve, ce que l&rsquo;on sait"},"content":{"rendered":"<p>            Par<br \/>\n        <strong><br \/>\n            <a href=\"https:\/\/actu.fr\/auteur\/arthur-frand\" title=\"Consulter tous les articles de Arthur Frand\" target=\"_blank\" rel=\"noopener\">Arthur Frand<\/a><br \/>\n        <\/strong><\/p>\n<p>        Publi\u00e9 le<\/p>\n<p>            3 nov. 2025 \u00e0 14h59<br \/>\n        ; mis \u00e0 jour le 3 nov. 2025 \u00e0 15h11    <\/p>\n<p>Des <strong>perturbations \u00e0 pr\u00e9voir<\/strong> sur les rails ces prochains jours\u2009? C\u2019est fort probable. D\u00e9j\u00e0 confront\u00e9 au scepticisme des voyageurs depuis son arriv\u00e9e sur la ligne Marseille-<a href=\"https:\/\/actu.fr\/nice\/\" target=\"_blank\" rel=\"noopener\">Nice<\/a> fin juin, l\u2019op\u00e9rateur Transdev va devoir affronter son premier mouvement de gr\u00e8ve.<\/p>\n<p class=\" wall-content\">En effet, dans un communiqu\u00e9 envoy\u00e9 ce lundi 3\u00a0novembre, le syndicat Sud-Rail indique qu\u2019un <strong>pr\u00e9avis a \u00e9t\u00e9 d\u00e9pos\u00e9<\/strong> \u00e0 partir du mercredi 5\u00a0novembre 2025, 19h, pour une dur\u00e9e d\u2019une semaine, jusqu\u2019au 12\u00a0novembre, 8h.<\/p>\n<p class=\" wall-content\">De fait, la circulation sur les lignes r\u00e9gionales risque d\u2019\u00eatre fortement <strong>impact\u00e9e<\/strong>, notamment en gare de Nice (<a href=\"https:\/\/actu.fr\/provence-alpes-cote-d-azur\/alpes-maritimes_06\" target=\"_blank\" rel=\"noopener\">Alpes-Maritimes<\/a>).<\/p>\n<p>La r\u00e9mun\u00e9ration comme principale revendication<\/p>\n<p class=\" wall-content\">Pour justifier ce mouvement, le syndicat r\u00e9v\u00e8le avoir men\u00e9 une consultation depuis plusieurs semaines aupr\u00e8s de ses agents. Les r\u00e9sultats sont clairs selon Sud-Rail\u2009: 88\u2009% des agents se <strong>disent insatisfaits<\/strong> des r\u00e9ponses apport\u00e9es par Transdev et 84\u2009% appellent \u00e0 la gr\u00e8ve.<\/p>\n<p class=\" wall-content\">Mais quelles sont les revendications des salari\u00e9s\u2009? \u00ab\u2009La <strong>r\u00e9mun\u00e9ration est la principale pr\u00e9occupation<\/strong>. L\u2019entreprise fait face \u00e0 une crise sociale et un contentieux salarial urgent. Elle ne peut plus s\u2019y soustraire\u2009\u00bb, justifie le syndicat Sud-Rail. Ce dernier demande \u00e0 \u00eatre re\u00e7u de toute urgence. \u00ab\u2009L\u2019entreprise doit apporter des r\u00e9ponses concr\u00e8tes et imm\u00e9diates \u00e0 nos revendications\u2009\u00bb, estime-t-il.<\/p>\n<p>    <a href=\"https:\/\/www.facebook.com\/plugins\/post.php?href=https%3A%2F%2Fwww.facebook.com%2Fsudrailofficiel%2Fposts%2Fpfbid0mufYxehyZAHwSrZm5WBDjYdxawbwQ4KSDc6EqvNzaw88B1zqs2fBWCZwtnnsKhxpl&amp;show_text=true&amp;width=350\" title=\"Ouvrie le lien\" target=\"_blank\" rel=\"noopener\">Cliquez ici pour visualiser le contenu<\/a><\/p>\n<p class=\" wall-content\">Contact\u00e9es, ni Transdev, ni la R\u00e9gion Provence-Alpes-C\u00f4te-d\u2019Azur n\u2019ont pour le moment r\u00e9pondu \u00e0 nos sollicitations.<\/p>\n<p>Votre r\u00e9gion, votre actu !<\/p>\n<p>Recevez chaque jour les infos qui comptent pour vous.<\/p>\n<p>\t<a href=\"https:\/\/actu.fr\/newsletter\" class=\"ac-btn ac-btn--corner ac-btn--medium ac-btn--blue800\" target=\"_blank\" rel=\"noopener\">S&rsquo;incrire<\/a><br \/>\nUne mise en service r\u00e9cente<\/p>\n<p class=\" wall-content\">Cet appel \u00e0 la gr\u00e8ve tombe mal pour l\u2019op\u00e9rateur et la R\u00e9gion Sud. Cela ne fait que quatre mois, \u00e0 peine, que Transdev fait rouler ses TER priv\u00e9s roulent sur la ligne Marseille-Nice en lieu et place de la SNCF. Un contrat important estim\u00e9 \u00e0 800\u00a0millions d\u2019euros.<\/p>\n<p class=\" wall-content\">La R\u00e9gion Provence-Alpes-C\u00f4te d\u2019Azur a \u00e9t\u00e9 <strong>la premi\u00e8re \u00e0 faire confiance<\/strong> \u00e0 un op\u00e9rateur priv\u00e9 pour la circulation de ces trains.<\/p>\n<p class=\" wall-content\">Ce dimanche 2\u00a0novembre, Renaud Muselier et ses \u00e9quipes se f\u00e9licitaient apr\u00e8s un sondage de l\u2019Ifop, soulignant que les habitants du Sud \u00e9taient parmi les plus attach\u00e9s \u00e0 leur r\u00e9gion. Avec notamment cet argument\u2009: \u00ab\u2009une R\u00e9gion accessible avec deux fois plus de train et des abonnements 20\u2009% moins chers.\u2009\u00bb<\/p>\n<p class=\" wall-content\">Personnalisez votre actualit\u00e9 en ajoutant vos villes et m\u00e9dias en favori avec <a href=\"https:\/\/moncompte.actu.fr\" title=\"D\u00e9couvez Mon Actu\" rel=\"nofollow noopener\" data-trk=\"{&quot;cta&quot;:{&quot;action&quot;:&quot;https:\\\/\\\/moncompte.actu.fr&quot;,&quot;category&quot;:&quot;mon compte&quot;,&quot;from&quot;:&quot;article footer&quot;,&quot;name&quot;:&quot;Mon actu&quot;,&quot;type&quot;:&quot;cta&quot;}}\" target=\"_blank\">Mon Actu<\/a>.<\/p>\n","protected":false},"excerpt":{"rendered":"Par Arthur Frand Publi\u00e9 le 3 nov. 2025 \u00e0 14h59 ; mis \u00e0 jour le 3 nov. 2025&hellip;\n","protected":false},"author":2,"featured_media":509062,"comment_status":"","ping_status":"","sticky":false,"template":"","format":"standard","meta":{"footnotes":""},"categories":[2819],"tags":[1111,11,1777,674,1011,27,6151,12,2401,882,25,104,2803],"class_list":{"0":"post-509061","1":"post","2":"type-post","3":"status-publish","4":"format-standard","5":"has-post-thumbnail","7":"category-nice","8":"tag-actu","9":"tag-actualites","10":"tag-eu","11":"tag-europe","12":"tag-fr","13":"tag-france","14":"tag-greve","15":"tag-news","16":"tag-nice","17":"tag-provence-alpes-cote-dazur","18":"tag-republique-francaise","19":"tag-societe","20":"tag-transport"},"share_on_mastodon":{"url":"https:\/\/pubeurope.com\/@fr\/115486324516303758","error":""},"_links":{"self":[{"href":"https:\/\/www.europesays.com\/fr\/wp-json\/wp\/v2\/posts\/509061","targetHints":{"allow":["GET"]}}],"collection":[{"href":"https:\/\/www.europesays.com\/fr\/wp-json\/wp\/v2\/posts"}],"about":[{"href":"https:\/\/www.europesays.com\/fr\/wp-json\/wp\/v2\/types\/post"}],"author":[{"embeddable":true,"href":"https:\/\/www.europesays.com\/fr\/wp-json\/wp\/v2\/users\/2"}],"replies":[{"embeddable":true,"href":"https:\/\/www.europesays.com\/fr\/wp-json\/wp\/v2\/comments?post=509061"}],"version-history":[{"count":0,"href":"https:\/\/www.europesays.com\/fr\/wp-json\/wp\/v2\/posts\/509061\/revisions"}],"wp:featuredmedia":[{"embeddable":true,"href":"https:\/\/www.europesays.com\/fr\/wp-json\/wp\/v2\/media\/509062"}],"wp:attachment":[{"href":"https:\/\/www.europesays.com\/fr\/wp-json\/wp\/v2\/media?parent=509061"}],"wp:term":[{"taxonomy":"category","embeddable":true,"href":"https:\/\/www.europesays.com\/fr\/wp-json\/wp\/v2\/categories?post=509061"},{"taxonomy":"post_tag","embeddable":true,"href":"https:\/\/www.europesays.com\/fr\/wp-json\/wp\/v2\/tags?post=509061"}],"curies":[{"name":"wp","href":"https:\/\/api.w.org\/{rel}","templated":true}]}}