{"id":509065,"date":"2025-11-03T14:51:23","date_gmt":"2025-11-03T14:51:23","guid":{"rendered":"https:\/\/www.europesays.com\/fr\/509065\/"},"modified":"2025-11-03T14:51:23","modified_gmt":"2025-11-03T14:51:23","slug":"au-sud-de-nantes-cette-clinique-propose-des-depistages-gratuits","status":"publish","type":"post","link":"https:\/\/www.europesays.com\/fr\/509065\/","title":{"rendered":"au sud de Nantes, cette clinique propose des d\u00e9pistages gratuits"},"content":{"rendered":"<p>            Par<br \/>\n        <strong><br \/>\n            <a href=\"https:\/\/actu.fr\/auteur\/thomas-bernard\" title=\"Consulter tous les articles de Thomas Bernard\" rel=\"nofollow noopener\" target=\"_blank\">Thomas Bernard<\/a><br \/>\n        <\/strong><\/p>\n<p>        Publi\u00e9 le<\/p>\n<p>            3 nov. 2025 \u00e0 15h35        <\/p>\n<p>Chaque ann\u00e9e, le mois novembre bleu (ou Movember), <strong>sensibilise aux maladies masculines (cancer de la prostate ou celui des testicules) et aux probl\u00e8mes de sant\u00e9 mentale<\/strong>. \u00c0 cette occasion, l\u2019h\u00f4pital priv\u00e9 du Confluent, \u00e0 Nantes, organise des actions avec son nouveau centre d\u2019urologie.<\/p>\n<p>D\u00e9pistages gratuits et taille de la barbe<\/p>\n<p class=\" wall-content\">Les urologues du Centre d\u2019Urologie du Confluent organisent <strong>des consultations de d\u00e9pistage gratuites des maladies masculines durant tout le mois de novembre<\/strong>. Des d\u00e9pistages accessibles <strong>apr\u00e8s inscription au 02\u200928\u200925\u200956\u200961<\/strong> (ligne ouverte du lundi au vendredi, de 9h \u00e0 19h). Il est possible de s\u2019inscrire \u00e0 partir du lundi 3\u00a0novembre 2025.<\/p>\n<p class=\" wall-content\">Le lundi 24\u00a0novembre, de 10h \u00e0 15h, un salon de barbier \u00e9ph\u00e9m\u00e8re s\u2019installe ans le hall principal de l\u2019h\u00f4pital priv\u00e9 nantais (porte 3).<\/p>\n<p class=\" wall-content\">\u00ab\u2009Nos urologues invitent le grand public et le personnel de l\u2019\u00e9tablissement \u00e0 se faire tailler la barbe et la moustache pour la bonne cause\u2009\u00bb, indique la clinique dans un communiqu\u00e9 de presse. Une animation gratuite \u00e0 laquelle il faut r\u00e9server, via <a href=\"https:\/\/www.billetweb.fr\/movember-hpc\" rel=\"nofollow noopener\" target=\"_blank\">ce lien<\/a>, pour y participer.<\/p>\n<p class=\" wall-content\">Cet atelier sera accompagn\u00e9 d\u2019informations sur l\u2019importance du d\u00e9pistage des maladies masculines.<\/p>\n<p class=\" wall-content\">Personnalisez votre actualit\u00e9 en ajoutant vos villes et m\u00e9dias en favori avec <a href=\"https:\/\/moncompte.actu.fr\" title=\"D\u00e9couvez Mon Actu\" rel=\"nofollow noopener\" data-trk=\"{&quot;cta&quot;:{&quot;action&quot;:&quot;https:\\\/\\\/moncompte.actu.fr&quot;,&quot;category&quot;:&quot;mon compte&quot;,&quot;from&quot;:&quot;article footer&quot;,&quot;name&quot;:&quot;Mon actu&quot;,&quot;type&quot;:&quot;cta&quot;}}\" target=\"_blank\">Mon Actu<\/a>.<\/p>\n","protected":false},"excerpt":{"rendered":"Par Thomas Bernard Publi\u00e9 le 3 nov. 2025 \u00e0 15h35 Chaque ann\u00e9e, le mois novembre bleu (ou Movember),&hellip;\n","protected":false},"author":2,"featured_media":509066,"comment_status":"","ping_status":"","sticky":false,"template":"","format":"standard","meta":{"footnotes":""},"categories":[2818],"tags":[1111,11,101,1777,674,1011,27,766,12,2636,25,71,104],"class_list":{"0":"post-509065","1":"post","2":"type-post","3":"status-publish","4":"format-standard","5":"has-post-thumbnail","7":"category-nantes","8":"tag-actu","9":"tag-actualites","10":"tag-cancer","11":"tag-eu","12":"tag-europe","13":"tag-fr","14":"tag-france","15":"tag-nantes","16":"tag-news","17":"tag-pays-de-la-loire","18":"tag-republique-francaise","19":"tag-sante","20":"tag-societe"},"share_on_mastodon":{"url":"https:\/\/pubeurope.com\/@fr\/115486332346889659","error":""},"_links":{"self":[{"href":"https:\/\/www.europesays.com\/fr\/wp-json\/wp\/v2\/posts\/509065","targetHints":{"allow":["GET"]}}],"collection":[{"href":"https:\/\/www.europesays.com\/fr\/wp-json\/wp\/v2\/posts"}],"about":[{"href":"https:\/\/www.europesays.com\/fr\/wp-json\/wp\/v2\/types\/post"}],"author":[{"embeddable":true,"href":"https:\/\/www.europesays.com\/fr\/wp-json\/wp\/v2\/users\/2"}],"replies":[{"embeddable":true,"href":"https:\/\/www.europesays.com\/fr\/wp-json\/wp\/v2\/comments?post=509065"}],"version-history":[{"count":0,"href":"https:\/\/www.europesays.com\/fr\/wp-json\/wp\/v2\/posts\/509065\/revisions"}],"wp:featuredmedia":[{"embeddable":true,"href":"https:\/\/www.europesays.com\/fr\/wp-json\/wp\/v2\/media\/509066"}],"wp:attachment":[{"href":"https:\/\/www.europesays.com\/fr\/wp-json\/wp\/v2\/media?parent=509065"}],"wp:term":[{"taxonomy":"category","embeddable":true,"href":"https:\/\/www.europesays.com\/fr\/wp-json\/wp\/v2\/categories?post=509065"},{"taxonomy":"post_tag","embeddable":true,"href":"https:\/\/www.europesays.com\/fr\/wp-json\/wp\/v2\/tags?post=509065"}],"curies":[{"name":"wp","href":"https:\/\/api.w.org\/{rel}","templated":true}]}}