{"id":509079,"date":"2025-11-03T14:58:16","date_gmt":"2025-11-03T14:58:16","guid":{"rendered":"https:\/\/www.europesays.com\/fr\/509079\/"},"modified":"2025-11-03T14:58:16","modified_gmt":"2025-11-03T14:58:16","slug":"info-la-provence-le-jul-store-a-marseille-sera-implante-dans-la-galerie-marchande-dauchan-a-la-valentine-a-partir-du-5-decembre","status":"publish","type":"post","link":"https:\/\/www.europesays.com\/fr\/509079\/","title":{"rendered":"Info La Provence. Le Jul store \u00e0 Marseille sera implant\u00e9 dans la galerie marchande d&rsquo;Auchan \u00e0 la Valentine \u00e0 partir du 5 d\u00e9cembre"},"content":{"rendered":"<p>L&rsquo;adresse du prochain \u00ab\u00a0<strong>Jul Store<\/strong>\u00a0\u00bb \u00e0 <a href=\"https:\/\/www.laprovence.com\/bouches-du-rhone\/marseille-13055\" target=\"_blank\" rel=\"noopener\">Marseille<\/a> est d\u00e9sormais connue. Apr\u00e8s <a href=\"https:\/\/www.laprovence.com\/article\/region\/39379021745535\/ce-qu-on-a-pris-dans-la-boutique-de-jul-ben-tout-aux-terrasses-du-port-a-marseille-le-jul-store-fait-le-plein\" target=\"_blank\" rel=\"noopener\">les Terrasses du Port<\/a> et <a href=\"https:\/\/www.laprovence.com\/article\/culture-loisirs\/2893821669161514\/concert-de-jul-au-velodrome-une-foule-massive-pour-louverture-du-jul-store-au-prado\" target=\"_blank\" rel=\"noopener\">le Prado-Shopping<\/a>, c&rsquo;est \u00e0 la Valentine que se tiendra la prochaine boutique \u00e9ph\u00e9m\u00e8re du \u00ab\u00a0J\u00a0\u00bb. T-shirts, CDs, chaussettes, surv\u00eatements&#8230; Si vous souhaitez acheter du \u00ab\u00a0merch\u00a0\u00bb \u00e0 l&rsquo;effigie du rappeur marseillais, c&rsquo;est l&rsquo;endroit o\u00f9 se rendre.<\/p>\n<p>Le \u00ab\u00a0Jul Store\u00a0\u00bb ouvrira \u00e0 partir du <strong>vendredi 5 d\u00e9cembre<\/strong>, date de la sortie de <a href=\"https:\/\/www.laprovence.com\/article\/culture-loisirs\/1674162091103614\/jul-annonce-la-sortie-de-son-prochain-album-tp-sur-tp-pour-le-5-novembre\" target=\"_blank\" rel=\"noopener\">son prochain album \u00ab\u00a0TP sur TP\u00a0\u00bb<\/a>. La boutique sera tr\u00e8s exactement situ\u00e9e dans la galerie marchande d&rsquo;Auchan, juste \u00e0 c\u00f4t\u00e9 du magasin Sport 2000.<\/p>\n<p><strong>La pr\u00e9vente<\/strong> est pr\u00e9vue ce mercredi 5 novembre \u00e0 12h, et le 7 novembre \u00e0 10 h se tiendra l&rsquo;ouverture g\u00e9n\u00e9rale.<\/p>\n","protected":false},"excerpt":{"rendered":"L&rsquo;adresse du prochain \u00ab\u00a0Jul Store\u00a0\u00bb \u00e0 Marseille est d\u00e9sormais connue. Apr\u00e8s les Terrasses du Port et le Prado-Shopping,&hellip;\n","protected":false},"author":2,"featured_media":509080,"comment_status":"","ping_status":"","sticky":false,"template":"","format":"standard","meta":{"footnotes":""},"categories":[2814],"tags":[17,1111,11,1102,251,1777,674,1011,27,63058,1922,1279,884,12,1186,882,25,6690,23424],"class_list":{"0":"post-509079","1":"post","2":"type-post","3":"status-publish","4":"format-standard","5":"has-post-thumbnail","7":"category-marseille","8":"tag-17","9":"tag-actu","10":"tag-actualites","11":"tag-breakingnews","12":"tag-culture","13":"tag-eu","14":"tag-europe","15":"tag-fr","16":"tag-france","17":"tag-implante","18":"tag-info","19":"tag-jul","20":"tag-marseille","21":"tag-news","22":"tag-provence","23":"tag-provence-alpes-cote-dazur","24":"tag-republique-francaise","25":"tag-sera","26":"tag-store"},"share_on_mastodon":{"url":"https:\/\/pubeurope.com\/@fr\/115486359902032927","error":""},"_links":{"self":[{"href":"https:\/\/www.europesays.com\/fr\/wp-json\/wp\/v2\/posts\/509079","targetHints":{"allow":["GET"]}}],"collection":[{"href":"https:\/\/www.europesays.com\/fr\/wp-json\/wp\/v2\/posts"}],"about":[{"href":"https:\/\/www.europesays.com\/fr\/wp-json\/wp\/v2\/types\/post"}],"author":[{"embeddable":true,"href":"https:\/\/www.europesays.com\/fr\/wp-json\/wp\/v2\/users\/2"}],"replies":[{"embeddable":true,"href":"https:\/\/www.europesays.com\/fr\/wp-json\/wp\/v2\/comments?post=509079"}],"version-history":[{"count":0,"href":"https:\/\/www.europesays.com\/fr\/wp-json\/wp\/v2\/posts\/509079\/revisions"}],"wp:featuredmedia":[{"embeddable":true,"href":"https:\/\/www.europesays.com\/fr\/wp-json\/wp\/v2\/media\/509080"}],"wp:attachment":[{"href":"https:\/\/www.europesays.com\/fr\/wp-json\/wp\/v2\/media?parent=509079"}],"wp:term":[{"taxonomy":"category","embeddable":true,"href":"https:\/\/www.europesays.com\/fr\/wp-json\/wp\/v2\/categories?post=509079"},{"taxonomy":"post_tag","embeddable":true,"href":"https:\/\/www.europesays.com\/fr\/wp-json\/wp\/v2\/tags?post=509079"}],"curies":[{"name":"wp","href":"https:\/\/api.w.org\/{rel}","templated":true}]}}