{"id":509081,"date":"2025-11-03T14:59:11","date_gmt":"2025-11-03T14:59:11","guid":{"rendered":"https:\/\/www.europesays.com\/fr\/509081\/"},"modified":"2025-11-03T14:59:11","modified_gmt":"2025-11-03T14:59:11","slug":"au-palais-des-sports-de-marseille-le-mondial-de-breaking-a-tenu-toutes-ses-promesses","status":"publish","type":"post","link":"https:\/\/www.europesays.com\/fr\/509081\/","title":{"rendered":"Au Palais des Sports de Marseille, le Mondial de breaking a tenu toutes ses promesses"},"content":{"rendered":"<p>Un Palais des Sports complet, des spectateurs survolt\u00e9s et un parquet transform\u00e9 en ar\u00e8ne de danse. Pour sa 3e \u00e9dition,<a href=\"https:\/\/www.laprovence.com\/article\/sports\/3139501219474414\/le-breaking-sinstalle-au-palais-des-sports-de-marseille\" target=\"_blank\" rel=\"noopener\"> le Mondial du Breaking<\/a> a confirm\u00e9 son statut d&rsquo;\u00e9v\u00e9nement majeur pour les cultures urbaines. \u00ab\u00a0On ne s&rsquo;attendait pas \u00e0 un tel engouement\u00a0!\u00a0\u00bb, confie <a href=\"https:\/\/www.laprovence.com\/article\/actualites\/2904772\/bboy-fathi-laixois-devenu-roi-de-france-du-hip-hop.html\" target=\"_blank\" rel=\"noopener\">Fathi Benjilali<\/a>, coorganisateur.<\/p>\n<p>Certains sont venus assister aux spectacles propos\u00e9s tout au long de l&rsquo;apr\u00e8s-midi par les \u00e9coles de danse de la r\u00e9gion. \u00ab\u00a0Je voulais r\u00e9unir toutes les danses. On est un vivier fort mais il y avait une carence d&rsquo;\u00e9v\u00e9nementiel\u00a0\u00bb, poursuit-il.<\/p>\n<p>D&rsquo;autres ont pu admirer le show des battles de breakdance.<\/p>\n<p>La comp\u00e9tition s&rsquo;est d\u00e9roul\u00e9e en trois cat\u00e9gories (2vs2 Bboy, et 1vs1 Bgirl et Kids), r\u00e9unissant des talents bruts venus du monde entier. Issu de la culture hip-hop, le breaking avait fait son apparition lors des JO de Paris\u00a02024. Les danseurs alternent phases au sol, rotations et freezes, le tout au rythme impos\u00e9 par les DJ.<\/p>\n<p>Un duo fran\u00e7ais en finale<\/p>\n<p>Sur la piste, chaque passage est \u00e9valu\u00e9 par trois juges qui d\u00e9terminent le vainqueur \u00e0 l&rsquo;issue du battle, selon diff\u00e9rents crit\u00e8res. \u00ab\u00a0Je suis tr\u00e8s sensible \u00e0 la musicalit\u00e9. \u00c7a reste de la danse. J&rsquo;aime aussi la prise de risque et la cr\u00e9ativit\u00e9. Mais c&rsquo;est assez subjectif\u00a0\u00ab\u00a0, pr\u00e9cise Manuela, une des membres du jury.<\/p>\n<p>Parmi les performances marquantes, le duo fran\u00e7ais Dee et Ankif a su enflammer le public marseillais, avant de s&rsquo;incliner en finale face au V\u00e9n\u00e9zu\u00e9lien Alvin et au Russe Grom. \u00ab\u00a0On est tr\u00e8s fiers\u00a0! L&rsquo;important, c&rsquo;est de faire le spectacle tout en apportant son identit\u00e9\u00a0\u00bb, expliquent les deux danseurs qui rappellent\u00a0: \u00ab\u00a0\u00c0 Marseille, on ne breake pas comme \u00e0 Paris.\u00a0\u00bb<\/p>\n","protected":false},"excerpt":{"rendered":"Un Palais des Sports complet, des spectateurs survolt\u00e9s et un parquet transform\u00e9 en ar\u00e8ne de danse. Pour sa&hellip;\n","protected":false},"author":2,"featured_media":509082,"comment_status":"","ping_status":"","sticky":false,"template":"","format":"standard","meta":{"footnotes":""},"categories":[2814],"tags":[17,1111,11,270,154,1777,674,1011,27,884,2181,12,12823,882,25,60,10124],"class_list":{"0":"post-509081","1":"post","2":"type-post","3":"status-publish","4":"format-standard","5":"has-post-thumbnail","7":"category-marseille","8":"tag-17","9":"tag-actu","10":"tag-actualites","11":"tag-breaking","12":"tag-des","13":"tag-eu","14":"tag-europe","15":"tag-fr","16":"tag-france","17":"tag-marseille","18":"tag-mondial","19":"tag-news","20":"tag-palais","21":"tag-provence-alpes-cote-dazur","22":"tag-republique-francaise","23":"tag-sports","24":"tag-tenu"},"share_on_mastodon":{"url":"https:\/\/pubeurope.com\/@fr\/115486364078494971","error":""},"_links":{"self":[{"href":"https:\/\/www.europesays.com\/fr\/wp-json\/wp\/v2\/posts\/509081","targetHints":{"allow":["GET"]}}],"collection":[{"href":"https:\/\/www.europesays.com\/fr\/wp-json\/wp\/v2\/posts"}],"about":[{"href":"https:\/\/www.europesays.com\/fr\/wp-json\/wp\/v2\/types\/post"}],"author":[{"embeddable":true,"href":"https:\/\/www.europesays.com\/fr\/wp-json\/wp\/v2\/users\/2"}],"replies":[{"embeddable":true,"href":"https:\/\/www.europesays.com\/fr\/wp-json\/wp\/v2\/comments?post=509081"}],"version-history":[{"count":0,"href":"https:\/\/www.europesays.com\/fr\/wp-json\/wp\/v2\/posts\/509081\/revisions"}],"wp:featuredmedia":[{"embeddable":true,"href":"https:\/\/www.europesays.com\/fr\/wp-json\/wp\/v2\/media\/509082"}],"wp:attachment":[{"href":"https:\/\/www.europesays.com\/fr\/wp-json\/wp\/v2\/media?parent=509081"}],"wp:term":[{"taxonomy":"category","embeddable":true,"href":"https:\/\/www.europesays.com\/fr\/wp-json\/wp\/v2\/categories?post=509081"},{"taxonomy":"post_tag","embeddable":true,"href":"https:\/\/www.europesays.com\/fr\/wp-json\/wp\/v2\/tags?post=509081"}],"curies":[{"name":"wp","href":"https:\/\/api.w.org\/{rel}","templated":true}]}}