{"id":509083,"date":"2025-11-03T15:00:13","date_gmt":"2025-11-03T15:00:13","guid":{"rendered":"https:\/\/www.europesays.com\/fr\/509083\/"},"modified":"2025-11-03T15:00:13","modified_gmt":"2025-11-03T15:00:13","slug":"la-metropole-remet-les-points-sur-les-i","status":"publish","type":"post","link":"https:\/\/www.europesays.com\/fr\/509083\/","title":{"rendered":"la M\u00e9tropole remet les points sur les i"},"content":{"rendered":"<p itemprop=\"description\"><strong>La M\u00e9tropole de Lyon ne veut pas que des propri\u00e9taires prennent de mauvaises habitudes, et que les locataires baissent les bras quant au respect de leurs droits.<\/strong><\/p>\n<p>Alors que <a href=\"https:\/\/www.lyonmag.com\/article\/147459\/annulation-de-l-arrete-sur-l-encadrement-des-loyers-la-metropole-de-lyon-s-en-remet-a-la-prefete-pour-la-suite\" target=\"_blank\" rel=\"noopener\">l&rsquo;arr\u00eat\u00e9 pr\u00e9fectoral de 2023 sur l&rsquo;encadrement des loyers a \u00e9t\u00e9 annul\u00e9<\/a> par la justice administrative, la collectivit\u00e9 communique ce lundi sur le fait que la mesure reste en vigueur.<\/p>\n<p>\u00ab\u00a0Des informations erron\u00e9es ont pu circuler suite \u00e0 l\u2019annulation de l\u2019arr\u00eat\u00e9 pr\u00e9fectoral 2023 par le Tribunal administratif le 14 octobre 2025, suite \u00e0 un d\u00e9faut de forme. Cependant, l\u2019encadrement des loyers n\u2019a jamais cess\u00e9 de s\u2019appliquer \u00e0 Lyon et Villeurbanne\u00a0\u00bb, pr\u00e9vient la M\u00e9tropole, qui encourage les locataires \u00e0 \u00ab\u00a0continuer \u00e0 faire valoir leurs droits\u00a0\u00bb.<\/p>\n<p>Pour rappel, depuis la mise en place de l\u2019encadrement durant le mandat, plus de 496 signalements ont \u00e9t\u00e9 instruits par les services de l\u2019\u00c9tat, en forte augmentation depuis 2022. Et 321 situations ont \u00e9t\u00e9 r\u00e9gularis\u00e9es, pour un montant de trop per\u00e7us restitu\u00e9s aux locataires de 768 872 euros, soit en moyenne 2400 euros par locataire.<\/p>\n<p>Les locataires, propri\u00e9taires et professionnels de l\u2019immobilier peuvent continuer \u00e0 v\u00e9rifier la conformit\u00e9 des loyers en faisant le test sur le <a href=\"https:\/\/www.toodego.com\/rechercher\/detail\/20004-verifier-quun-loyer-est-conforme-a-lencadrement-des-loyers\/\" target=\"_blank\" rel=\"noopener\">simulateur en ligne de la M\u00e9tropole de Lyon<\/a>. Plus de 1,2 million de simulations ont d\u00e9j\u00e0 \u00e9t\u00e9 enregistr\u00e9es.<\/p>\n","protected":false},"excerpt":{"rendered":"La M\u00e9tropole de Lyon ne veut pas que des propri\u00e9taires prennent de mauvaises habitudes, et que les locataires&hellip;\n","protected":false},"author":2,"featured_media":509084,"comment_status":"","ping_status":"","sticky":false,"template":"","format":"standard","meta":{"footnotes":""},"categories":[1889],"tags":[1111,11,2813,2190,2430,1109,251,1112,2811,1777,674,118,1011,27,1922,1110,1114,2428,2810,12,241,316,25,2812,517,800],"class_list":{"0":"post-509083","1":"post","2":"type-post","3":"status-publish","4":"format-standard","5":"has-post-thumbnail","7":"category-lyon","8":"tag-actu","9":"tag-actualites","10":"tag-article","11":"tag-asvel","12":"tag-auvergne-rhone-alpes","13":"tag-breves","14":"tag-culture","15":"tag-depeches","16":"tag-economique","17":"tag-eu","18":"tag-europe","19":"tag-faits-divers","20":"tag-fr","21":"tag-france","22":"tag-info","23":"tag-informations","24":"tag-infos","25":"tag-lyon","26":"tag-lyonmag","27":"tag-news","28":"tag-ol","29":"tag-politique","30":"tag-republique-francaise","31":"tag-sociale","32":"tag-sport","33":"tag-transports"},"share_on_mastodon":{"url":"https:\/\/pubeurope.com\/@fr\/115486367606409409","error":""},"_links":{"self":[{"href":"https:\/\/www.europesays.com\/fr\/wp-json\/wp\/v2\/posts\/509083","targetHints":{"allow":["GET"]}}],"collection":[{"href":"https:\/\/www.europesays.com\/fr\/wp-json\/wp\/v2\/posts"}],"about":[{"href":"https:\/\/www.europesays.com\/fr\/wp-json\/wp\/v2\/types\/post"}],"author":[{"embeddable":true,"href":"https:\/\/www.europesays.com\/fr\/wp-json\/wp\/v2\/users\/2"}],"replies":[{"embeddable":true,"href":"https:\/\/www.europesays.com\/fr\/wp-json\/wp\/v2\/comments?post=509083"}],"version-history":[{"count":0,"href":"https:\/\/www.europesays.com\/fr\/wp-json\/wp\/v2\/posts\/509083\/revisions"}],"wp:featuredmedia":[{"embeddable":true,"href":"https:\/\/www.europesays.com\/fr\/wp-json\/wp\/v2\/media\/509084"}],"wp:attachment":[{"href":"https:\/\/www.europesays.com\/fr\/wp-json\/wp\/v2\/media?parent=509083"}],"wp:term":[{"taxonomy":"category","embeddable":true,"href":"https:\/\/www.europesays.com\/fr\/wp-json\/wp\/v2\/categories?post=509083"},{"taxonomy":"post_tag","embeddable":true,"href":"https:\/\/www.europesays.com\/fr\/wp-json\/wp\/v2\/tags?post=509083"}],"curies":[{"name":"wp","href":"https:\/\/api.w.org\/{rel}","templated":true}]}}