{"id":509091,"date":"2025-11-03T15:06:13","date_gmt":"2025-11-03T15:06:13","guid":{"rendered":"https:\/\/www.europesays.com\/fr\/509091\/"},"modified":"2025-11-03T15:06:13","modified_gmt":"2025-11-03T15:06:13","slug":"une-bijouterie-svarowski-braquee-plus-de-200-000-euros-de-butin","status":"publish","type":"post","link":"https:\/\/www.europesays.com\/fr\/509091\/","title":{"rendered":"Une bijouterie Svarowski braqu\u00e9e, plus de 200.000 euros de butin"},"content":{"rendered":"<p class=\"mb-4 text-lg md:leading-8 break-words\"><strong>braquage &#8211; Une bijouterie Swarovski situ\u00e9e rue de Rennes \u00e0 Paris a \u00e9t\u00e9 braqu\u00e9e dans la nuit de jeudi \u00e0 vendredi, les malfaiteurs s\u2019\u00e9tant introduits par effraction en for\u00e7ant la serrure avant de briser toutes les vitrines pour voler les bijoux<\/strong><\/p>\n<p class=\"mb-4 text-lg md:leading-8 break-words\">Le pr\u00e9judice est estim\u00e9 \u00e0 200.000 euros. Selon <a href=\"https:\/\/www.leparisien.fr\/paris-75\/paris-une-bijouterie-swarovski-braquee-en-pleine-nuit-le-prejudice-estime-a-200-000-euros-03-11-2025-JU2CDFEECZEKHBOSUQYYE2OC5E.php?ts=1762175573814&amp;at_medium=RSS%20feed&amp;at_campaign=ynews&amp;utm_source=yahoo&amp;utm_medium=rss&amp;utm_campaign=news_feed&amp;utm_content=in_article_link\" rel=\"nofollow noopener\" target=\"_blank\" data-ylk=\"slk:Le Parisien;elm:context_link;itc:0;sec:content-canvas\" class=\"link \">Le Parisien<\/a>, une <a href=\"https:\/\/www.20minutes.fr\/dossier\/bijouterie?at_medium=RSS%20feed&amp;at_campaign=ynews&amp;utm_source=yahoo&amp;utm_medium=rss&amp;utm_campaign=news_feed&amp;utm_content=in_article_link\" rel=\"nofollow noopener\" target=\"_blank\" data-ylk=\"slk:bijouterie;elm:context_link;itc:0;sec:content-canvas\" class=\"link \">bijouterie<\/a> Swarovski a \u00e9t\u00e9 braqu\u00e9e dans la nuit de jeudi \u00e0 vendredi, \u00e0 <a href=\"https:\/\/www.20minutes.fr\/faits_divers\/faits-divers-paris\/?at_medium=RSS%20feed&amp;at_campaign=ynews&amp;utm_source=yahoo&amp;utm_medium=rss&amp;utm_campaign=news_feed&amp;utm_content=in_article_link\" rel=\"nofollow noopener\" target=\"_blank\" data-ylk=\"slk:Paris;elm:context_link;itc:0;sec:content-canvas\" class=\"link \">Paris<\/a>, rue de Rennes, dans le 6e\u00a0arrondissement. Le ou les malfaiteurs se sont introduits par effraction avant de briser toutes les vitrines et de faire main basse sur les bijoux.<\/p>\n<p class=\"mb-4 text-lg md:leading-8 break-words\">Selon le quotidien, c\u2019est la responsable du magasin qui aurait d\u00e9couvert le vol en ouvrant le magasin le vendredi matin. Ce qui sous-entend qu\u2019aucune alarme n\u2019aurait sonn\u00e9 au cours de la nuit, que ce soit lorsque la porte a \u00e9t\u00e9 fractur\u00e9e et les vitrines bris\u00e9es.<\/p>\n<p>Publicit\u00e9<\/p>\n<p>Publicit\u00e9<\/p>\n<p>Publicit\u00e9<\/p>\n<p>Publicit\u00e9<\/p>\n<p class=\"mb-4 text-lg md:leading-8 break-words\">\u00ab\u00a0Il ressort des premi\u00e8res investigations que la serrure de la porte du magasin a \u00e9t\u00e9 forc\u00e9e\u00a0\u00bb, pr\u00e9cise le parquet aupr\u00e8s du journal. Le pr\u00e9judice est estim\u00e9 \u00e0 environ de 200.000 euros. \u00ab\u00a0Les investigations se poursuivent\u00a0\u00bb, pr\u00e9cise la justice.<\/p>\n<p class=\"mb-4 text-lg md:leading-8 break-words\"><a href=\"https:\/\/www.20minutes.fr\/faits_divers\/faits-divers-paris\/4183251-20251103-paris-bijouterie-svarowski-braquee-plus-200-000-euros-butin?at_medium=RSS%20feed&amp;at_campaign=ynews&amp;utm_source=yahoo&amp;utm_medium=rss&amp;utm_campaign=news_feed&amp;utm_content=read_more_link&quot;\" rel=\"nofollow noopener\" target=\"_blank\" data-ylk=\"slk:Lire la suite sur 20minutes;elm:context_link;itc:0;sec:content-canvas\" class=\"link \">Lire la suite sur 20minutes<\/a><\/p>\n<p>\u00c0 lire aussi :<br \/><a href=\"https:\/\/www.20minutes.fr\/faits_divers\/4171070-20250903-paris-joeystarr-cambriole-butin-depasse-100-000-euros?at_medium=RSS%20feed&amp;at_campaign=ynews&amp;utm_source=yahoo&amp;utm_medium=rss&amp;utm_campaign=news_feed&amp;utm_content=related_content_link\" rel=\"nofollow noopener\" target=\"_blank\" data-ylk=\"slk:Paris\u00a0: JoeyStarr cambriol\u00e9, le butin d\u00e9passe les 100.000 euros;elm:context_link;itc:0;sec:content-canvas\" class=\"link \">Paris\u00a0: JoeyStarr cambriol\u00e9, le butin d\u00e9passe les 100.000 euros<\/a><br \/><a href=\"https:\/\/www.20minutes.fr\/faits_divers\/faits-divers-montpellier\/4085813-20240410-braquage-banque-herault-suspect-abattu-lors-prise-otages?at_medium=RSS%20feed&amp;at_campaign=ynews&amp;utm_source=yahoo&amp;utm_medium=rss&amp;utm_campaign=news_feed&amp;utm_content=related_content_link\" rel=\"nofollow noopener\" target=\"_blank\" data-ylk=\"slk:Braquage d\u2019une banque dans l\u2019H\u00e9rault\u00a0: Le suspect a \u00e9t\u00e9 abattu lors de la prise d\u2019otages;elm:context_link;itc:0;sec:content-canvas\" class=\"link \">Braquage d\u2019une banque dans l\u2019H\u00e9rault\u00a0: Le suspect a \u00e9t\u00e9 abattu lors de la prise d\u2019otages<\/a><\/p>\n","protected":false},"excerpt":{"rendered":"braquage &#8211; Une bijouterie Swarovski situ\u00e9e rue de Rennes \u00e0 Paris a \u00e9t\u00e9 braqu\u00e9e dans la nuit de&hellip;\n","protected":false},"author":2,"featured_media":509092,"comment_status":"","ping_status":"","sticky":false,"template":"","format":"standard","meta":{"footnotes":""},"categories":[1888],"tags":[1111,1928,11,1927,34799,1777,674,1011,27,50284,12,1926,626,1925,25,63059],"class_list":{"0":"post-509091","1":"post","2":"type-post","3":"status-publish","4":"format-standard","5":"has-post-thumbnail","7":"category-paris","8":"tag-actu","9":"tag-actu-paris","10":"tag-actualites","11":"tag-actualites-paris","12":"tag-bijouterie","13":"tag-eu","14":"tag-europe","15":"tag-fr","16":"tag-france","17":"tag-les-bijoux","18":"tag-news","19":"tag-news-paris","20":"tag-paris","21":"tag-paris-news","22":"tag-republique-francaise","23":"tag-rue-de-rennes"},"share_on_mastodon":{"url":"https:\/\/pubeurope.com\/@fr\/115486391372352916","error":""},"_links":{"self":[{"href":"https:\/\/www.europesays.com\/fr\/wp-json\/wp\/v2\/posts\/509091","targetHints":{"allow":["GET"]}}],"collection":[{"href":"https:\/\/www.europesays.com\/fr\/wp-json\/wp\/v2\/posts"}],"about":[{"href":"https:\/\/www.europesays.com\/fr\/wp-json\/wp\/v2\/types\/post"}],"author":[{"embeddable":true,"href":"https:\/\/www.europesays.com\/fr\/wp-json\/wp\/v2\/users\/2"}],"replies":[{"embeddable":true,"href":"https:\/\/www.europesays.com\/fr\/wp-json\/wp\/v2\/comments?post=509091"}],"version-history":[{"count":0,"href":"https:\/\/www.europesays.com\/fr\/wp-json\/wp\/v2\/posts\/509091\/revisions"}],"wp:featuredmedia":[{"embeddable":true,"href":"https:\/\/www.europesays.com\/fr\/wp-json\/wp\/v2\/media\/509092"}],"wp:attachment":[{"href":"https:\/\/www.europesays.com\/fr\/wp-json\/wp\/v2\/media?parent=509091"}],"wp:term":[{"taxonomy":"category","embeddable":true,"href":"https:\/\/www.europesays.com\/fr\/wp-json\/wp\/v2\/categories?post=509091"},{"taxonomy":"post_tag","embeddable":true,"href":"https:\/\/www.europesays.com\/fr\/wp-json\/wp\/v2\/tags?post=509091"}],"curies":[{"name":"wp","href":"https:\/\/api.w.org\/{rel}","templated":true}]}}