{"id":509093,"date":"2025-11-03T15:07:19","date_gmt":"2025-11-03T15:07:19","guid":{"rendered":"https:\/\/www.europesays.com\/fr\/509093\/"},"modified":"2025-11-03T15:07:19","modified_gmt":"2025-11-03T15:07:19","slug":"concerts-candlelight-de-noel-a-paris","status":"publish","type":"post","link":"https:\/\/www.europesays.com\/fr\/509093\/","title":{"rendered":"Concerts Candlelight de No\u00ebl \u00e0 Paris"},"content":{"rendered":"<p>\t\t\t\t\t\t\t\t\t\t\t\t\t\t\t\t\t\t\t\t\t\t<img decoding=\"async\" fetchpriority=\"high\" src=\"https:\/\/www.europesays.com\/fr\/wp-content\/uploads\/2025\/11\/2022_12_03_Central-Hall-Westminster_LONDON_UK_02-1-1024x683.jpg\" class=\"img-fluid\" alt=\"Photo d'un escalier recouvert de bougies et d\u00e9cor\u00e9 de branches de sapin et d'un ruban rouge pour No\u00ebl\" width=\"1024\" height=\"683\"\/><\/p>\n<p>    Save<\/p>\n<p>\u00c0 Paris, d\u00e9cembre a ce petit quelque chose d\u2019enchanteur : <strong>les vitrines \u00e9tincellent, les rues s\u2019illuminent et la ville toute enti\u00e8re semble ralentir<\/strong> pour savourer la douceur des f\u00eates. Sous les lumi\u00e8res de No\u00ebl, les Parisiens red\u00e9couvrent le charme de leurs soir\u00e9es d\u2019hiver. Et cette ann\u00e9e encore, <a href=\"https:\/\/feverup.com\/fr\/paris\/candlelight-christmas-concerts\" rel=\"follow noopener\" target=\"_blank\" class=\"shortcode-outbound-link\" data-has-ga=\"true\" data-ga-type=\"click\" data-label=\"https:\/\/feverup.com\/fr\/paris\/candlelight-christmas-concerts\" data-action=\"text_cta_0\" data-tracked=\"1\" data-category=\"click_sales\" data-cp_smn_source=\"parissecret\" data-cp_smn_content=\"candlelight-noel-paris-concerts-a-la-bougie-pour-les-fetes\" data-cp_smn_term=\"text_cta_0\">Candlelight<\/a> s\u2019invite dans la magie de la saison en faisant briller la capitale <strong>au son des plus belles m\u00e9lodies de No\u00ebl<\/strong>, jou\u00e9es \u00e0 la lueur de milliers de bougies.<\/p>\n<p>Concerts Candlelight de No\u00ebl \u00e0 Paris<\/p>\n<p>Quand la musique s\u2019accorde \u00e0 la f\u00e9erie des f\u00eates, chaque note devient un souvenir. Dans le silence dor\u00e9 des bougies, les musiciens font r\u00e9sonner les plus beaux airs de No\u00ebl : <strong>Let It Snow!<\/strong>, <strong>O Holy Night<\/strong>, <strong>All I Want for Christmas Is You<\/strong> ou encore <strong>Joy to the World<\/strong>. Le temps s\u2019arr\u00eate, la magie op\u00e8re, et Paris se transforme en un \u00e9crin lumineux o\u00f9 la musique r\u00e9chauffe les c\u0153urs.<\/p>\n<p>Les concerts Candlelight<strong> c\u00e9l\u00e8brent l\u2019\u00e9motion et la nostalgie des f\u00eates avec \u00e9l\u00e9gance<\/strong>. Qu\u2019il s\u2019agisse de chansons intemporelles ou de m\u00e9lodies de films cultes, chaque concert promet un moment suspendu entre r\u00eave et lumi\u00e8re. Laissez-vous envelopper par cette ambiance hors du temps, aussi douce qu\u2019un soir d\u2019hiver au coin du feu.<\/p>\n<p>Les lieux des concerts de No\u00ebl \u00e0 Paris<\/p>\n<p>\u00c0 la <strong>Maison de l\u2019Oc\u00e9an<\/strong>, le d\u00e9cor se fait majestueux, entre vo\u00fbtes et dorures, tandis qu\u2019au <strong>FUGA Space<\/strong>, la modernit\u00e9 rencontre la po\u00e9sie de la lumi\u00e8re. Ces lieux embl\u00e9matiques accueillent les concerts Candlelight dans une atmosph\u00e8re \u00e0 la fois intime et spectaculaire. Imaginez les premi\u00e8res notes de <strong>Winter Wonderland<\/strong>, le rythme d\u00e9licat de <strong>Carol of the Bells<\/strong> ou la douceur de <strong>Have Yourself a Merry Little Christmas<\/strong> r\u00e9sonnant sous des milliers de bougies scintillantes \u2014 un instant o\u00f9 Paris brille autrement.<\/p>\n<p>Entre tradition, \u00e9motion et beaut\u00e9 architecturale, Candlelight transforme chaque lieu en un refuge musical. Alors, que diriez-vous de <strong>vivre une soir\u00e9e o\u00f9 le temps s\u2019arr\u00eate et o\u00f9 les lumi\u00e8res dansent au rythme des instruments ?<\/strong><\/p>\n<p>Quand les derni\u00e8res notes s\u2019\u00e9vanouissent et que les bougies s\u2019\u00e9teignent doucement,<strong> on ressort de Candlelight le c\u0153ur apais\u00e9<\/strong>, encore envelopp\u00e9 par la magie de No\u00ebl.<\/p>\n","protected":false},"excerpt":{"rendered":"Save \u00c0 Paris, d\u00e9cembre a ce petit quelque chose d\u2019enchanteur : les vitrines \u00e9tincellent, les rues s\u2019illuminent et&hellip;\n","protected":false},"author":2,"featured_media":509094,"comment_status":"","ping_status":"","sticky":false,"template":"","format":"standard","meta":{"footnotes":""},"categories":[1888],"tags":[11,54170,63060,1777,674,1011,27,12,626,25],"class_list":{"0":"post-509093","1":"post","2":"type-post","3":"status-publish","4":"format-standard","5":"has-post-thumbnail","7":"category-paris","8":"tag-actualites","9":"tag-bougies","10":"tag-concert-candlelight","11":"tag-eu","12":"tag-europe","13":"tag-fr","14":"tag-france","15":"tag-news","16":"tag-paris","17":"tag-republique-francaise"},"share_on_mastodon":{"url":"https:\/\/pubeurope.com\/@fr\/115486396253326937","error":""},"_links":{"self":[{"href":"https:\/\/www.europesays.com\/fr\/wp-json\/wp\/v2\/posts\/509093","targetHints":{"allow":["GET"]}}],"collection":[{"href":"https:\/\/www.europesays.com\/fr\/wp-json\/wp\/v2\/posts"}],"about":[{"href":"https:\/\/www.europesays.com\/fr\/wp-json\/wp\/v2\/types\/post"}],"author":[{"embeddable":true,"href":"https:\/\/www.europesays.com\/fr\/wp-json\/wp\/v2\/users\/2"}],"replies":[{"embeddable":true,"href":"https:\/\/www.europesays.com\/fr\/wp-json\/wp\/v2\/comments?post=509093"}],"version-history":[{"count":0,"href":"https:\/\/www.europesays.com\/fr\/wp-json\/wp\/v2\/posts\/509093\/revisions"}],"wp:featuredmedia":[{"embeddable":true,"href":"https:\/\/www.europesays.com\/fr\/wp-json\/wp\/v2\/media\/509094"}],"wp:attachment":[{"href":"https:\/\/www.europesays.com\/fr\/wp-json\/wp\/v2\/media?parent=509093"}],"wp:term":[{"taxonomy":"category","embeddable":true,"href":"https:\/\/www.europesays.com\/fr\/wp-json\/wp\/v2\/categories?post=509093"},{"taxonomy":"post_tag","embeddable":true,"href":"https:\/\/www.europesays.com\/fr\/wp-json\/wp\/v2\/tags?post=509093"}],"curies":[{"name":"wp","href":"https:\/\/api.w.org\/{rel}","templated":true}]}}