{"id":509099,"date":"2025-11-03T15:10:17","date_gmt":"2025-11-03T15:10:17","guid":{"rendered":"https:\/\/www.europesays.com\/fr\/509099\/"},"modified":"2025-11-03T15:10:17","modified_gmt":"2025-11-03T15:10:17","slug":"des-chameaux-sur-le-front-en-ukraine-la-russie-utilise-des-animaux-pour-remedier-a-une-penurie","status":"publish","type":"post","link":"https:\/\/www.europesays.com\/fr\/509099\/","title":{"rendered":"Des chameaux sur le front en Ukraine\u00a0: la Russie utilise des animaux pour rem\u00e9dier \u00e0 une p\u00e9nurie"},"content":{"rendered":"<p class=\"ap-StoryElement ap-StoryElement--mb ap-StoryText\">Dans une vid\u00e9o diffus\u00e9e sur les r\u00e9seaux sociaux mi-octobre, un chameau qui marche en plein milieu de la route et qui est attach\u00e9 \u00e0 un pick-up est film\u00e9 dans la r\u00e9gion de Kharkiv. Cet animal serait utilis\u00e9 par les troupes russes et a \u00e9t\u00e9 captur\u00e9 par l&rsquo;arm\u00e9e <a href=\"https:\/\/www.lalibre.be\/international\/amerique\/2025\/10\/31\/le-pentagone-aurait-autorise-la-livraison-de-missiles-tomahawk-a-lukraine-laissant-a-donald-trump-la-decision-finale-V6YEGXI45VHO7HWZ6GSXU2BYXY\/\" target=\"_self\" rel=\"noopener\">ukrainienne<\/a> selon <a href=\"https:\/\/www.telegraph.co.uk\/world-news\/2025\/10\/30\/ukraine-rescues-camel-used-by-russian-military\/?ICID=continue_without_subscribing_reg_first\" target=\"_self\" rel=\"noopener\">le Telegraph<\/a>. Mais quelle est la raison de la pr\u00e9sence de chameaux aussi pr\u00e8s du front ?<\/p>\n<p class=\"ap-StoryElement ap-StoryElement--mb ap-StoryText\">L&rsquo;animal captur\u00e9 dans la vid\u00e9o vient d&rsquo;Asie centrale et est particuli\u00e8rement connu pour savoir porter des charges lourdes qu&rsquo;importent les temp\u00e9ratures et la m\u00e9t\u00e9o. C&rsquo;est pourquoi les chameaux sont dor\u00e9navant en vogue aupr\u00e8s de l&rsquo;arm\u00e9e de <a href=\"https:\/\/www.lalibre.be\/international\/europe\/guerre-ukraine-russie\/2025\/10\/22\/lhypothetique-sommet-trump-poutine-a-budapest-enflamme-la-campagne-electorale-en-hongrie-QKKKU6WLCZDBNIHVVRNAFSNSGM\/\" target=\"_self\" rel=\"noopener\">Vladimir Poutine<\/a> \u00e9tant donn\u00e9 qu&rsquo;ils sont utilis\u00e9s pour transporter du mat\u00e9riel de guerre tout le long de la ligne de front.<\/p>\n<p>Pour acc\u00e9der \u00e0 cet article, veuillez vous connecter au r\u00e9seau internet.<\/p>\n","protected":false},"excerpt":{"rendered":"Dans une vid\u00e9o diffus\u00e9e sur les r\u00e9seaux sociaux mi-octobre, un chameau qui marche en plein milieu de la&hellip;\n","protected":false},"author":2,"featured_media":509100,"comment_status":"","ping_status":"","sticky":false,"template":"","format":"standard","meta":{"footnotes":""},"categories":[1590],"tags":[11,10350,1777,674,1227,12,220],"class_list":{"0":"post-509099","1":"post","2":"type-post","3":"status-publish","4":"format-standard","5":"has-post-thumbnail","7":"category-ukraine","8":"tag-actualites","9":"tag-conflict","10":"tag-eu","11":"tag-europe","12":"tag-horizontal","13":"tag-news","14":"tag-ukraine"},"share_on_mastodon":{"url":"https:\/\/pubeurope.com\/@fr\/115486407029961596","error":""},"_links":{"self":[{"href":"https:\/\/www.europesays.com\/fr\/wp-json\/wp\/v2\/posts\/509099","targetHints":{"allow":["GET"]}}],"collection":[{"href":"https:\/\/www.europesays.com\/fr\/wp-json\/wp\/v2\/posts"}],"about":[{"href":"https:\/\/www.europesays.com\/fr\/wp-json\/wp\/v2\/types\/post"}],"author":[{"embeddable":true,"href":"https:\/\/www.europesays.com\/fr\/wp-json\/wp\/v2\/users\/2"}],"replies":[{"embeddable":true,"href":"https:\/\/www.europesays.com\/fr\/wp-json\/wp\/v2\/comments?post=509099"}],"version-history":[{"count":0,"href":"https:\/\/www.europesays.com\/fr\/wp-json\/wp\/v2\/posts\/509099\/revisions"}],"wp:featuredmedia":[{"embeddable":true,"href":"https:\/\/www.europesays.com\/fr\/wp-json\/wp\/v2\/media\/509100"}],"wp:attachment":[{"href":"https:\/\/www.europesays.com\/fr\/wp-json\/wp\/v2\/media?parent=509099"}],"wp:term":[{"taxonomy":"category","embeddable":true,"href":"https:\/\/www.europesays.com\/fr\/wp-json\/wp\/v2\/categories?post=509099"},{"taxonomy":"post_tag","embeddable":true,"href":"https:\/\/www.europesays.com\/fr\/wp-json\/wp\/v2\/tags?post=509099"}],"curies":[{"name":"wp","href":"https:\/\/api.w.org\/{rel}","templated":true}]}}