{"id":509101,"date":"2025-11-03T15:11:16","date_gmt":"2025-11-03T15:11:16","guid":{"rendered":"https:\/\/www.europesays.com\/fr\/509101\/"},"modified":"2025-11-03T15:11:16","modified_gmt":"2025-11-03T15:11:16","slug":"usa-lindice-pmi-manufacturier-quasiment-en-ligne-avec-les-attentes-en-octobre","status":"publish","type":"post","link":"https:\/\/www.europesays.com\/fr\/509101\/","title":{"rendered":"USA : l\u2019indice PMI manufacturier quasiment en ligne avec les attentes en octobre"},"content":{"rendered":"<p>(AOF) &#8211; Aux Etats-Unis, l\u2019indice PMI manufacturier a l\u00e9g\u00e8rement progress\u00e9 en octobre. Il est pass\u00e9 de 52,2 \u00e0 52,5 points. Il \u00e9tait attendu \u00e0 52,2 points. \u00ab\u00a0Les performances de l&rsquo;\u00e9conomie manufacturi\u00e8re am\u00e9ricaine se sont \u00e0 nouveau am\u00e9lior\u00e9es en octobre, la production et les nouvelles commandes ayant augment\u00e9 \u00e0 un rythme plus soutenu. Cependant, la croissance a \u00e9t\u00e9 tir\u00e9e par le march\u00e9 int\u00e9rieur, les nouvelles exportations ayant chut\u00e9 en raison des droits de douane qui ont eu un impact n\u00e9gatif sur le commerce international\u00a0\u00bb, explique S&amp;P Global.<\/p>\n<p>En octobre, l&rsquo;indice PMI a \u00e9t\u00e9 soutenu par des gains simultan\u00e9s et acc\u00e9l\u00e9r\u00e9s tant au niveau de la production que des nouvelles commandes. La production a augment\u00e9 \u00e0 un rythme soutenu, tandis que la hausse des nouvelles commandes a \u00e9t\u00e9 la plus forte enregistr\u00e9e en 20 mois.<\/p>\n","protected":false},"excerpt":{"rendered":"(AOF) &#8211; Aux Etats-Unis, l\u2019indice PMI manufacturier a l\u00e9g\u00e8rement progress\u00e9 en octobre. Il est pass\u00e9 de 52,2 \u00e0&hellip;\n","protected":false},"author":2,"featured_media":64947,"comment_status":"","ping_status":"","sticky":false,"template":"","format":"standard","meta":{"footnotes":""},"categories":[1589],"tags":[11,73,1866,12,1864,1865,1863,308],"class_list":{"0":"post-509101","1":"post","2":"type-post","3":"status-publish","4":"format-standard","5":"has-post-thumbnail","7":"category-etats-unis","8":"tag-actualites","9":"tag-etats-unis","10":"tag-etats-unis-damerique","11":"tag-news","12":"tag-united-states","13":"tag-united-states-of-america","14":"tag-us","15":"tag-usa"},"share_on_mastodon":{"url":"https:\/\/pubeurope.com\/@fr\/115486411035940767","error":""},"_links":{"self":[{"href":"https:\/\/www.europesays.com\/fr\/wp-json\/wp\/v2\/posts\/509101","targetHints":{"allow":["GET"]}}],"collection":[{"href":"https:\/\/www.europesays.com\/fr\/wp-json\/wp\/v2\/posts"}],"about":[{"href":"https:\/\/www.europesays.com\/fr\/wp-json\/wp\/v2\/types\/post"}],"author":[{"embeddable":true,"href":"https:\/\/www.europesays.com\/fr\/wp-json\/wp\/v2\/users\/2"}],"replies":[{"embeddable":true,"href":"https:\/\/www.europesays.com\/fr\/wp-json\/wp\/v2\/comments?post=509101"}],"version-history":[{"count":0,"href":"https:\/\/www.europesays.com\/fr\/wp-json\/wp\/v2\/posts\/509101\/revisions"}],"wp:featuredmedia":[{"embeddable":true,"href":"https:\/\/www.europesays.com\/fr\/wp-json\/wp\/v2\/media\/64947"}],"wp:attachment":[{"href":"https:\/\/www.europesays.com\/fr\/wp-json\/wp\/v2\/media?parent=509101"}],"wp:term":[{"taxonomy":"category","embeddable":true,"href":"https:\/\/www.europesays.com\/fr\/wp-json\/wp\/v2\/categories?post=509101"},{"taxonomy":"post_tag","embeddable":true,"href":"https:\/\/www.europesays.com\/fr\/wp-json\/wp\/v2\/tags?post=509101"}],"curies":[{"name":"wp","href":"https:\/\/api.w.org\/{rel}","templated":true}]}}