{"id":509102,"date":"2025-11-03T15:12:15","date_gmt":"2025-11-03T15:12:15","guid":{"rendered":"https:\/\/www.europesays.com\/fr\/509102\/"},"modified":"2025-11-03T15:12:15","modified_gmt":"2025-11-03T15:12:15","slug":"royaume-uni-un-train-deraille-et-fait-quatre-blesses","status":"publish","type":"post","link":"https:\/\/www.europesays.com\/fr\/509102\/","title":{"rendered":"Royaume-Uni: un train d\u00e9raille et fait quatre bless\u00e9s"},"content":{"rendered":"<p>Accident au Royaume-Uni \u2013 <\/p>\n<p>Un train d\u00e9raille et fait quatre bless\u00e9s<\/p>\n<p class=\"ContentHead_lead____SsS link_regular__O0hk0 link_externalicon-big__ZdPgo link_externalicon__qcwXs\">Un accident ferroviaire a eu lieu lundi dans le nord-ouest du Royaume-Uni apr\u00e8s un glissement de terrain.<\/p>\n<p>Publi\u00e9 aujourd\u2019hui \u00e0 16h03<\/p>\n<p><img decoding=\"async\" loading=\"eager\" fetchpriority=\"high\" src=\"https:\/\/www.europesays.com\/fr\/wp-content\/uploads\/2025\/11\/8L82DnO8qbXAckAIv2aPag.jpg\" alt=\"Train Avanti West Coast stationn\u00e9 \u00e0 la gare d\u2019Euston \u00e0 Londres, pendant une gr\u00e8ve de 24 heures des cheminots britanniques.\" title=\"Train Avanti West Coast stationn\u00e9 \u00e0 la gare d\u2019Euston \u00e0 Londres, pendant une gr\u00e8ve de 24 heures des cheminots britanniques.\" class=\"ResponsiveImage_root__ZDz10 responsive-image\" style=\"background-color:#4D5256\"\/><\/p>\n<p>La police britannique des transports a pr\u00e9cis\u00e9 que 85\u00a0passagers avaient \u00e9t\u00e9 \u00e9vacu\u00e9s du train reliant Glasgow (\u00c9cosse) \u00e0 la gare londonienne d\u2019Euston.<\/p>\n<p>AFP\/JUSTIN TALLIS <\/p>\n<p class=\"ArticleParagraph_root__lhFZo ArticleContainer_content-width__FRl7F link_focus__0ZMwx link_externalicon-big__ZdPgo link_externalicon__qcwXs ArticleElement_article-element__q93eL\">Quatre personnes ont \u00e9t\u00e9 l\u00e9g\u00e8rement bless\u00e9es dans <a class=\"HtmlText_root__A1OSq\" href=\"https:\/\/www.24heures.ch\/trois-morts-dans-le-deraillement-dun-train-en-allemagne-858225955375\" rel=\"nofollow noopener\" target=\"_blank\">le d\u00e9raillement d\u2019un train<\/a> lundi matin dans le nord-ouest de l\u2019Angleterre \u00e0 la suite d\u2019un glissement de terrain, selon les premi\u00e8res indications du gestionnaire du r\u00e9seau.<\/p>\n<p class=\"EmbedBlocker_hint__uEF_d\">\u00c0 ce stade, vous trouverez des contenus externes suppl\u00e9mentaires. Si vous acceptez que des cookies soient plac\u00e9s par des fournisseurs externes et que des donn\u00e9es personnelles soient ainsi transmises \u00e0 ces derniers, vous devez autoriser tous les cookies et afficher directement le contenu externe.<\/p>\n<p>Autoriser les cookiesPlus d&rsquo;infos<\/p>\n<p class=\"ArticleParagraph_root__lhFZo ArticleContainer_content-width__FRl7F link_focus__0ZMwx link_externalicon-big__ZdPgo link_externalicon__qcwXs ArticleElement_article-element__q93eL\">La police des transports a pr\u00e9cis\u00e9 que 85\u00a0passagers avaient \u00e9t\u00e9 \u00e9vacu\u00e9s du train reliant Glasgow (\u00c9cosse) \u00e0 la gare londonienne d\u2019Euston, op\u00e9r\u00e9 par la compagnie <a href=\"https:\/\/www.avantiwestcoast.co.uk\/\" class=\"HtmlText_root__A1OSq\" target=\"_blank\" rel=\"noopener noreferrer nofollow\">Avanti West Coast<\/a>. L\u2019accident est survenu \u00e0 06\u00a0h\u00a010 (07\u00a0h\u00a010 en Suisse) \u00e0 Shap, dans le comt\u00e9 de Cumbria, non loin de la r\u00e9gion montagneuse du Lake District, et a entra\u00een\u00e9 des perturbations dans le trafic ferroviaire.<\/p>\n<p class=\"ArticleParagraph_root__lhFZo ArticleContainer_content-width__FRl7F link_focus__0ZMwx link_externalicon-big__ZdPgo link_externalicon__qcwXs ArticleElement_article-element__q93eL\">Selon la police des transports, \u00abla voiture de t\u00eate est sortie des rails mais elle est rest\u00e9e droite\u00bb.<\/p>\n<p>\u00abLes pluies extr\u00eamement abondantes\u00bb<\/p>\n<p class=\"ArticleParagraph_root__lhFZo ArticleContainer_content-width__FRl7F link_focus__0ZMwx link_externalicon-big__ZdPgo link_externalicon__qcwXs ArticleElement_article-element__q93eL\">\u00abL\u2019incident fait suite, d\u2019apr\u00e8s ce que l\u2019on croit, \u00e0 un glissement de terrain dans une zone touch\u00e9e par des conditions m\u00e9t\u00e9orologiques particuli\u00e8rement d\u00e9favorables\u00bb, a de son c\u00f4t\u00e9 indiqu\u00e9 le gestionnaire <a href=\"https:\/\/www.networkrail.co.uk\/\" class=\"HtmlText_root__A1OSq\" target=\"_blank\" rel=\"noopener noreferrer nofollow\">Network Rail<\/a> dans un communiqu\u00e9, ajoutant que \u00ables pluies extr\u00eamement abondantes continuent d\u2019aggraver la situation\u00bb.<\/p>\n<p class=\"ArticleParagraph_root__lhFZo ArticleContainer_content-width__FRl7F link_focus__0ZMwx link_externalicon-big__ZdPgo link_externalicon__qcwXs ArticleElement_article-element__q93eL\">Les services d\u2019ambulance ont indiqu\u00e9 que \u00abseules quatre personnes souffraient de blessures l\u00e9g\u00e8res\u00bb et qu\u2019aucune n\u2019avait d\u00fb \u00eatre hospitalis\u00e9e.<\/p>\n<p class=\"ArticleParagraph_root__lhFZo ArticleContainer_content-width__FRl7F link_focus__0ZMwx link_externalicon-big__ZdPgo link_externalicon__qcwXs ArticleElement_article-element__q93eL\">Cet incident survient deux jours apr\u00e8s une attaque au couteau dans un train circulant dans l\u2019est de l\u2019Angleterre qui a fait dix bless\u00e9s. Le suspect a \u00e9t\u00e9 inculp\u00e9 lundi pour tentatives de meurtre.<\/p>\n<p class=\"DynamicTeaser_boxtitle__B6piN\">Davantage sur les accidents ferroviaires<\/p>\n<p>Newsletter<\/p>\n<p>\u00abDerni\u00e8res nouvelles\u00bb<\/p>\n<p>Vous voulez rester au top de l\u2019info? \u00ab24 heures\u00bb vous propose deux rendez-vous par jour, pour ne rien rater de ce qui se passe dans votre Canton, en Suisse ou dans le monde.<\/p>\n<p><a class=\"NewsletterBox_more__FNemz link_underlinelink__K5Zr0\" href=\"https:\/\/www.24heures.ch\/nos-newsletters\" rel=\"nofollow noopener\" target=\"_blank\">Autres newsletters<\/a><\/p>\n<p>Se connecter<\/p>\n<p class=\"ArticleContainer_agencies__g6Lpj ArticleContainer_content-width__FRl7F\">AFP<\/p>\n<p class=\"Feedback_root__fr_Mi ArticleContainer_content-width__FRl7F\">Vous avez trouv\u00e9 une erreur?<a href=\"mailto:tes_correction@tamedia.ch?subject=Avis%20d'erreur%20%7C%20Un%20train%20d%C3%A9raille%20et%20fait%20quatre%20bless%C3%A9s&amp;body=J'ai%20trouv%C3%A9%20une%20erreur%20dans%20cet%20article%3A%20https%3A%2F%2Fwww.24heures.ch%2Froyaume-uni-un-train-deraille-et-fait-quatre-blesses-925174822924\" class=\"Feedback_feedbacklink__VyDCi link_underlinelink__K5Zr0\">Merci de nous la signaler.<\/a><\/p>\n<p>0 commentaires<\/p>\n","protected":false},"excerpt":{"rendered":"Accident au Royaume-Uni \u2013 Un train d\u00e9raille et fait quatre bless\u00e9s Un accident ferroviaire a eu lieu lundi&hellip;\n","protected":false},"author":2,"featured_media":509103,"comment_status":"","ping_status":"","sticky":false,"template":"","format":"standard","meta":{"footnotes":""},"categories":[1588],"tags":[11,1777,674,12,473,1853,1851,1850,1852],"class_list":{"0":"post-509102","1":"post","2":"type-post","3":"status-publish","4":"format-standard","5":"has-post-thumbnail","7":"category-royaume-uni","8":"tag-actualites","9":"tag-eu","10":"tag-europe","11":"tag-news","12":"tag-royaume-uni","13":"tag-royaume-uni-de-grande-bretagne-et-dirlande-du-nord","14":"tag-uk","15":"tag-united-kingdom","16":"tag-united-kingdom-of-great-britain-and-northern-ireland"},"share_on_mastodon":{"url":"https:\/\/pubeurope.com\/@fr\/115486415601679068","error":""},"_links":{"self":[{"href":"https:\/\/www.europesays.com\/fr\/wp-json\/wp\/v2\/posts\/509102","targetHints":{"allow":["GET"]}}],"collection":[{"href":"https:\/\/www.europesays.com\/fr\/wp-json\/wp\/v2\/posts"}],"about":[{"href":"https:\/\/www.europesays.com\/fr\/wp-json\/wp\/v2\/types\/post"}],"author":[{"embeddable":true,"href":"https:\/\/www.europesays.com\/fr\/wp-json\/wp\/v2\/users\/2"}],"replies":[{"embeddable":true,"href":"https:\/\/www.europesays.com\/fr\/wp-json\/wp\/v2\/comments?post=509102"}],"version-history":[{"count":0,"href":"https:\/\/www.europesays.com\/fr\/wp-json\/wp\/v2\/posts\/509102\/revisions"}],"wp:featuredmedia":[{"embeddable":true,"href":"https:\/\/www.europesays.com\/fr\/wp-json\/wp\/v2\/media\/509103"}],"wp:attachment":[{"href":"https:\/\/www.europesays.com\/fr\/wp-json\/wp\/v2\/media?parent=509102"}],"wp:term":[{"taxonomy":"category","embeddable":true,"href":"https:\/\/www.europesays.com\/fr\/wp-json\/wp\/v2\/categories?post=509102"},{"taxonomy":"post_tag","embeddable":true,"href":"https:\/\/www.europesays.com\/fr\/wp-json\/wp\/v2\/tags?post=509102"}],"curies":[{"name":"wp","href":"https:\/\/api.w.org\/{rel}","templated":true}]}}