{"id":509106,"date":"2025-11-03T15:14:12","date_gmt":"2025-11-03T15:14:12","guid":{"rendered":"https:\/\/www.europesays.com\/fr\/509106\/"},"modified":"2025-11-03T15:14:12","modified_gmt":"2025-11-03T15:14:12","slug":"en-europe-ce-jeu-de-moins-disant-sur-le-climat-doit-cesser-liberation","status":"publish","type":"post","link":"https:\/\/www.europesays.com\/fr\/509106\/","title":{"rendered":"\u00abEn Europe, ce jeu de \u201cmoins-disant\u201d sur le climat doit cesser\u00bb \u2013 Lib\u00e9ration"},"content":{"rendered":"<p class=\"sc-cPiKLX AiZTS text-element\">O\u00f9 se situe d\u00e9sormais l\u2019Union europ\u00e9enne sur l\u2019\u00e9chiquier de la diplomatie climatique ? Dix ans apr\u00e8s l\u2019accord de Paris o\u00f9 ils s\u2019\u00e9taient distingu\u00e9s par leur leadership, les dirigeants du Vieux Continent tra\u00eenent des pieds pour formaliser leurs ambitions avant la 30e conf\u00e9rence des Nations unies sur le climat (COP30) <a href=\"https:\/\/www.liberation.fr\/environnement\/climat\/laurent-fabius-sur-les-enjeux-de-la-cop30-lorsque-le-contexte-international-est-difficile-la-diplomatie-est-encore-plus-necessaire-20250926_5WCJQRK5CBAATLCJBUQNKEMTEI\/\" target=\"_blank\" rel=\"noopener\" title=\"https:\/\/www.liberation.fr\/environnement\/climat\/laurent-fabius-sur-les-enjeux-de-la-cop30-lorsque-le-contexte-international-est-difficile-la-diplomatie-est-encore-plus-necessaire-20250926_5WCJQRK5CBAATLCJBUQNKEMTEI\/\">organis\u00e9e du 10 au 21 novembre \u00e0 Bel\u00e9m, au Br\u00e9sil<\/a>. Mardi 4 novembre, apr\u00e8s des mois de report et de pourparlers, les ministres europ\u00e9ens de l\u2019Environnement se retrouvent une derni\u00e8re fois pour tenter de fixer <a href=\"https:\/\/www.liberation.fr\/environnement\/a-deux-mois-de-la-cop30-au-bresil-lue-na-toujours-pas-dobjectifs-climatiques-clairs-20250918_KZRABD73QZGB3M2LHT6JIDKCDE\/?redirected=1\" target=\"_blank\" rel=\"noreferrer noopener\" title=\"https:\/\/www.liberation.fr\/environnement\/a-deux-mois-de-la-cop30-au-bresil-lue-na-toujours-pas-dobjectifs-climatiques-clairs-20250918_KZRABD73QZGB3M2LHT6JIDKCDE\/?redirected=1\">les objectifs climatiques pour 2035 et 2040<\/a>.<\/p>\n<p class=\"sc-cPiKLX AiZTS text-element\">La cible de la premi\u00e8re \u00e9ch\u00e9ance est le pilier de l<\/p>\n","protected":false},"excerpt":{"rendered":"O\u00f9 se situe d\u00e9sormais l\u2019Union europ\u00e9enne sur l\u2019\u00e9chiquier de la diplomatie climatique ? Dix ans apr\u00e8s l\u2019accord de&hellip;\n","protected":false},"author":2,"featured_media":509107,"comment_status":"","ping_status":"","sticky":false,"template":"","format":"standard","meta":{"footnotes":""},"categories":[1586],"tags":[11,309,35996,312,75,1777,674,1011,27,12,5140,25,364],"class_list":{"0":"post-509106","1":"post","2":"type-post","3":"status-publish","4":"format-standard","5":"has-post-thumbnail","7":"category-europe","8":"tag-actualites","9":"tag-chine","10":"tag-cop","11":"tag-diplomatie","12":"tag-donald-trump","13":"tag-eu","14":"tag-europe","15":"tag-fr","16":"tag-france","17":"tag-news","18":"tag-rechauffement-climatique","19":"tag-republique-francaise","20":"tag-union-europeenne"},"share_on_mastodon":{"url":"https:\/\/pubeurope.com\/@fr\/115486422776745150","error":""},"_links":{"self":[{"href":"https:\/\/www.europesays.com\/fr\/wp-json\/wp\/v2\/posts\/509106","targetHints":{"allow":["GET"]}}],"collection":[{"href":"https:\/\/www.europesays.com\/fr\/wp-json\/wp\/v2\/posts"}],"about":[{"href":"https:\/\/www.europesays.com\/fr\/wp-json\/wp\/v2\/types\/post"}],"author":[{"embeddable":true,"href":"https:\/\/www.europesays.com\/fr\/wp-json\/wp\/v2\/users\/2"}],"replies":[{"embeddable":true,"href":"https:\/\/www.europesays.com\/fr\/wp-json\/wp\/v2\/comments?post=509106"}],"version-history":[{"count":0,"href":"https:\/\/www.europesays.com\/fr\/wp-json\/wp\/v2\/posts\/509106\/revisions"}],"wp:featuredmedia":[{"embeddable":true,"href":"https:\/\/www.europesays.com\/fr\/wp-json\/wp\/v2\/media\/509107"}],"wp:attachment":[{"href":"https:\/\/www.europesays.com\/fr\/wp-json\/wp\/v2\/media?parent=509106"}],"wp:term":[{"taxonomy":"category","embeddable":true,"href":"https:\/\/www.europesays.com\/fr\/wp-json\/wp\/v2\/categories?post=509106"},{"taxonomy":"post_tag","embeddable":true,"href":"https:\/\/www.europesays.com\/fr\/wp-json\/wp\/v2\/tags?post=509106"}],"curies":[{"name":"wp","href":"https:\/\/api.w.org\/{rel}","templated":true}]}}