{"id":50911,"date":"2025-04-25T04:49:11","date_gmt":"2025-04-25T04:49:11","guid":{"rendered":"https:\/\/www.europesays.com\/fr\/50911\/"},"modified":"2025-04-25T04:49:11","modified_gmt":"2025-04-25T04:49:11","slug":"en-direct-guerre-en-ukraine-la-russie-se-dit-prete-a-un-accord","status":"publish","type":"post","link":"https:\/\/www.europesays.com\/fr\/50911\/","title":{"rendered":"EN DIRECT &#8211; Guerre en Ukraine : la Russie se dit pr\u00eate \u00e0 un accord"},"content":{"rendered":"<p>Le chef de la diplomatie russe Sergue\u00ef Lavrov a assur\u00e9 jeudi que Moscou \u00e9tait pr\u00eate \u00e0 un accord pour mettre fin \u00e0 la guerre en Ukraine.Cette annonce intervient pr\u00e8s un avertissement de Donald Trump \u00e0 Vladimir Poutine \u00e0 la suite de frappes meurtri\u00e8res sur Kiev.Suivez les derni\u00e8res informations.<a href=\"https:\/\/www.tf1info.fr\/actualite\/invasion-de-l-ukraine-par-la-russie-une-guerre-qui-dure-12951\/\" rel=\"noopener\" class=\"jsx-3118104007 Link jsx-1428418400 jsx-554215408\" target=\"_blank\"><\/p>\n<p style=\"font-weight:400\" class=\"jsx-1837267516\">Suivez la couverture compl\u00e8te<\/p>\n<p style=\"font-weight:800\" class=\"jsx-1837267516\">Ukraine : 4\u1d49 ann\u00e9e de guerre<\/p>\n<p><\/a><\/p>\n<p data-module=\"article-paragraph\" class=\"jsx-362436225 Paragraph\">Une attaque russe de missiles et de drones a vis\u00e9 dans la nuit la capitale ukrainienne, Kiev, tuant 12 personnes et blessant 90 autres, selon un nouveau bilan publi\u00e9 jeudi 24 avril par les secours. Le pr\u00e9sident ukrainien, Volodymyr Zelensky, a ensuite accus\u00e9 la Russie d&rsquo;avoir utilis\u00e9 un missile \u00ab\u00a0fabriqu\u00e9 en Cor\u00e9e du Nord\u00a0\u00bb lors ces frappes. \u00ab\u00a0Selon les premi\u00e8res informations, les Russes ont utilis\u00e9 un missile balistique fabriqu\u00e9 en Cor\u00e9e du Nord. Nos services sp\u00e9ciaux v\u00e9rifient tous les d\u00e9tails\u00a0\u00bb, a d\u00e9clar\u00e9 M. Zelensky sur Facebook.<\/p>\n<p data-module=\"article-paragraph\" class=\"jsx-362436225 Paragraph Paragraph__End\">Le pr\u00e9sident fran\u00e7ais, Emmanuel Macron, a r\u00e9affirm\u00e9 que la priorit\u00e9 doit \u00eatre donn\u00e9e \u00e0 un \u00ab\u00a0cessez-le-feu inconditionnel\u00a0\u00bb en Ukraine, estimant que le <a href=\"https:\/\/www.tf1info.fr\/international\/guerre-en-ukraine-pourquoi-la-crimee-reste-un-point-de-blocage-dans-les-negociations-de-paix-2366970.html\" target=\"_blank\" rel=\"noopener\">statut de la Crim\u00e9e<\/a>, au c\u0153ur d&rsquo;un blocage dans la recherche d&rsquo;un accord avec Moscou, ne se posait \u00ab\u00a0en tout cas pas maintenant\u00a0\u00bb. Le pr\u00e9sident am\u00e9ricain, Donald Trump, qui a d\u00e9clar\u00e9 que ce territoire \u00e9tait d&rsquo;ores et d\u00e9j\u00e0 \u00ab\u00a0perdu\u00a0\u00bb pour Kiev, \u00ab\u00a0d\u00e9crit une situation de fait\u00a0\u00bb, a affirm\u00e9 M. Macron. \u00ab\u00a0Est-ce que pour autant il faut en donner quitus (\u00e0 la Russie) ? Non\u00a0\u00bb. La question du statut de la p\u00e9ninsule ne se pose \u00ab\u00a0en tout cas pas maintenant, et ce n&rsquo;est pas \u00e0 nous de le faire\u00a0\u00bb, a-t-il ajout\u00e9.<\/p>\n<p>Minute par minute06:06N\u00c9GOCIATIONS<\/p>\n<p>Le secr\u00e9taire g\u00e9n\u00e9ral de l&rsquo;Otan, Mark Rutte, a estim\u00e9 hier qu&rsquo;il revenait \u00e0 la Russie, et non l&rsquo;Ukraine, de faire avancer les n\u00e9gociations pour mettre fin au conflit, apr\u00e8s que le pr\u00e9sident am\u00e9ricain Donald Trump a fustig\u00e9 Kiev. \u00ab\u00a0Il y a quelque chose sur la table maintenant, je pense, et les Ukrainiens jouent vraiment le jeu. Et je pense que la balle est clairement dans le camp de la Russie maintenant\u00a0\u00bb, a d\u00e9clar\u00e9 Mark Rutte aux journalistes \u00e0 la Maison Blanche, \u00e0 l&rsquo;issue d&rsquo;une rencontre avec le pr\u00e9sident Trump.<\/p>\n<p>06:04&Prime;Vladimir ARR\u00caTE !\u00a0\u00bb<\/p>\n<p>Le pr\u00e9sident am\u00e9ricain a exhort\u00e9 hier son homologue russe Vladimir Poutine \u00e0 cesser de bombarder l&rsquo;Ukraine, apr\u00e8s les frappes mortelle men\u00e9es dans la nuit de jeudi \u00e0 vendredi notamment sur Kiev. \u00ab\u00a0Vladimir, ARR\u00caTE !\u00a0\u00bb, s&rsquo;est agac\u00e9 Donald Trump dans une de ses formules lapidaires sur sa plateforme Truth Social, ajoutant n&rsquo;\u00eatre \u00ab\u00a0pas content\u00a0\u00bb de ces frappes au \u00ab\u00a0tr\u00e8s mauvais timing\u00a0\u00bb.<\/p>\n<p><img decoding=\"async\" src=\"https:\/\/www.europesays.com\/fr\/wp-content\/uploads\/2025\/04\/donald-trump-a-la-maison-blanche-en-avril-2025-831e9b-0@1x.jpeg\" alt=\"Donald Trump \u00e0 la Maison Blanche, en avril 2025\" loading=\"lazy\" importance=\"low\" fetchpriority=\"low\" class=\"\"\/>Donald Trump \u00e0 la Maison Blanche, en avril 2025 &#8211; SAUL LOEB \/ AFP06:00LA RUSSIE PR\u00caTE ?<\/p>\n<p>Le chef de la diplomatie russe Sergue\u00ef Lavrov a assur\u00e9 hier que Moscou \u00e9tait pr\u00eate \u00e0 un accord pour mettre fin \u00e0 la guerre en Ukraine, apr\u00e8s un avertissement de Donald Trump \u00e0 Vladimir Poutine \u00e0 la suite de frappes meurtri\u00e8res sur Kiev. La salve lanc\u00e9e par la Russie dans la nuit de mercredi \u00e0 jeudi &#8211; 70 missiles et 145 drones visant au total six r\u00e9gions et faisant 12 morts \u00e0 Kiev selon les autorit\u00e9s ukrainiennes &#8211; est intervenue \u00e0 un moment o\u00f9 les laborieuses n\u00e9gociations entreprises par le pr\u00e9sident am\u00e9ricain se crispent sur la question de la Crim\u00e9e.<\/p>\n<p>Donald Trump \u00ab\u00a0parle d&rsquo;un accord et nous sommes pr\u00eats \u00e0 conclure un accord, mais certains \u00e9l\u00e9ments sp\u00e9cifiques doivent encore \u00eatre peaufin\u00e9s\u00a0\u00bb, a affirm\u00e9 M. Lavrov dans un entretien diffus\u00e9 hier soir par la cha\u00eene am\u00e9ricaine CBS. \u00ab\u00a0Il y a plusieurs signes qui montrent que nous allons dans la bonne direction\u00a0\u00bb, louant Donald Trump comme \u00ab\u00a0probablement le seul dirigeant sur la plan\u00e8te qui reconna\u00eet le besoin de s&rsquo;attaquer aux causes profondes de la situation\u00a0\u00bb.<\/p>\n<p>05:59<\/p>\n<p>Bonjour et bienvenue dans ce direct consacr\u00e9 \u00e0 la guerre en Ukraine. Retrouvez les derni\u00e8res informations ici.<\/p>\n<p data-module=\"article-paragraph\" class=\"jsx-362436225 Paragraph Paragraph__End\">Donald Trump, de son c\u00f4t\u00e9, s&rsquo;est dit \u00ab\u00a0pas content\u00a0\u00bb jeudi des frappes russes sur Kiev survenues dans la nuit et a exhort\u00e9 Vladimir Poutine \u00e0 cesser de telles op\u00e9rations afin de parvenir \u00e0 un accord de paix entre l&rsquo;Ukraine et la Russie. \u00ab\u00a0Pas n\u00e9cessaire et tr\u00e8s mauvais timing\u00a0\u00bb, a d\u00e9clar\u00e9 le pr\u00e9sident am\u00e9ricain sur sa plateforme Truth Social avant d&rsquo;ajouter : \u00ab\u00a0Vladimir, ARR\u00caTE!\u00a0\u00bb, \u00e0 l&rsquo;adresse de son homologue russe.<\/p>\n<p>La r\u00e9daction de TF1info<\/p>\n","protected":false},"excerpt":{"rendered":"Le chef de la diplomatie russe Sergue\u00ef Lavrov a assur\u00e9 jeudi que Moscou \u00e9tait pr\u00eate \u00e0 un accord&hellip;\n","protected":false},"author":2,"featured_media":50912,"comment_status":"","ping_status":"","sticky":false,"template":"","format":"standard","meta":{"footnotes":""},"categories":[1591],"tags":[1111,11,1921,13469,1887,1918,1922,12,1885,1886,132,220,1917,133,1920],"class_list":{"0":"post-50911","1":"post","2":"type-post","3":"status-publish","4":"format-standard","5":"has-post-thumbnail","7":"category-russie","8":"tag-actu","9":"tag-actualites","10":"tag-article-video","11":"tag-crimee","12":"tag-federation-de-russie","13":"tag-guerre-en-ukraine-une-treve-en-negociation","14":"tag-info","15":"tag-news","16":"tag-russia","17":"tag-russian-federation","18":"tag-russie","19":"tag-ukraine","20":"tag-ukraine-4-annee-de-guerre","21":"tag-video","22":"tag-video-international"},"share_on_mastodon":{"url":"https:\/\/pubeurope.com\/@fr\/114396801542860114","error":""},"_links":{"self":[{"href":"https:\/\/www.europesays.com\/fr\/wp-json\/wp\/v2\/posts\/50911","targetHints":{"allow":["GET"]}}],"collection":[{"href":"https:\/\/www.europesays.com\/fr\/wp-json\/wp\/v2\/posts"}],"about":[{"href":"https:\/\/www.europesays.com\/fr\/wp-json\/wp\/v2\/types\/post"}],"author":[{"embeddable":true,"href":"https:\/\/www.europesays.com\/fr\/wp-json\/wp\/v2\/users\/2"}],"replies":[{"embeddable":true,"href":"https:\/\/www.europesays.com\/fr\/wp-json\/wp\/v2\/comments?post=50911"}],"version-history":[{"count":0,"href":"https:\/\/www.europesays.com\/fr\/wp-json\/wp\/v2\/posts\/50911\/revisions"}],"wp:featuredmedia":[{"embeddable":true,"href":"https:\/\/www.europesays.com\/fr\/wp-json\/wp\/v2\/media\/50912"}],"wp:attachment":[{"href":"https:\/\/www.europesays.com\/fr\/wp-json\/wp\/v2\/media?parent=50911"}],"wp:term":[{"taxonomy":"category","embeddable":true,"href":"https:\/\/www.europesays.com\/fr\/wp-json\/wp\/v2\/categories?post=50911"},{"taxonomy":"post_tag","embeddable":true,"href":"https:\/\/www.europesays.com\/fr\/wp-json\/wp\/v2\/tags?post=50911"}],"curies":[{"name":"wp","href":"https:\/\/api.w.org\/{rel}","templated":true}]}}