{"id":509118,"date":"2025-11-03T15:22:12","date_gmt":"2025-11-03T15:22:12","guid":{"rendered":"https:\/\/www.europesays.com\/fr\/509118\/"},"modified":"2025-11-03T15:22:12","modified_gmt":"2025-11-03T15:22:12","slug":"atp-rolex-paris-masters-auger-aliassime-a-fait-une-tres-bonne-finale-contre-sinner-a-ete-impressionnant-au-service-mais-ce-qui-lui-coute-si-cher-cest-ce-revers-estime-benoit-maylin","status":"publish","type":"post","link":"https:\/\/www.europesays.com\/fr\/509118\/","title":{"rendered":"ATP &#8211; Rolex Paris Masters > \u00ab\u00a0Auger-Aliassime a fait une tr\u00e8s bonne finale contre Sinner, a \u00e9t\u00e9 impressionnant au service mais ce qui lui co\u00fbte si cher, c&rsquo;est ce revers&#8230;\u00a0\u00bb, estime Beno\u00eet Maylin"},"content":{"rendered":"<p>S\u2019il s\u2019est inclin\u00e9 en deux sets serr\u00e9s face \u00e0 Jannik Sinner en finale du Masters 1000 de Paris, il ne lui a pas manqu\u00e9 grand\u2010chose selon le jour\u00adna\u00adliste Beno\u00eet Maylin.\u00a0<\/p>\n<blockquote class=\"twitter-tweet\">\n<p lang=\"fr\" dir=\"ltr\">Tr\u00e8s bonne finale de F\u00e9lix.<br \/>Impressionnant au service.<br \/>Mais ce revers\u2026 qui lui co\u00fbte si cher.<br \/>Toujours est\u2010il qu\u2019il s\u2019est gagn\u00e9 sa place au Masters. Enfin presque.<br \/>Tout va se jouer cette semaine entre lui et Musetti.<br \/>Si Djokovic joue \u00e0 Turin.<br \/>Mais je pense qu\u2019il va\u00a0venir.<\/p>\n<p>\u2014 Benoit Maylin (@BenoitMaylin) <a href=\"https:\/\/twitter.com\/BenoitMaylin\/status\/1985018870759833742?ref_src=twsrc%5Etfw\" data-wpel-link=\"external\" target=\"_blank\" rel=\"nofollow external noopener\">November 2,\u00a02025<\/a><\/p><\/blockquote>\n<p><strong>\u00ab\u202fTr\u00e8s bonne finale de F\u00e9lix. Impressionnant au service. Mais ce revers\u2026 qui lui co\u00fbte si cher. Toujours est\u2010il qu\u2019il s\u2019est gagn\u00e9 sa place au Masters. Enfin presque. Tout va se jouer cette semaine entre lui et Musetti. Si Djokovic joue \u00e0 Turin. Mais je pense qu\u2019il va\u00a0venir.\u202f\u00bb<\/strong><\/p>\n<p class=\"post-published-date\" style=\"color: silver; font-size: 75%; text-align: left;\">Publi\u00e9 le lundi 3 novembre 2025 \u00e0 13:15<\/p>\n<p><script async src=\"https:\/\/platform.twitter.com\/widgets.js\" charset=\"utf-8\"><\/script><\/p>\n","protected":false},"excerpt":{"rendered":"S\u2019il s\u2019est inclin\u00e9 en deux sets serr\u00e9s face \u00e0 Jannik Sinner en finale du Masters 1000 de Paris,&hellip;\n","protected":false},"author":2,"featured_media":509119,"comment_status":"","ping_status":"","sticky":false,"template":"","format":"standard","meta":{"footnotes":""},"categories":[1415],"tags":[14496,105,1011,27,2127,60,1467],"class_list":{"0":"post-509118","1":"post","2":"type-post","3":"status-publish","4":"format-standard","5":"has-post-thumbnail","7":"category-tennis","8":"tag-auger-aliassime","9":"tag-djokovic","10":"tag-fr","11":"tag-france","12":"tag-sinner","13":"tag-sports","14":"tag-tennis"},"share_on_mastodon":{"url":"https:\/\/pubeurope.com\/@fr\/115486454138463098","error":""},"_links":{"self":[{"href":"https:\/\/www.europesays.com\/fr\/wp-json\/wp\/v2\/posts\/509118","targetHints":{"allow":["GET"]}}],"collection":[{"href":"https:\/\/www.europesays.com\/fr\/wp-json\/wp\/v2\/posts"}],"about":[{"href":"https:\/\/www.europesays.com\/fr\/wp-json\/wp\/v2\/types\/post"}],"author":[{"embeddable":true,"href":"https:\/\/www.europesays.com\/fr\/wp-json\/wp\/v2\/users\/2"}],"replies":[{"embeddable":true,"href":"https:\/\/www.europesays.com\/fr\/wp-json\/wp\/v2\/comments?post=509118"}],"version-history":[{"count":0,"href":"https:\/\/www.europesays.com\/fr\/wp-json\/wp\/v2\/posts\/509118\/revisions"}],"wp:featuredmedia":[{"embeddable":true,"href":"https:\/\/www.europesays.com\/fr\/wp-json\/wp\/v2\/media\/509119"}],"wp:attachment":[{"href":"https:\/\/www.europesays.com\/fr\/wp-json\/wp\/v2\/media?parent=509118"}],"wp:term":[{"taxonomy":"category","embeddable":true,"href":"https:\/\/www.europesays.com\/fr\/wp-json\/wp\/v2\/categories?post=509118"},{"taxonomy":"post_tag","embeddable":true,"href":"https:\/\/www.europesays.com\/fr\/wp-json\/wp\/v2\/tags?post=509118"}],"curies":[{"name":"wp","href":"https:\/\/api.w.org\/{rel}","templated":true}]}}