{"id":509140,"date":"2025-11-03T15:37:14","date_gmt":"2025-11-03T15:37:14","guid":{"rendered":"https:\/\/www.europesays.com\/fr\/509140\/"},"modified":"2025-11-03T15:37:14","modified_gmt":"2025-11-03T15:37:14","slug":"15-nouveaux-produits-limpressionnante-feuille-de-route-dapple-pour-2026","status":"publish","type":"post","link":"https:\/\/www.europesays.com\/fr\/509140\/","title":{"rendered":"15 nouveaux produits, l&rsquo;impressionnante feuille de route d&rsquo;Apple pour 2026"},"content":{"rendered":"<p>En faisant le point sur les rumeurs et fuites entourant les futurs produits d\u2019Apple, on d\u00e9couvre que la firme pr\u00e9parerait le lancement de 15 nouveaux produits.<\/p>\n<p><a target=\"_blank\" href=\"https:\/\/images.frandroid.com\/wp-content\/uploads\/2021\/12\/apple-store-fifth-avenue-scaled-e1638963992845.jpg\" class=\"article-content__figure\" rel=\"nofollow noopener\"><img fetchpriority=\"high\" decoding=\"async\" loading=\"eager\" width=\"1200\" height=\"900\" src=\"https:\/\/www.europesays.com\/fr\/wp-content\/uploads\/2025\/11\/apple-store-fifth-avenue-scaled-e1638963992845.jpg\" alt=\"\" class=\"wp-image-1150369 wp-image wp-image\"\/><\/a>Le logo d\u2019Apple \/\/ Source : Nathan Le Gohlisse pour Frandroid<\/p>\n<p>L\u2019ann\u00e9e 2025 touche \u00e0 son terme et il est d\u00e9j\u00e0 l\u2019heure de se projeter sur les nouveaut\u00e9s de 2026. C\u2019est ce <a target=\"_blank\" href=\"https:\/\/www.bloomberg.com\/news\/newsletters\/2025-11-02\/apple-s-nearly-140-billion-quarter-when-ios-26-1-will-be-out-ipad-mini-revamp-mhhpy1ax\" rel=\"nofollow noopener\">que propose le journaliste Mark Gurman<\/a> sur Bloomberg en dressant la liste des 15 produits Apple attendus l\u2019an prochain.<\/p>\n<p>Les classiques<\/p>\n<p>Passons rapidement sur les changements habituels de g\u00e9n\u00e9ration pour certains produits. <\/p>\n<p>Cela ne devrait surprendre personne que l\u2019on attende par exemple le MacBook Air \u00e9quip\u00e9 d\u2019une puce M5, apr\u00e8s les g\u00e9n\u00e9rations M1, M2, M3 et M4.<\/p>\n<ul class=\"wp-block-list\">\n<li>iPad Air M4<\/li>\n<li>MacBook Air M5<\/li>\n<li>MacBook Pro M5 Pro et M5 Max<\/li>\n<li>iPad 12<\/li>\n<li>iPhone 17e<\/li>\n<li>iPhone 18<\/li>\n<li>Les nouvelles Apple Watch<\/li>\n<li>Mac mini M5<\/li>\n<\/ul>\n<p>Les refontes importantes<\/p>\n<p>Dans la liste figurent \u00e9galement des produits dont les changements seraient plus importants. On parle d\u2019un changement de design ou d\u2019une refonte du produit.<\/p>\n<ul class=\"wp-block-list\">\n<li>MacBook Pro M6 Pro et M6 Max avec \u00e9cran Oled<\/li>\n<li>iPad Mini avec \u00e9cran Oled<\/li>\n<li>Un nouveau Mac Studio<\/li>\n<\/ul>\n<p>Les nouveaux produits<\/p>\n<p>Et enfin, Apple pr\u00e9parerait en 2026 des nouveaux produits, sans pr\u00e9d\u00e9cesseur, \u00e0 la mani\u00e8re du Vision Pro r\u00e9cemment.<\/p>\n<p>On pense notamment <strong>au premier iPhone pliant<\/strong>, attendu pour la fin de l\u2019ann\u00e9e 2026, ou au lancement potentiel des <strong>lunettes\u00a0IA concurrentes<\/strong> <a href=\"https:\/\/www.frandroid.com\/marques\/meta\/2794763_nous-avons-essaye-les-meta-ray-ban-display-premiere-lunettes-connectees-a-ecran-couleur\" rel=\"nofollow noopener\" target=\"_blank\">des Meta Rayban<\/a>.<\/p>\n<p>\u00c0 ce titre, Apple devrait enfin d\u00e9ployer le plein potentiel d\u2019Apple Intelligence avec <strong>la nouvelle version de Siri,<\/strong> capable de r\u00e9aliser des actions et r\u00e9pondre \u00e0 vos questions comme peuvent le faire ChatGPT ou Gemini.<\/p>\n<p>Dans cette cat\u00e9gorie, Apple devrait \u00e9galement lancer une nouvelle gamme de produits pour la maison, connect\u00e9s \u00e0 son IA. Par exemple, <strong>un \u00e9cran Homepod connect\u00e9 <\/strong>et capable d\u2019\u00eatre install\u00e9 \u00e0 un mur, ou <strong>un kit de cam\u00e9ras de s\u00e9curit\u00e9<\/strong>.<\/p>\n<p>Mark Gurman ne mentionne pas dans son article le tout nouveau MacBook attendu avec une puce d\u2019iPhone et qui devrait permettre \u00e0 Apple de baisser le prix d\u2019entr\u00e9e de son univers PC portable. Certaines rumeurs <a href=\"https:\/\/www.frandroid.com\/marques\/apple\/2758807_un-macbook-a-moins-de-800-e-avant-la-fin-de-lannee-pourquoi-cest-de-plus-en-plus-probable\" rel=\"nofollow noopener\" target=\"_blank\">pr\u00e9disaient une arriv\u00e9e d\u00e8s la fin de l\u2019ann\u00e9e 2025<\/a>, mais Apple a confirm\u00e9 qu\u2019aucun nouveau produit Mac ne sortirait cette ann\u00e9e.<\/p>\n","protected":false},"excerpt":{"rendered":"En faisant le point sur les rumeurs et fuites entourant les futurs produits d\u2019Apple, on d\u00e9couvre que la&hellip;\n","protected":false},"author":2,"featured_media":509141,"comment_status":"","ping_status":"","sticky":false,"template":"","format":"standard","meta":{"footnotes":""},"categories":[7],"tags":[270,1011,27,43,40,41,39,42,44],"class_list":{"0":"post-509140","1":"post","2":"type-post","3":"status-publish","4":"format-standard","5":"has-post-thumbnail","7":"category-sciences-et-technologies","8":"tag-breaking","9":"tag-fr","10":"tag-france","11":"tag-science","12":"tag-science-and-technology","13":"tag-sciences","14":"tag-sciences-et-technologies","15":"tag-technologies","16":"tag-technology"},"share_on_mastodon":{"url":"https:\/\/pubeurope.com\/@fr\/115486513473345899","error":""},"_links":{"self":[{"href":"https:\/\/www.europesays.com\/fr\/wp-json\/wp\/v2\/posts\/509140","targetHints":{"allow":["GET"]}}],"collection":[{"href":"https:\/\/www.europesays.com\/fr\/wp-json\/wp\/v2\/posts"}],"about":[{"href":"https:\/\/www.europesays.com\/fr\/wp-json\/wp\/v2\/types\/post"}],"author":[{"embeddable":true,"href":"https:\/\/www.europesays.com\/fr\/wp-json\/wp\/v2\/users\/2"}],"replies":[{"embeddable":true,"href":"https:\/\/www.europesays.com\/fr\/wp-json\/wp\/v2\/comments?post=509140"}],"version-history":[{"count":0,"href":"https:\/\/www.europesays.com\/fr\/wp-json\/wp\/v2\/posts\/509140\/revisions"}],"wp:featuredmedia":[{"embeddable":true,"href":"https:\/\/www.europesays.com\/fr\/wp-json\/wp\/v2\/media\/509141"}],"wp:attachment":[{"href":"https:\/\/www.europesays.com\/fr\/wp-json\/wp\/v2\/media?parent=509140"}],"wp:term":[{"taxonomy":"category","embeddable":true,"href":"https:\/\/www.europesays.com\/fr\/wp-json\/wp\/v2\/categories?post=509140"},{"taxonomy":"post_tag","embeddable":true,"href":"https:\/\/www.europesays.com\/fr\/wp-json\/wp\/v2\/tags?post=509140"}],"curies":[{"name":"wp","href":"https:\/\/api.w.org\/{rel}","templated":true}]}}