{"id":509146,"date":"2025-11-03T15:40:17","date_gmt":"2025-11-03T15:40:17","guid":{"rendered":"https:\/\/www.europesays.com\/fr\/509146\/"},"modified":"2025-11-03T15:40:17","modified_gmt":"2025-11-03T15:40:17","slug":"jassume-ce-record-la-derniere-sortie-de-lex-ministre-kasbarian-provoque-un-tolle","status":"publish","type":"post","link":"https:\/\/www.europesays.com\/fr\/509146\/","title":{"rendered":"\u00ab\u00a0J\u2019assume ce record\u00a0\u00bb\u2026 La derni\u00e8re sortie de l\u2019ex-ministre Kasbarian provoque un toll\u00e9"},"content":{"rendered":"<p> \u00abJ\u2019assume ce record d\u2019expulsions\u00a0\u00bb. Dans une publication sur X (ex-Twitter), l\u2019ex-ministre du <a href=\"https:\/\/www.20minutes.fr\/dossier\/logement\" class=\"c-link c-link--is-underlined\" target=\"_blank\" rel=\"noopener\">Logement<\/a>, Guillaume <a href=\"https:\/\/www.20minutes.fr\/politique\/guillaume-kasbarian\/\" class=\"c-link c-link--is-underlined\" target=\"_blank\" rel=\"noopener\">Kasbarian <\/a>a r\u00e9agi aux propos de Christophe Robert, pr\u00e9sident de la Fondation pour le logement des d\u00e9favoris\u00e9s, qui d\u00e9non\u00e7ait sur <a href=\"https:\/\/x.com\/franceinfo\/status\/1984534024442847395\" rel=\"nofollow\" target=\"_blank\" class=\"c-link c-link--is-underlined\">France Info<\/a>, la hausse des expulsions, en raison, entre autres de la <a href=\"https:\/\/www.20minutes.fr\/societe\/4012196-20221128-pourquoi-proposition-loi-anti-squat-suscite-autant-reactions\" class=\"c-link c-link--is-underlined\" target=\"_blank\" rel=\"noopener\">loi \u00ab\u00a0antisquat<\/a>\u00a0Kasbarian-Berger\u00a0\u00bb, \u00ab\u00a0plus s\u00e9curitaire que pr\u00e9ventive\u00a0\u00bb.<\/p>\n<p>En\u00a02024, pr\u00e8s de 25.000 m\u00e9nages ont ainsi \u00e9t\u00e9 expuls\u00e9s de leur logement, soit une hausse de 29\u00a0% en un an et de 223\u00a0% depuis vingt ans, selon les chiffres de l\u2019association, qui se d\u00e9sole de \u00ab\u00a0ce record\u00a0\u00bb.<\/p>\n<p>Sur France Info, Christophe Robert d\u00e9crivait des situations inacceptables, comme \u00ab\u00a0des personnes de plus de 60 ans, des femmes seules avec enfant qui se retrouvent sans rien\u00a0!\u00a0\u00bb, a rep\u00e9r\u00e9 <a href=\"https:\/\/www.huffingtonpost.fr\/politique\/article\/l-ex-ministre-guillaume-kasbarian-assume-le-record-d-expulsions-locatives-et-provoque-un-tolle_256685.html\" rel=\"nofollow noopener\" target=\"_blank\" class=\"c-link c-link--is-underlined\">Le HuffPost<\/a>.<\/p>\n<p>Mais pour l\u2019ancien ministre, d\u00e9put\u00e9 d\u2019Eure-et-Loir, \u00ab\u00a0la meilleure des pr\u00e9ventions, c\u2019est de payer son loyer\u00a0\u00bb, a-t-il assum\u00e9. Avant d\u2019ajouter\u00a0: \u00ab\u00a0Ce n\u2019est ni aux propri\u00e9taires ni aux contribuables d\u2019assumer le co\u00fbt des impay\u00e9s. On devrait m\u00eame aller plus loin dans le respect de la propri\u00e9t\u00e9 priv\u00e9e et la rapidit\u00e9 des expulsions.\u00a0\u00bb<\/p>\n<p>\u00ab\u00a0Heureusement pour vous la honte ne tue pas\u00a0\u00bb<\/p>\n<p>Les propos de Guillaume Kasbarian sur X ont provoqu\u00e9 de vives r\u00e9actions, notamment de la gauche. \u00ab\u00a0De combien des 912 morts de la rue de l\u2019ann\u00e9e pass\u00e9e M.Kasbarian est-il responsable\u00a0?\u00a0\u00bb, a interrog\u00e9 sur le r\u00e9seau social Fran\u00e7ois Piquemal, d\u00e9put\u00e9 LFI de Haute-Garonne.<\/p>\n<p class=\"mb-xxl@xs color-ultramarine font-weight-semi-bold@xs font-source-serif-pro heading-s@xs\">L\u2019acc\u00e8s \u00e0 ce contenu a \u00e9t\u00e9 bloqu\u00e9 afin de respecter votre choix de consentement<\/p>\n<p class=\"mb-m@xs text-l@xs\">En cliquant sur\u00ab J\u2019accepte \u00bb, vous acceptez le d\u00e9p\u00f4t de cookies par des services externes et aurez ainsi acc\u00e8s aux contenus de nos partenaires.<\/p>\n<p class=\"mb-xl@xs text-s@xs\">Plus d\u2019informations sur la page<a href=\"https:\/\/www.20minutes.fr\/gestion-cookies\" class=\"mx-xxs@xs color-ultramarine\" target=\"_blank\" rel=\"noopener\">Politique de gestion des cookies<\/a><\/p>\n<p>J\u2019accepte<\/p>\n<p>\u00ab\u00a0Vous \u00eates odieux. Vous n\u2019avez aucune morale. Essayez donc un peu de dormir dehors quelque temps. On verra si vous trouvez votre politique toujours aussi g\u00e9niale\u00a0\u00bb, a d\u00e9nonc\u00e9 le d\u00e9put\u00e9 LFI Pierre-Yves Cadalen. \u00ab\u00a0La violence macroniste n\u2019a pas de limite\u00a0\u00bb, a, quant \u00e0 elle, r\u00e9agi Gabrielle Cathala, d\u00e9put\u00e9e LFI du Val-d\u2019Oise. Mathilde Panot, pr\u00e9sidente du groupe \u00e0 l\u2019Assembl\u00e9e nationale, a qualifi\u00e9 l\u2019ex-ministre de \u00ab\u00a0dangereux\u00a0\u00bb. \u00ab\u00a0Kasbarian ou le visage \u00e0 d\u00e9couvert de la violence des riches. Celui qui admire Musk et Trump \u00a0\u00bbassume\u00a0\u00bb le record d\u2019expulsions.\u00a0\u00bb, a-t-elle \u00e9crit sur X.<\/p>\n<p><a href=\"https:\/\/www.20minutes.fr\/dossier\/mal-logement\" class=\"c-link c-btn c-btn--primary\" target=\"_blank\" rel=\"noopener\">Tous nos articles sur le mal-logement<\/a><\/p>\n<p>La Fondation pour le logement des d\u00e9favoris\u00e9s a \u00e9galement r\u00e9agi \u00e0 la publication de Guillaume Kasbarian. \u00c9l\u00e9onore Schmitt, charg\u00e9e de mobilisation, lui a r\u00e9pondu\u00a0: \u00ab\u00a0Heureusement pour vous la honte ne tue pas. Le mal-logement si. Vivre \u00e0 la rue aussi. 350.000 personnes sans domicile. 912 morts de la rue. 2.500 enfants dorment dehors chaque nuit. Sortez de votre confort, passez une nuit \u00e0 la rue, assumez les cons\u00e9quences de vos politiques.\u00a0\u00bb<\/p>\n<p>Comme le rappelle le HuffPost, une <a href=\"https:\/\/medias.amf.asso.fr\/upload\/files\/synthese-etude-expulsion.pdf\" rel=\"nofollow noopener\" target=\"_blank\" class=\"c-link c-link--is-underlined\">enqu\u00eate r\u00e9alis\u00e9e en\u00a02022<\/a> a r\u00e9v\u00e9l\u00e9 que \u00ab\u00a032\u00a0% des m\u00e9nages n\u2019ont toujours pas retrouv\u00e9 un vrai logement [entre un et trois ans apr\u00e8s l\u2019expulsion] et vivent encore \u00e0 l\u2019h\u00f4tel ou chez un tiers\u00a0\u00bb. Elle d\u00e9montre \u00e9galement que \u00ab\u00a029\u00a0% des personnes sond\u00e9es n\u2019ont pas pu poursuivre leur activit\u00e9 professionnelle en raison de l\u2019expulsion, et celle-ci a eu des impacts sur la scolarit\u00e9 de 43\u00a0% des m\u00e9nages avec enfants\u00a0\u00bb.<\/p>\n","protected":false},"excerpt":{"rendered":"\u00abJ\u2019assume ce record d\u2019expulsions\u00a0\u00bb. Dans une publication sur X (ex-Twitter), l\u2019ex-ministre du Logement, Guillaume Kasbarian a r\u00e9agi aux&hellip;\n","protected":false},"author":2,"featured_media":509147,"comment_status":"","ping_status":"","sticky":false,"template":"","format":"standard","meta":{"footnotes":""},"categories":[4],"tags":[47,11,416,7343,254,422,1939,5219,1011,27,63065,2722,1908,13248,14552,2721,3784,12,2680,25,3910,104,5221],"class_list":{"0":"post-509146","1":"post","2":"type-post","3":"status-publish","4":"format-standard","5":"has-post-thumbnail","7":"category-france","8":"tag-actualite","9":"tag-actualites","10":"tag-assemblee-nationale","11":"tag-centre-val-de-loire","12":"tag-conso","13":"tag-depute","14":"tag-eure-et-loir","15":"tag-expulsion","16":"tag-fr","17":"tag-france","18":"tag-guillaume-kasbarian","19":"tag-haute-garonne","20":"tag-logement","21":"tag-mal-logement","22":"tag-mathilde-panot","23":"tag-midi-pyrenees","24":"tag-ministre","25":"tag-news","26":"tag-occitanie","27":"tag-republique-francaise","28":"tag-sdf","29":"tag-societe","30":"tag-squat"},"share_on_mastodon":{"url":"https:\/\/pubeurope.com\/@fr\/115486525463130043","error":""},"_links":{"self":[{"href":"https:\/\/www.europesays.com\/fr\/wp-json\/wp\/v2\/posts\/509146","targetHints":{"allow":["GET"]}}],"collection":[{"href":"https:\/\/www.europesays.com\/fr\/wp-json\/wp\/v2\/posts"}],"about":[{"href":"https:\/\/www.europesays.com\/fr\/wp-json\/wp\/v2\/types\/post"}],"author":[{"embeddable":true,"href":"https:\/\/www.europesays.com\/fr\/wp-json\/wp\/v2\/users\/2"}],"replies":[{"embeddable":true,"href":"https:\/\/www.europesays.com\/fr\/wp-json\/wp\/v2\/comments?post=509146"}],"version-history":[{"count":0,"href":"https:\/\/www.europesays.com\/fr\/wp-json\/wp\/v2\/posts\/509146\/revisions"}],"wp:featuredmedia":[{"embeddable":true,"href":"https:\/\/www.europesays.com\/fr\/wp-json\/wp\/v2\/media\/509147"}],"wp:attachment":[{"href":"https:\/\/www.europesays.com\/fr\/wp-json\/wp\/v2\/media?parent=509146"}],"wp:term":[{"taxonomy":"category","embeddable":true,"href":"https:\/\/www.europesays.com\/fr\/wp-json\/wp\/v2\/categories?post=509146"},{"taxonomy":"post_tag","embeddable":true,"href":"https:\/\/www.europesays.com\/fr\/wp-json\/wp\/v2\/tags?post=509146"}],"curies":[{"name":"wp","href":"https:\/\/api.w.org\/{rel}","templated":true}]}}