{"id":509148,"date":"2025-11-03T15:41:13","date_gmt":"2025-11-03T15:41:13","guid":{"rendered":"https:\/\/www.europesays.com\/fr\/509148\/"},"modified":"2025-11-03T15:41:13","modified_gmt":"2025-11-03T15:41:13","slug":"lex-prince-andrew-vivra-desormais-a-sandringham-a-lecart-de-la-famille-royale","status":"publish","type":"post","link":"https:\/\/www.europesays.com\/fr\/509148\/","title":{"rendered":"L\u2019ex-Prince Andrew vivra d\u00e9sormais \u00e0 Sandringham, \u00e0 l\u2019\u00e9cart de la famille royale"},"content":{"rendered":"<p> \u00abLoin des yeux, loin du c\u0153ur\u00a0\u00bb, dit-on\u2026 Ce serait plut\u00f4t l\u2019inverse pour l\u2019encombrant Andrew, 3e fils de la <a href=\"https:\/\/www.20minutes.fr\/dossier\/elizabeth_ii\" class=\"c-link c-link--is-underlined\" target=\"_blank\" rel=\"noopener\">reine Elizabeth<\/a> qui s\u2019est vu <a href=\"https:\/\/www.20minutes.fr\/monde\/4180088-20251017-royaume-uni-prince-andrew-empetre-scandales-renonce-titre-royal\" class=\"c-link c-link--is-underlined\" target=\"_blank\" rel=\"noopener\">retirer son titre de prince<\/a> (pour ses liens avec le d\u00e9funt p\u00e9docriminel am\u00e9ricain <a href=\"https:\/\/www.20minutes.fr\/societe\/affaire-epstein\/\" class=\"c-link c-link--is-underlined\" target=\"_blank\" rel=\"noopener\">Jeffrey Epstein<\/a>). La famille royale a donc d\u00e9cid\u00e9 de lui faire quitter son manoir royal de Windsor pour une destination moins glamour.<\/p>\n<\/p>\n<p>Selon <a href=\"https:\/\/www.ouest-france.fr\/europe\/royaume-uni\/il-a-ete-envoye-dans-lequivalent-de-la-siberie-3-questions-sur-lavenir-de-lex-prince-andrew-f3ecb8f8-b72d-11f0-82c7-21cf9bb02d71\" rel=\"nofollow noopener\" target=\"_blank\" class=\"c-link c-link--is-underlined\">p<\/a>lusieurs m\u00e9dias britanniques, il devrait en effet poser ses valises \u00e0 Sandringham, un vaste domaine priv\u00e9 du Norfolk, dans l\u2019est de l\u2019<a href=\"https:\/\/www.20minutes.fr\/dossier\/angleterre\" class=\"c-link c-link--is-underlined\" target=\"_blank\" rel=\"noopener\">Angleterre<\/a>, qui abrite de nombreuses \u2013 et plus ou moins spacieuses \u2013 propri\u00e9t\u00e9s. \u00ab\u00a0Il a \u00e9t\u00e9 envoy\u00e9 [\u2026] dans l\u2019\u00e9quivalent royal de la <a href=\"https:\/\/www.20minutes.fr\/dossier\/siberie\" class=\"c-link c-link--is-underlined\" target=\"_blank\" rel=\"noopener\">Sib\u00e9rie\u00a0<\/a>\u00bb, a plaisant\u00e9 le biographe royal Robert Hardman sur la <a href=\"https:\/\/www.20minutes.fr\/dossier\/bbc\" class=\"c-link c-link--is-underlined\" target=\"_blank\" rel=\"noopener\">BBC<\/a>.<\/p>\n<p class=\"mb-xxl@xs color-ultramarine font-weight-semi-bold@xs font-source-serif-pro heading-s@xs\">L\u2019acc\u00e8s \u00e0 ce contenu a \u00e9t\u00e9 bloqu\u00e9 afin de respecter votre choix de consentement<\/p>\n<p class=\"mb-m@xs text-l@xs\">En cliquant sur\u00ab J\u2019accepte \u00bb, vous acceptez le d\u00e9p\u00f4t de cookies par des services externes et aurez ainsi acc\u00e8s aux contenus de nos partenaires.<\/p>\n<p class=\"mb-xl@xs text-s@xs\">Plus d\u2019informations sur la page<a href=\"https:\/\/www.20minutes.fr\/gestion-cookies\" class=\"mx-xxs@xs color-ultramarine\" target=\"_blank\" rel=\"noopener\">Politique de gestion des cookies<\/a><\/p>\n<p>J\u2019accepte<\/p>\n<p>Si personne ne sait quelle demeure il habitera, <a href=\"https:\/\/www.pointdevue.fr\/royal\/royaume-uni\/ou-andrew-mountbatten-windsor-va-t-il-aller-vivre-les-options-a-sandringham\" rel=\"nofollow noopener\" target=\"_blank\" class=\"c-link c-link--is-underlined\">Point de vue<\/a> croit savoir qu\u2019il pourrait s\u2019installer au Folly, un ancien pavillon de chasse de trois chambres construit dans les ann\u00e9es\u00a01800 et tout juste restaur\u00e9.<\/p>\n<p>No\u00ebl sans Andrew<\/p>\n<p>Enfin, son <a href=\"https:\/\/www.20minutes.fr\/dossier\/demenagement\" class=\"c-link c-link--is-underlined\" target=\"_blank\" rel=\"noopener\">d\u00e9m\u00e9nagement<\/a> ne devrait pas avoir lieu avant <a href=\"https:\/\/www.20minutes.fr\/noel\/\" class=\"c-link c-link--is-underlined\" target=\"_blank\" rel=\"noopener\">No\u00ebl <\/a>afin qu\u2019Andrew n\u2019ait pas l\u2019opportunit\u00e9 d\u2019assister aux f\u00eates de fin d\u2019ann\u00e9e que la famille royale c\u00e9l\u00e8bre traditionnellement\u2026 \u00e0 Sandringham, affirment plusieurs m\u00e9dias britanniques.<\/p>\n<p><a href=\"https:\/\/www.20minutes.fr\/dossier\/prince_charles\" class=\"c-link c-btn c-btn--primary\" target=\"_blank\" rel=\"noopener\">Notre dossier \u00ab Roi Charles III \u00bb<\/a><\/p>\n<p>Mais si l\u2019ex-Prince a \u00e9t\u00e9 <a href=\"https:\/\/www.20minutes.fr\/monde\/angleterre\/4183052-20251102-royaume-uni-ex-prince-andrew-voit-retirer-dernier-titre-militaire-gouvernement\" class=\"c-link c-link--is-underlined\" target=\"_blank\" rel=\"noopener\">d\u00e9chu de ses titres<\/a>, il ne s\u2019en trouve pour autant pas d\u00e9muni\u00a0: le palais de Buckingham aurait en effet assur\u00e9 qu\u2019Andrew vivrait \u00ab\u00a0aux frais du roi\u00a0\u00bb, son fr\u00e8re. <a href=\"https:\/\/www.theguardian.com\/uk-news\/2025\/oct\/30\/prince-andrew-leave-royal-lodge-windsor\" rel=\"nofollow noopener\" target=\"_blank\" class=\"c-link c-link--is-underlined\">The Guardian<\/a> avance m\u00eame qu\u2019il pourrait percevoir une compensation financi\u00e8re \u00ab\u00a0\u00e0 six chiffres\u00a0\u00bb pour son d\u00e9part, conform\u00e9ment au <a href=\"https:\/\/www.20minutes.fr\/economie\/contrat\/\" class=\"c-link c-link--is-underlined\" target=\"_blank\" rel=\"noopener\">contrat <\/a>de bail qu\u2019il avait conclu en\u00a02003.<\/p>\n","protected":false},"excerpt":{"rendered":"\u00abLoin des yeux, loin du c\u0153ur\u00a0\u00bb, dit-on\u2026 Ce serait plut\u00f4t l\u2019inverse pour l\u2019encombrant Andrew, 3e fils de la&hellip;\n","protected":false},"author":2,"featured_media":509149,"comment_status":"","ping_status":"","sticky":false,"template":"","format":"standard","meta":{"footnotes":""},"categories":[2],"tags":[11,4708,581,58,1011,27,12,973,3935,29982,553,473,27323,133],"class_list":{"0":"post-509148","1":"post","2":"type-post","3":"status-publish","4":"format-standard","5":"has-post-thumbnail","7":"category-actualites","8":"tag-actualites","9":"tag-angleterre","10":"tag-charles-iii","11":"tag-divertissement","12":"tag-fr","13":"tag-france","14":"tag-news","15":"tag-people","16":"tag-prince","17":"tag-reine-elizabeth-ii","18":"tag-roi","19":"tag-royaume-uni","20":"tag-siberie","21":"tag-video"},"share_on_mastodon":{"url":"https:\/\/pubeurope.com\/@fr\/115486528966146411","error":""},"_links":{"self":[{"href":"https:\/\/www.europesays.com\/fr\/wp-json\/wp\/v2\/posts\/509148","targetHints":{"allow":["GET"]}}],"collection":[{"href":"https:\/\/www.europesays.com\/fr\/wp-json\/wp\/v2\/posts"}],"about":[{"href":"https:\/\/www.europesays.com\/fr\/wp-json\/wp\/v2\/types\/post"}],"author":[{"embeddable":true,"href":"https:\/\/www.europesays.com\/fr\/wp-json\/wp\/v2\/users\/2"}],"replies":[{"embeddable":true,"href":"https:\/\/www.europesays.com\/fr\/wp-json\/wp\/v2\/comments?post=509148"}],"version-history":[{"count":0,"href":"https:\/\/www.europesays.com\/fr\/wp-json\/wp\/v2\/posts\/509148\/revisions"}],"wp:featuredmedia":[{"embeddable":true,"href":"https:\/\/www.europesays.com\/fr\/wp-json\/wp\/v2\/media\/509149"}],"wp:attachment":[{"href":"https:\/\/www.europesays.com\/fr\/wp-json\/wp\/v2\/media?parent=509148"}],"wp:term":[{"taxonomy":"category","embeddable":true,"href":"https:\/\/www.europesays.com\/fr\/wp-json\/wp\/v2\/categories?post=509148"},{"taxonomy":"post_tag","embeddable":true,"href":"https:\/\/www.europesays.com\/fr\/wp-json\/wp\/v2\/tags?post=509148"}],"curies":[{"name":"wp","href":"https:\/\/api.w.org\/{rel}","templated":true}]}}