{"id":509150,"date":"2025-11-03T15:42:18","date_gmt":"2025-11-03T15:42:18","guid":{"rendered":"https:\/\/www.europesays.com\/fr\/509150\/"},"modified":"2025-11-03T15:42:18","modified_gmt":"2025-11-03T15:42:18","slug":"les-danseurs-de-la-compagnie-a-pas-de-velours-sur-m6-ce-mardi-soir","status":"publish","type":"post","link":"https:\/\/www.europesays.com\/fr\/509150\/","title":{"rendered":"les danseurs de la compagnie \u00c0 Pas de Velours sur M6 ce mardi soir"},"content":{"rendered":"<p>Comme souvent dans ce genre d\u2019\u00e9mission de t\u00e9l\u00e9, les candidats sont d\u00e9sormais rep\u00e9r\u00e9s sur les r\u00e9seaux sociaux. C\u2019est, en tout cas, de cette mani\u00e8re que le talent des \u00e9l\u00e8ves de la compagnie \u00c0 Pas de Velours a \u00e9t\u00e9 d\u00e9tect\u00e9 par les casteurs de \u00ab\u00a0La France a un incroyable talent\u00a0\u00bb.<\/p>\n<p>\u00ab\u00a0Nous avons \u00e9t\u00e9 contact\u00e9s au printemps, apr\u00e8s la mise en ligne d\u2019une vid\u00e9o qui avait bien march\u00e9\u00a0\u00bb, rembobine Clara Billard, chor\u00e9graphe du collectif de danseurs appelou.<\/p>\n<p>Une adaptation de moins de trois minutes pour la t\u00e9l\u00e9<\/p>\n<p>Ce mardi soir, quinze filles et cinq gar\u00e7ons de la compagnie, \u00e2g\u00e9s de 10 \u00e0 25 ans, seront encadr\u00e9s par l\u2019animatrice <a href=\"https:\/\/www.leprogres.fr\/p\/karine-le-marchand\" target=\"_blank\" rel=\"nofollow noopener\">Karine Le Marchand<\/a><\/p>\n","protected":false},"excerpt":{"rendered":"Comme souvent dans ce genre d\u2019\u00e9mission de t\u00e9l\u00e9, les candidats sont d\u00e9sormais rep\u00e9r\u00e9s sur les r\u00e9seaux sociaux. C\u2019est,&hellip;\n","protected":false},"author":2,"featured_media":509151,"comment_status":"","ping_status":"","sticky":false,"template":"","format":"standard","meta":{"footnotes":""},"categories":[9653],"tags":[1111,11,2430,1687,7539,1777,674,10282,10283,1011,27,3367,12,25,4001,104,3140,2205],"class_list":{"0":"post-509150","1":"post","2":"type-post","3":"status-publish","4":"format-standard","5":"has-post-thumbnail","7":"category-saint-etienne","8":"tag-actu","9":"tag-actualites","10":"tag-auvergne-rhone-alpes","11":"tag-culture-loisirs","12":"tag-edition-loire-sud","13":"tag-eu","14":"tag-europe","15":"tag-firminy","16":"tag-firminy-ville","17":"tag-fr","18":"tag-france","19":"tag-loire","20":"tag-news","21":"tag-republique-francaise","22":"tag-saint-etienne","23":"tag-societe","24":"tag-spectacle","25":"tag-television-medias"},"share_on_mastodon":{"url":"https:\/\/pubeurope.com\/@fr\/115486532817063013","error":""},"_links":{"self":[{"href":"https:\/\/www.europesays.com\/fr\/wp-json\/wp\/v2\/posts\/509150","targetHints":{"allow":["GET"]}}],"collection":[{"href":"https:\/\/www.europesays.com\/fr\/wp-json\/wp\/v2\/posts"}],"about":[{"href":"https:\/\/www.europesays.com\/fr\/wp-json\/wp\/v2\/types\/post"}],"author":[{"embeddable":true,"href":"https:\/\/www.europesays.com\/fr\/wp-json\/wp\/v2\/users\/2"}],"replies":[{"embeddable":true,"href":"https:\/\/www.europesays.com\/fr\/wp-json\/wp\/v2\/comments?post=509150"}],"version-history":[{"count":0,"href":"https:\/\/www.europesays.com\/fr\/wp-json\/wp\/v2\/posts\/509150\/revisions"}],"wp:featuredmedia":[{"embeddable":true,"href":"https:\/\/www.europesays.com\/fr\/wp-json\/wp\/v2\/media\/509151"}],"wp:attachment":[{"href":"https:\/\/www.europesays.com\/fr\/wp-json\/wp\/v2\/media?parent=509150"}],"wp:term":[{"taxonomy":"category","embeddable":true,"href":"https:\/\/www.europesays.com\/fr\/wp-json\/wp\/v2\/categories?post=509150"},{"taxonomy":"post_tag","embeddable":true,"href":"https:\/\/www.europesays.com\/fr\/wp-json\/wp\/v2\/tags?post=509150"}],"curies":[{"name":"wp","href":"https:\/\/api.w.org\/{rel}","templated":true}]}}