{"id":509168,"date":"2025-11-03T15:54:12","date_gmt":"2025-11-03T15:54:12","guid":{"rendered":"https:\/\/www.europesays.com\/fr\/509168\/"},"modified":"2025-11-03T15:54:12","modified_gmt":"2025-11-03T15:54:12","slug":"municipales-2026-a-grenoble-le-candidat-lfi-denonce-une-croix-gammee-sur-une-de-ses-affiches","status":"publish","type":"post","link":"https:\/\/www.europesays.com\/fr\/509168\/","title":{"rendered":"Municipales 2026 \u00e0 Grenoble\u00a0: le candidat LFI d\u00e9nonce une croix gamm\u00e9e sur une de ses affiches"},"content":{"rendered":"<p class=\"paragraph text_align_left lp-f-body-02\">Il a d\u00e9nonc\u00e9 des \u00ab\u00a0actes de vandalisme \u00e0 caract\u00e8re raciste\u00a0\u00bb. Le candidat insoumis <a href=\"https:\/\/www.leparisien.fr\/elections\/municipales\/\" target=\"_blank\" rel=\"noreferrer nofollow noopener\">\u00e0 la mairie<\/a> de Grenoble (<a href=\"https:\/\/www.leparisien.fr\/isere-38\/\" target=\"_blank\" rel=\"noreferrer nofollow noopener\">Is\u00e8re<\/a>) Allan Brunon a affirm\u00e9 ce samedi sur son compte X avoir d\u00e9couvert \u00ab\u00a0une croix nazie\u00a0\u00bb sur une de ses affiches \u00e9lectorales, photo \u00e0 l\u2019appui. \u00ab\u00a0\u00c0 Grenoble, l\u2019extr\u00eame droite d\u00e9grade mes affiches en y tra\u00e7ant une croix nazie. Rien d\u2019eux ne m\u2019impressionne. Une plainte sera d\u00e9pos\u00e9e aupr\u00e8s du procureur de Grenoble\u00a0\u00bb, a-t-il \u00e9crit.<\/p>\n<blockquote class=\"twitter-tweet\">\n<p lang=\"fr\" dir=\"ltr\">\u00c0 Grenoble, l\u2019extr\u00eame droite d\u00e9grade mes affiches en y tra\u00e7ant une croix nazie. Rien d\u2019eux ne m\u2019impressionne.<\/p>\n<p>Une plainte sera d\u00e9pos\u00e9e aupr\u00e8s du procureur de Grenoble. <\/p>\n<p>Les autorit\u00e9s doivent r\u00e9agir, alors que se multiplient en Is\u00e8re les actes de vandalisme \u00e0 caract\u00e8re raciste. <a href=\"https:\/\/t.co\/j7CPGNi0Fl\" rel=\"nofollow\">pic.twitter.com\/j7CPGNi0Fl<\/a><\/p>\n<p>\u2014 Allan Brunon (@allanbrunon) <a href=\"https:\/\/twitter.com\/allanbrunon\/status\/1984641688875491820?ref_src=twsrc%5Etfw\" rel=\"nofollow noopener\" target=\"_blank\">November 1, 2025<\/a><\/p><\/blockquote>\n<p class=\"paragraph text_align_left lp-f-body-02\">Selon le <a href=\"https:\/\/www.ledauphine.com\/elections\/2025\/11\/03\/isere-grenoble-municipales-2026-des-croix-gammees-sur-les-affiches-de-l-insoumis-allan-brunon\" target=\"_blank\" rel=\"noreferrer nofollow noopener\">Dauphin\u00e9 Lib\u00e9r\u00e9,<\/a> Allan Brunon s\u2019est bien tourn\u00e9 vers la justice ce lundi 3\u00a0novembre. Contact\u00e9 \u00e0 ce sujet, le parquet de Grenoble n\u2019avait, dans l\u2019imm\u00e9diat, pas donn\u00e9 suite \u00e0 nos sollicitations. \u00ab\u00a0Des identitaires n\u00e9onazis ont appel\u00e9 \u00e0 mon assassinat sur des groupes Telegram, mes affiches de campagne sont d\u00e9grad\u00e9es par des croix gamm\u00e9es. Qu\u2019ils sachent une chose\u00a0: rien, jamais, ne nous fera plier. En mars prochain, Grenoble aura un maire insoumis\u00a0\u00bb, a \u00e9crit le candidat dans une nouvelle publication <a href=\"https:\/\/x.com\/allanbrunon\/status\/1985018510561464702\" target=\"_blank\" rel=\"noreferrer nofollow\">X ce dimanche en fin d\u2019apr\u00e8s-midi<\/a>.<\/p>\n<p>Plusieurs affiches cibl\u00e9es<\/p>\n<p class=\"paragraph text_align_left lp-f-body-02\">D\u2019apr\u00e8s le Dauphin\u00e9 Lib\u00e9r\u00e9, ce sont plusieurs affiches qui ont \u00e9t\u00e9 d\u00e9grad\u00e9es\u00a0: une avec une croix nazie donc, une o\u00f9 le terme \u00ab\u00a0raciste\u00a0\u00bb a \u00e9t\u00e9 inscrit et d\u2019autres o\u00f9 des boucles d\u2019oreilles en croix gamm\u00e9e ont \u00e9t\u00e9 rajout\u00e9es au portrait d\u2019Allan Brunon.<\/p>\n<p class=\"paragraph text_align_left lp-f-body-02\">Dans une lettre adress\u00e9e au procureur de la R\u00e9publique de Grenoble, le candidat insoumis d\u00e9nonce des \u00ab\u00a0faits constituant une infraction p\u00e9nalement r\u00e9pr\u00e9hensible\u00a0\u00bb, selon le Dauphin\u00e9 Lib\u00e9r\u00e9. \u00ab\u00a0Je me permets de rappeler que ces d\u00e9gradations s\u2019inscrivent dans un contexte plus large de harc\u00e8lement cibl\u00e9 \u00e0 mon encontre, en raison de mon engagement politique et antiraciste\u00a0\u00bb, poursuit-il, en assurant avoir \u00e9t\u00e9 la cible \u00ab\u00a0d\u2019un photomontage repr\u00e9sentant [son] visage avec une cible de pistolet sur la t\u00eate\u00a0\u00bb.<\/p>\n<p class=\"paragraph text_align_left lp-f-body-02\">Face \u00e0 cela, SOS Racisme Nord-Is\u00e8re a apport\u00e9 son soutien \u00e0 \u00ab\u00a0toutes les victimes d\u2019actes de racisme, d\u2019antis\u00e9mitisme et de discriminations sur les territoires\u00a0\u00bb. \u00ab\u00a0En Is\u00e8re, nous constatons une mont\u00e9e crescendo, sur l\u2019ensemble du d\u00e9partement, des actes n\u00e9onazis et racistes port\u00e9s par des id\u00e9es discriminantes des extr\u00eames droites\u00a0\u00bb, \u00e9crit cette association sur son compte <a href=\"https:\/\/www.facebook.com\/profile.php?id=61570210750715&amp;locale=fr_FR\" target=\"_blank\" rel=\"noreferrer nofollow noopener\">Facebook<\/a>.<\/p>\n<p><script async src=\"https:\/\/platform.twitter.com\/widgets.js\" charset=\"utf-8\"><\/script><\/p>\n","protected":false},"excerpt":{"rendered":"Il a d\u00e9nonc\u00e9 des \u00ab\u00a0actes de vandalisme \u00e0 caract\u00e8re raciste\u00a0\u00bb. Le candidat insoumis \u00e0 la mairie de Grenoble&hellip;\n","protected":false},"author":2,"featured_media":509169,"comment_status":"","ping_status":"","sticky":false,"template":"","format":"standard","meta":{"footnotes":""},"categories":[9566],"tags":[1111,11,2430,5949,1777,674,1011,27,2731,3554,12,316,25],"class_list":{"0":"post-509168","1":"post","2":"type-post","3":"status-publish","4":"format-standard","5":"has-post-thumbnail","7":"category-grenoble","8":"tag-actu","9":"tag-actualites","10":"tag-auvergne-rhone-alpes","11":"tag-elections","12":"tag-eu","13":"tag-europe","14":"tag-fr","15":"tag-france","16":"tag-grenoble","17":"tag-municipales","18":"tag-news","19":"tag-politique","20":"tag-republique-francaise"},"share_on_mastodon":{"url":"https:\/\/pubeurope.com\/@fr\/115486580013241471","error":""},"_links":{"self":[{"href":"https:\/\/www.europesays.com\/fr\/wp-json\/wp\/v2\/posts\/509168","targetHints":{"allow":["GET"]}}],"collection":[{"href":"https:\/\/www.europesays.com\/fr\/wp-json\/wp\/v2\/posts"}],"about":[{"href":"https:\/\/www.europesays.com\/fr\/wp-json\/wp\/v2\/types\/post"}],"author":[{"embeddable":true,"href":"https:\/\/www.europesays.com\/fr\/wp-json\/wp\/v2\/users\/2"}],"replies":[{"embeddable":true,"href":"https:\/\/www.europesays.com\/fr\/wp-json\/wp\/v2\/comments?post=509168"}],"version-history":[{"count":0,"href":"https:\/\/www.europesays.com\/fr\/wp-json\/wp\/v2\/posts\/509168\/revisions"}],"wp:featuredmedia":[{"embeddable":true,"href":"https:\/\/www.europesays.com\/fr\/wp-json\/wp\/v2\/media\/509169"}],"wp:attachment":[{"href":"https:\/\/www.europesays.com\/fr\/wp-json\/wp\/v2\/media?parent=509168"}],"wp:term":[{"taxonomy":"category","embeddable":true,"href":"https:\/\/www.europesays.com\/fr\/wp-json\/wp\/v2\/categories?post=509168"},{"taxonomy":"post_tag","embeddable":true,"href":"https:\/\/www.europesays.com\/fr\/wp-json\/wp\/v2\/tags?post=509168"}],"curies":[{"name":"wp","href":"https:\/\/api.w.org\/{rel}","templated":true}]}}