{"id":509170,"date":"2025-11-03T15:59:17","date_gmt":"2025-11-03T15:59:17","guid":{"rendered":"https:\/\/www.europesays.com\/fr\/509170\/"},"modified":"2025-11-03T15:59:17","modified_gmt":"2025-11-03T15:59:17","slug":"le-tours-mb-doit-faire-bloc-defensivement-pour-se-relancer-face-a-rennes","status":"publish","type":"post","link":"https:\/\/www.europesays.com\/fr\/509170\/","title":{"rendered":"le Tours MB doit faire bloc d\u00e9fensivement pour se relancer face \u00e0 Rennes"},"content":{"rendered":"<p><strong>Tours MB\u00a0&#8211; Rennes<\/strong><\/p>\n<p>Place au second volet du triptyque breton, ce mardi soir pour le TMB\u00a0! Apr\u00e8s le premier acte, perdu \u00e0 Lorient vendredi, les Tourangeaux accueillent ainsi Rennes, avant de conclure une semaine 100\u00a0% br\u00e9tilienne \u00e0 Foug\u00e8res vendredi.<\/p>\n<p>Invaincu \u00e0 domicile depuis le d\u00e9but de la saison, le TMB (4e, 6V, 3D) compte poursuivre son sans-faute \u00e0 Monconseil et ainsi vite renouer avec la victoire face \u00e0 un rival rennais moins bien parti (12e, 3V, 5D, et un match en retard face au P\u00f4le France) et d\u00e9fait lors de ses deux d\u00e9placements&#8230;. <\/p>\n<p>    Cet article a \u00e9t\u00e9 tronqu\u00e9. Abonnez-vous pour lire l&rsquo;article complet sur notre site.<\/p>\n<p style=\"margin: 0 !important; padding: 0 !important; font-size: 12px !important;\">Cet article a \u00e9t\u00e9 tronqu\u00e9. Abonnez-vous pour lire l&rsquo;article complet.<\/p>\n<p>    <a href=\"https:\/\/www.lanouvellerepublique.fr\/abonnements\" style=\"display: inline-block; margin-top: 5px !important; padding: 6px 12px !important; background: #cb1c27; color: white; text-decoration: none; border-radius: 4px; font-size: 12px !important;\" target=\"_blank\" rel=\"noopener\"><br \/>\n      S&rsquo;abonner<br \/>\n    <\/a><\/p>\n","protected":false},"excerpt":{"rendered":"Tours MB\u00a0&#8211; Rennes Place au second volet du triptyque breton, ce mardi soir pour le TMB\u00a0! Apr\u00e8s le&hellip;\n","protected":false},"author":2,"featured_media":509171,"comment_status":"","ping_status":"","sticky":false,"template":"","format":"standard","meta":{"footnotes":""},"categories":[2821],"tags":[1392,1111,11,1465,829,1777,674,1011,27,1387,17639,12,584,25,60,1390,17684],"class_list":{"0":"post-509170","1":"post","2":"type-post","3":"status-publish","4":"format-standard","5":"has-post-thumbnail","7":"category-rennes","8":"tag-a-la-une-local","9":"tag-actu","10":"tag-actualites","11":"tag-basket","12":"tag-bretagne","13":"tag-eu","14":"tag-europe","15":"tag-fr","16":"tag-france","17":"tag-indre-et-loire","18":"tag-nationaux-basket","19":"tag-news","20":"tag-rennes","21":"tag-republique-francaise","22":"tag-sports","23":"tag-tours","24":"tag-tours-metropole-basket"},"share_on_mastodon":{"url":"https:\/\/pubeurope.com\/@fr\/115486599881733612","error":""},"_links":{"self":[{"href":"https:\/\/www.europesays.com\/fr\/wp-json\/wp\/v2\/posts\/509170","targetHints":{"allow":["GET"]}}],"collection":[{"href":"https:\/\/www.europesays.com\/fr\/wp-json\/wp\/v2\/posts"}],"about":[{"href":"https:\/\/www.europesays.com\/fr\/wp-json\/wp\/v2\/types\/post"}],"author":[{"embeddable":true,"href":"https:\/\/www.europesays.com\/fr\/wp-json\/wp\/v2\/users\/2"}],"replies":[{"embeddable":true,"href":"https:\/\/www.europesays.com\/fr\/wp-json\/wp\/v2\/comments?post=509170"}],"version-history":[{"count":0,"href":"https:\/\/www.europesays.com\/fr\/wp-json\/wp\/v2\/posts\/509170\/revisions"}],"wp:featuredmedia":[{"embeddable":true,"href":"https:\/\/www.europesays.com\/fr\/wp-json\/wp\/v2\/media\/509171"}],"wp:attachment":[{"href":"https:\/\/www.europesays.com\/fr\/wp-json\/wp\/v2\/media?parent=509170"}],"wp:term":[{"taxonomy":"category","embeddable":true,"href":"https:\/\/www.europesays.com\/fr\/wp-json\/wp\/v2\/categories?post=509170"},{"taxonomy":"post_tag","embeddable":true,"href":"https:\/\/www.europesays.com\/fr\/wp-json\/wp\/v2\/tags?post=509170"}],"curies":[{"name":"wp","href":"https:\/\/api.w.org\/{rel}","templated":true}]}}