{"id":509180,"date":"2025-11-03T16:05:26","date_gmt":"2025-11-03T16:05:26","guid":{"rendered":"https:\/\/www.europesays.com\/fr\/509180\/"},"modified":"2025-11-03T16:05:26","modified_gmt":"2025-11-03T16:05:26","slug":"alerte-sur-des-telephones-en-loire-atlantique-ce-jeudi-on-vous-explique-pourquoi","status":"publish","type":"post","link":"https:\/\/www.europesays.com\/fr\/509180\/","title":{"rendered":"Alerte sur des t\u00e9l\u00e9phones en Loire-Atlantique ce jeudi : on vous explique pourquoi"},"content":{"rendered":"<p>Publi\u00e9 par Soizick David, le 03 Novembre 2025 \u00e0 15:39<\/p>\n<p itemprop=\"description\" class=\"chapo\">Le dispositif FR-ALERT sera test\u00e9 par la Pr\u00e9fecture le jeudi 6 novembre \u00e0 11h sur les communes de Nantes, Indre, Saint-Herblain et Bouguenais.<\/p>\n<p><img decoding=\"async\" src=\"https:\/\/www.europesays.com\/fr\/wp-content\/uploads\/2025\/11\/2025-11-03-alerte-sur-des-telephones-en-loire-atlantique-ce-jeudi-on-vous-explique-pourquoi.jpg\" class=\"img-fluid rounded-3\" alt=\"Alerte sur des t\u00e9l\u00e9phones en Loire-Atlantique ce jeudi : on vous explique pourquoi\"\/><br \/>\nLe message sera re\u00e7u \u00e0 11h \u00e0 Nantes, Indre, Saint-Herblain et Bouguenais \u00a9 Adobe Stock<\/p>\n<p>Dans le cadre d&rsquo;un exercice de s\u00e9curit\u00e9 civile men\u00e9 par la pr\u00e9fecture de Loire-Atlantique, le dispositif FR-ALERT sera test\u00e9 le jeudi 6 novembre sur les 4 communes de Nantes, Indre, Saint-Herblain et Bouguenais. <strong>Une notification sera re\u00e7ue \u00e0 11h sur les t\u00e9l\u00e9phones portables des personnes se trouvant dans cette zone<\/strong>.<\/p>\n<p>Information en temps r\u00e9el<\/p>\n<p>Un exercice de s\u00e9curit\u00e9 est organis\u00e9 ce jeudi pour renforcer la pr\u00e9paration du territoire face aux risques majeurs, et tester la coordination des services de l\u2019\u00c9tat, des collectivit\u00e9s locales et des acteurs de la s\u00e9curit\u00e9 civile. \u00ab Le dispositif FR Alerte, op\u00e9rationnel sur l\u2019ensemble du territoire depuis 2022, permet d\u2019informer en temps r\u00e9el toute personne pr\u00e9sente dans une zone de danger via une notification re\u00e7ue sur son t\u00e9l\u00e9phone portable. Il compl\u00e8te les autres canaux de diffusion d\u2019une l\u2019alerte (m\u00e9dias, r\u00e9seaux sociaux, sir\u00e8nes, comptes officiels des pr\u00e9fectures) et permet de d\u00e9livrer un message fiable, rapide et cibl\u00e9 aux personnes concern\u00e9es \u00bb explique la Pr\u00e9fecture.<\/p>\n<p><a href=\"https:\/\/www.saintnazairenews.fr\/publicite\" class=\"black\" style=\"text-decoration: none;\" target=\"_blank\" rel=\"noopener\">PUBLICIT\u00c9 LOCALE<\/a><br \/>\n<a href=\"https:\/\/www.saintnazairenews.fr\/publicite\/?utm_source=SNNews&amp;utm_medium=BannerNews&amp;utm_campaign=PubEte2025\" target=\"_blank\" rel=\"noopener\"><br \/>\n<img decoding=\"async\" src=\"https:\/\/www.europesays.com\/fr\/wp-content\/uploads\/2025\/10\/2025-10-snnews-800-200.gif\" class=\"img-fluid d-none d-sm-block mx-auto rounded-3 bd mb-5 zoom\"\/><br \/>\n<img decoding=\"async\" src=\"https:\/\/www.europesays.com\/fr\/wp-content\/uploads\/2025\/10\/2025-10-snnews-800-200.gif\" class=\"img-fluid d-block d-sm-none mx-auto rounded-3 bd mb-5 zoom\"\/><br \/>\n<\/a><\/p>\n<p>\u00c0 quoi sert ce test ?<\/p>\n<p style=\"margin-left:0.0px;\">Cet exercice a pour but de \u00ab tester la coordination des acteurs, tester les dispositifs de gestion de cirse des services de l\u2019\u00c9tat, des collectivit\u00e9s et des acteurs engag\u00e9s \u00bb indiquent les services de l&rsquo;\u00c9tat. Le message envoy\u00e9 le 6 novembre portera la mention \u00ab EXERCICE \u00bb et pr\u00e9cisera qu\u2019il s\u2019agit d\u2019un test du dispositif. Il sera distribu\u00e9 sans notification sonore. Aucune action n\u2019est attendue de la part de la population. Plus d&rsquo;informations sur le dispositif FR-ALERT sur fr-alert.gouv.fr.<\/p>\n","protected":false},"excerpt":{"rendered":"Publi\u00e9 par Soizick David, le 03 Novembre 2025 \u00e0 15:39 Le dispositif FR-ALERT sera test\u00e9 par la Pr\u00e9fecture&hellip;\n","protected":false},"author":2,"featured_media":509181,"comment_status":"","ping_status":"","sticky":false,"template":"","format":"standard","meta":{"footnotes":""},"categories":[2818],"tags":[1111,11,3723,1777,674,1011,27,1114,766,13694,12,2636,25,3213],"class_list":{"0":"post-509180","1":"post","2":"type-post","3":"status-publish","4":"format-standard","5":"has-post-thumbnail","7":"category-nantes","8":"tag-actu","9":"tag-actualites","10":"tag-actus","11":"tag-eu","12":"tag-europe","13":"tag-fr","14":"tag-france","15":"tag-infos","16":"tag-nantes","17":"tag-nazaire","18":"tag-news","19":"tag-pays-de-la-loire","20":"tag-republique-francaise","21":"tag-saint"},"share_on_mastodon":{"url":"https:\/\/pubeurope.com\/@fr\/115486625292960586","error":""},"_links":{"self":[{"href":"https:\/\/www.europesays.com\/fr\/wp-json\/wp\/v2\/posts\/509180","targetHints":{"allow":["GET"]}}],"collection":[{"href":"https:\/\/www.europesays.com\/fr\/wp-json\/wp\/v2\/posts"}],"about":[{"href":"https:\/\/www.europesays.com\/fr\/wp-json\/wp\/v2\/types\/post"}],"author":[{"embeddable":true,"href":"https:\/\/www.europesays.com\/fr\/wp-json\/wp\/v2\/users\/2"}],"replies":[{"embeddable":true,"href":"https:\/\/www.europesays.com\/fr\/wp-json\/wp\/v2\/comments?post=509180"}],"version-history":[{"count":0,"href":"https:\/\/www.europesays.com\/fr\/wp-json\/wp\/v2\/posts\/509180\/revisions"}],"wp:featuredmedia":[{"embeddable":true,"href":"https:\/\/www.europesays.com\/fr\/wp-json\/wp\/v2\/media\/509181"}],"wp:attachment":[{"href":"https:\/\/www.europesays.com\/fr\/wp-json\/wp\/v2\/media?parent=509180"}],"wp:term":[{"taxonomy":"category","embeddable":true,"href":"https:\/\/www.europesays.com\/fr\/wp-json\/wp\/v2\/categories?post=509180"},{"taxonomy":"post_tag","embeddable":true,"href":"https:\/\/www.europesays.com\/fr\/wp-json\/wp\/v2\/tags?post=509180"}],"curies":[{"name":"wp","href":"https:\/\/api.w.org\/{rel}","templated":true}]}}