{"id":509182,"date":"2025-11-03T16:07:29","date_gmt":"2025-11-03T16:07:29","guid":{"rendered":"https:\/\/www.europesays.com\/fr\/509182\/"},"modified":"2025-11-03T16:07:29","modified_gmt":"2025-11-03T16:07:29","slug":"de-la-drogue-et-des-armes-retrouvees-dans-un-appartement-du-centre-ville","status":"publish","type":"post","link":"https:\/\/www.europesays.com\/fr\/509182\/","title":{"rendered":"de la drogue et des armes retrouv\u00e9es dans un appartement du centre-ville"},"content":{"rendered":"<p>            Par<br \/>\n        <strong><br \/>\n            <a href=\"https:\/\/actu.fr\/auteur\/thomas-bernard\" title=\"Consulter tous les articles de Thomas Bernard\" target=\"_blank\" rel=\"noopener\">Thomas Bernard<\/a><br \/>\n        <\/strong><\/p>\n<p>        Publi\u00e9 le<\/p>\n<p>            3 nov. 2025 \u00e0 16h33        <\/p>\n<p>Vers 18h15, ce dimanche 2 novembre 2025, <strong>dans le centre-ville de Nantes<\/strong>, une patrouille de la brigade anticriminalit\u00e9 (Bac) assiste \u00e0 une transaction de drogue. L\u2019acheteur et le vendeur sont interpell\u00e9s rue de Feltre.\u00a0<\/p>\n<p class=\" wall-content\">Les policiers retrouvent un sachet de r\u00e9sine et 50 euros sur le vendeur. Ce dernier est \u00e9galement contr\u00f4l\u00e9 en possession d\u2019une cl\u00e9 d\u2019un appartement d\u2019o\u00f9 il sortait. Les fonctionnaires d\u00e9cident de perquisitionner le logement.\u00a0<\/p>\n<p>Deux personnes interpell\u00e9es<\/p>\n<p class=\" wall-content\">\u00c0 l\u2019int\u00e9rieur de l\u2019appartement, les policiers retrouvent<strong> 600 g d\u2019herbe<\/strong>, <strong>700 g de r\u00e9sine de cannabis<\/strong>, des balances ainsi que du mat\u00e9riel de conditionnement. <strong>Deux armes de poing<\/strong>, avec des munitions, de calibre 7,65 mm et 22 long rifle ont \u00e9t\u00e9 d\u00e9couvertes.\u00a0<\/p>\n<p class=\" wall-content\">L\u2019acheteur et le vendeur, respectivement <strong>\u00e2g\u00e9s de 23 et 21 ans<\/strong>, ont \u00e9t\u00e9 plac\u00e9s en garde \u00e0 vue.\u00a0<\/p>\n<p class=\" wall-content\">Personnalisez votre actualit\u00e9 en ajoutant vos villes et m\u00e9dias en favori avec <a href=\"https:\/\/moncompte.actu.fr\" title=\"D\u00e9couvez Mon Actu\" rel=\"nofollow noopener\" data-trk=\"{&quot;cta&quot;:{&quot;action&quot;:&quot;https:\\\/\\\/moncompte.actu.fr&quot;,&quot;category&quot;:&quot;mon compte&quot;,&quot;from&quot;:&quot;article footer&quot;,&quot;name&quot;:&quot;Mon actu&quot;,&quot;type&quot;:&quot;cta&quot;}}\" target=\"_blank\">Mon Actu<\/a>.<\/p>\n","protected":false},"excerpt":{"rendered":"Par Thomas Bernard Publi\u00e9 le 3 nov. 2025 \u00e0 16h33 Vers 18h15, ce dimanche 2 novembre 2025, dans&hellip;\n","protected":false},"author":2,"featured_media":509183,"comment_status":"","ping_status":"","sticky":false,"template":"","format":"standard","meta":{"footnotes":""},"categories":[2818],"tags":[1111,11,1052,1777,674,118,1011,27,766,12,2636,1072,25],"class_list":{"0":"post-509182","1":"post","2":"type-post","3":"status-publish","4":"format-standard","5":"has-post-thumbnail","7":"category-nantes","8":"tag-actu","9":"tag-actualites","10":"tag-drogue","11":"tag-eu","12":"tag-europe","13":"tag-faits-divers","14":"tag-fr","15":"tag-france","16":"tag-nantes","17":"tag-news","18":"tag-pays-de-la-loire","19":"tag-police","20":"tag-republique-francaise"},"share_on_mastodon":{"url":"https:\/\/pubeurope.com\/@fr\/115486631186754811","error":""},"_links":{"self":[{"href":"https:\/\/www.europesays.com\/fr\/wp-json\/wp\/v2\/posts\/509182","targetHints":{"allow":["GET"]}}],"collection":[{"href":"https:\/\/www.europesays.com\/fr\/wp-json\/wp\/v2\/posts"}],"about":[{"href":"https:\/\/www.europesays.com\/fr\/wp-json\/wp\/v2\/types\/post"}],"author":[{"embeddable":true,"href":"https:\/\/www.europesays.com\/fr\/wp-json\/wp\/v2\/users\/2"}],"replies":[{"embeddable":true,"href":"https:\/\/www.europesays.com\/fr\/wp-json\/wp\/v2\/comments?post=509182"}],"version-history":[{"count":0,"href":"https:\/\/www.europesays.com\/fr\/wp-json\/wp\/v2\/posts\/509182\/revisions"}],"wp:featuredmedia":[{"embeddable":true,"href":"https:\/\/www.europesays.com\/fr\/wp-json\/wp\/v2\/media\/509183"}],"wp:attachment":[{"href":"https:\/\/www.europesays.com\/fr\/wp-json\/wp\/v2\/media?parent=509182"}],"wp:term":[{"taxonomy":"category","embeddable":true,"href":"https:\/\/www.europesays.com\/fr\/wp-json\/wp\/v2\/categories?post=509182"},{"taxonomy":"post_tag","embeddable":true,"href":"https:\/\/www.europesays.com\/fr\/wp-json\/wp\/v2\/tags?post=509182"}],"curies":[{"name":"wp","href":"https:\/\/api.w.org\/{rel}","templated":true}]}}