{"id":509194,"date":"2025-11-03T16:17:12","date_gmt":"2025-11-03T16:17:12","guid":{"rendered":"https:\/\/www.europesays.com\/fr\/509194\/"},"modified":"2025-11-03T16:17:12","modified_gmt":"2025-11-03T16:17:12","slug":"protoxyde-dazote-delit-de-fuite-conduite-sans-permis-ce-que-lon-sait-de-la-mort-dun-etudiant-fauche-par-un-chauffard-samedi-a-lille","status":"publish","type":"post","link":"https:\/\/www.europesays.com\/fr\/509194\/","title":{"rendered":"Protoxyde d&rsquo;azote, d\u00e9lit de fuite, conduite sans permis&#8230; Ce que l&rsquo;on sait de la mort d&rsquo;un \u00e9tudiant fauch\u00e9 par un chauffard samedi \u00e0 Lille"},"content":{"rendered":"<p class=\"article-p mdl\">Le drame s&rsquo;est nou\u00e9 peu avant 5h du matin, samedi 1\u1d49\u02b3 novembre. Un \u00e9tudiant de 19 ans a \u00e9t\u00e9 violemment percut\u00e9 par une voiture ayant franchi un feu rouge, alors qu&rsquo;il traversait un passage pi\u00e9ton en plein centre-ville de Lille. La victime est d\u00e9c\u00e9d\u00e9e sur le coup, avant l&rsquo;arriv\u00e9e des pompiers, a indiqu\u00e9 ce lundi 3 novembre le procureur dans un communiqu\u00e9.\u00a0<\/p>\n<p class=\"article-p mdl\">Le conducteur, un homme de 31 ans, roulait \u00e0 vive allure au volant d&rsquo;une berline noire lorsqu&rsquo;il a attir\u00e9 l&rsquo;attention des policiers lillois. En s&rsquo;approchant, les agents ont constat\u00e9 que le chauffard \u00e9tait en train de \u00ab\u00a0consommer du protoxyde d&rsquo;azote\u00a0\u00bb, a indiqu\u00e9 Cl\u00e9ment Coasne, d\u00e9l\u00e9gu\u00e9 du syndicat Unit\u00e9 police, cit\u00e9 par\u00a0<a class=\"link\" href=\"https:\/\/www.bfmtv.com\/police-justice\/un-etudiant-de-19-ans-tue-a-lille-par-un-chauffard-en-fuite-et-soupconne-d-avoir-consomme-du-protoxyde-d-azote_AV-202511030204.html\" target=\"_blank\" rel=\"noopener\">BFM TV<\/a>. Selon le communiqu\u00e9 du procureur, des bouteilles de\u00a0<a class=\"link\" href=\"https:\/\/www.rtl.fr\/actu\/debats-societe\/protoxyde-d-azote-le-maire-de-cannes-interdit-sa-vente-aux-particuliers-7900527800\" title=\"Protoxyde d&#039;azote : le maire de Cannes interdit sa vente aux particuliers\" target=\"_blank\" rel=\"noopener\">protoxyde d&rsquo;azote\u00a0<\/a>ont \u00e9t\u00e9 retrouv\u00e9es dans son v\u00e9hicule.<\/p>\n<p class=\"article-p mdl\">Ignorant les injonctions des policiers, le trentenaire a refus\u00e9 d&rsquo;obtemp\u00e9rer et a continu\u00e9 sa course effr\u00e9n\u00e9e. C&rsquo;est \u00e0 ce moment que le drame s&rsquo;est produit : l&rsquo;\u00e9tudiant a \u00e9t\u00e9 percut\u00e9 de plein fouet sur un passage pi\u00e9ton du boulevard de la Libert\u00e9. Une vid\u00e9o de l&rsquo;accident, diffus\u00e9e sur les r\u00e9seaux sociaux, t\u00e9moigne de la violence du choc, qui a projet\u00e9 la victime contre un arbre. Malgr\u00e9 l&rsquo;intervention des secours, l&rsquo;\u00e9tudiant a succomb\u00e9 \u00e0 ses blessures sur place.<\/p>\n<p>            Le suspect d\u00e9j\u00e0 connu des services de police<\/p>\n<p class=\"article-p mdl\">Le chauffard a finalement \u00e9t\u00e9 arr\u00eat\u00e9 \u00e0 quelques m\u00e8tres de l\u00e0, alors qu&rsquo;il tentait de poursuivre sa fuite \u00e0 pied. Plac\u00e9 en garde \u00e0 vue, l&rsquo;int\u00e9ress\u00e9 \u00ab\u00a0n&rsquo;a pas reconnu les faits\u00a0\u00bb, a indiqu\u00e9 le procureur.\u00a0<\/p>\n<p class=\"article-p mdl\">\u00c0 l&rsquo;issue de sa garde \u00e0 vue, le suspect a \u00e9t\u00e9 pr\u00e9sent\u00e9 \u00e0 un juge et mis en examen pour \u00ab\u00a0homicide routier commis avec au moins deux circonstances aggravantes\u00a0\u00bb.\u00a0Selon le procureur, le suspect, d\u00e9j\u00e0 connu des services de police \u00ab\u00a0pour des d\u00e9lits routiers\u00a0\u00bb, a \u00e9t\u00e9 plac\u00e9 en d\u00e9tention provisoire comme l&rsquo;a requis le parquet.\u00a0<\/p>\n<p class=\"article-p mdl\">D&rsquo;apr\u00e8s un syndicaliste de la police, interrog\u00e9 par\u00a0<a class=\"link\" href=\"https:\/\/france3-regions.franceinfo.fr\/hauts-de-france\/nord-0\/lille\/conduite-sans-permis-sous-protoxyde-d-azote-que-sait-on-du-chauffard-qui-a-mortellement-fauche-un-etudiant-3243004.html\" target=\"_blank\" rel=\"noopener\">France 3<\/a>, le chauffeur \u00ab\u00a0\u00e9tait, au moment des faits, en interdiction de conduire un v\u00e9hicule\u00a0\u00bb, car \u00ab\u00a0son permis n&rsquo;\u00e9tait pas valide\u00a0\u00bb.\u00a0<\/p>\n<p>            Un \u00e9tudiant lillois originaire de Saint-Omer<\/p>\n<p class=\"article-p mdl\">\u00c0 l&rsquo;aube de ses 20 ans, Mathis, originaire d&rsquo;Arques pr\u00e8s de Saint-Omer, \u00e9tait \u00e9tudiant \u00e0 Lille, o\u00f9 il venait de trouver du travail dans un fast-food et d&#8217;emm\u00e9nager dans un appartement en colocation avec des amis, rapporte\u00a0<a class=\"link\" href=\"https:\/\/france3-regions.franceinfo.fr\/hauts-de-france\/nord-0\/lille\/pour-mathis-la-vie-venait-de-commencer-qui-etait-le-jeune-homme-de-19-ans-tue-par-un-chauffard-3243283.html\" target=\"_blank\" rel=\"noopener\">France 3<\/a>. Il devait f\u00eater ses vingt ans ce vendredi, a confi\u00e9 un proche au site r\u00e9gional.<\/p>\n<p class=\"article-p mdl\">Selon\u00a0<a class=\"link\" href=\"https:\/\/www.leparisien.fr\/faits-divers\/ce-que-lon-sait-de-la-mort-de-mathis-19-ans-fauche-par-un-automobiliste-qui-fuyait-la-police-a-lille-03-11-2025-KXORLWCY7NCAVFQ4I6AMD2AN6I.php\" target=\"_blank\" rel=\"noopener\">Le Parisien<\/a>, le jeune homme \u00e9tait un ancien licenci\u00e9 de la F\u00e9d\u00e9ration fran\u00e7aise de football. Le FC Wardrecques, club o\u00f9 il pratiquait, lui a rendu hommage dans un message publi\u00e9 dimanche 2 novembre sur Facebook.\u00a0\u00bbLes 3 \u00e9quipes ont d\u00e9but\u00e9 leur match par une minute de silence en sa m\u00e9moire. Le FCW adresse ses sinc\u00e8res condol\u00e9ances \u00e0 sa famille et ses proches\u00a0\u00bb, a \u00e9crit le club.\u00a0 \u00a0<\/p>\n<p>    La r\u00e9daction vous recommande<\/p>\n<p class=\"s-newsletter__title\">\n                L\u2019actualit\u00e9 par la r\u00e9daction de RTL dans votre bo\u00eete mail.\n            <\/p>\n<p class=\"s-newsletter__subtitle\">\n                Gr\u00e2ce \u00e0 votre compte RTL abonnez-vous \u00e0 la newsletter RTL info pour suivre toute l&rsquo;actualit\u00e9 au quotidien\n            <\/p>\n<p>\n                                    Lire la suite\n                                <\/p>\n","protected":false},"excerpt":{"rendered":"Le drame s&rsquo;est nou\u00e9 peu avant 5h du matin, samedi 1\u1d49\u02b3 novembre. Un \u00e9tudiant de 19 ans a&hellip;\n","protected":false},"author":2,"featured_media":249462,"comment_status":"","ping_status":"","sticky":false,"template":"","format":"standard","meta":{"footnotes":""},"categories":[2815],"tags":[119,1111,11,4378,1777,674,118,107,1011,27,811,1307,12,25,2023],"class_list":{"0":"post-509194","1":"post","2":"type-post","3":"status-publish","4":"format-standard","5":"has-post-thumbnail","7":"category-lille","8":"tag-accident","9":"tag-actu","10":"tag-actualites","11":"tag-chauffard","12":"tag-eu","13":"tag-europe","14":"tag-faits-divers","15":"tag-fil-info","16":"tag-fr","17":"tag-france","18":"tag-hauts-de-france","19":"tag-lille","20":"tag-news","21":"tag-republique-francaise","22":"tag-victimes"},"share_on_mastodon":{"url":"https:\/\/pubeurope.com\/@fr\/115486670458820417","error":""},"_links":{"self":[{"href":"https:\/\/www.europesays.com\/fr\/wp-json\/wp\/v2\/posts\/509194","targetHints":{"allow":["GET"]}}],"collection":[{"href":"https:\/\/www.europesays.com\/fr\/wp-json\/wp\/v2\/posts"}],"about":[{"href":"https:\/\/www.europesays.com\/fr\/wp-json\/wp\/v2\/types\/post"}],"author":[{"embeddable":true,"href":"https:\/\/www.europesays.com\/fr\/wp-json\/wp\/v2\/users\/2"}],"replies":[{"embeddable":true,"href":"https:\/\/www.europesays.com\/fr\/wp-json\/wp\/v2\/comments?post=509194"}],"version-history":[{"count":0,"href":"https:\/\/www.europesays.com\/fr\/wp-json\/wp\/v2\/posts\/509194\/revisions"}],"wp:featuredmedia":[{"embeddable":true,"href":"https:\/\/www.europesays.com\/fr\/wp-json\/wp\/v2\/media\/249462"}],"wp:attachment":[{"href":"https:\/\/www.europesays.com\/fr\/wp-json\/wp\/v2\/media?parent=509194"}],"wp:term":[{"taxonomy":"category","embeddable":true,"href":"https:\/\/www.europesays.com\/fr\/wp-json\/wp\/v2\/categories?post=509194"},{"taxonomy":"post_tag","embeddable":true,"href":"https:\/\/www.europesays.com\/fr\/wp-json\/wp\/v2\/tags?post=509194"}],"curies":[{"name":"wp","href":"https:\/\/api.w.org\/{rel}","templated":true}]}}