{"id":509197,"date":"2025-11-03T16:19:13","date_gmt":"2025-11-03T16:19:13","guid":{"rendered":"https:\/\/www.europesays.com\/fr\/509197\/"},"modified":"2025-11-03T16:19:13","modified_gmt":"2025-11-03T16:19:13","slug":"le-directeur-de-la-maitrise-des-bouches-du-rhone-accuse-de-violences-sur-des-collegiens","status":"publish","type":"post","link":"https:\/\/www.europesays.com\/fr\/509197\/","title":{"rendered":"le directeur de la Ma\u00eetrise des Bouches-du-Rh\u00f4ne accus\u00e9 de violences sur des coll\u00e9giens"},"content":{"rendered":"<p>\n    Le directeur de ce ch\u0153ur d\u2019excellence implant\u00e9 dans le coll\u00e8ge Andr\u00e9-Malraux, fait l\u2019objet d\u2019un signalement de la part de deux \u00e9l\u00e8ves. Deux enqu\u00eates &#8211;\u00a0judiciaire et administrative\u00a0&#8211; ont \u00e9t\u00e9 ouvertes.<\/p>\n<p class=\"fig-paragraph\">Le directeur de la Ma\u00eetrise des Bouches-du-Rh\u00f4ne est accus\u00e9 par deux \u00e9l\u00e8ves de\u00a0<a href=\"http:\/\/www.lefigaro.fr\/actualite-france\/harcelement-agressions-a-l-ecole-la-violence-banalisee-envers-les-personnels-d-education-20251014\" data-fig-type=\"Article\" data-gtm-custom-categorie=\"navigation\" data-gtm-custom-action=\"crossclick\" data-gtm-custom-label=\"Contextuel\" data-gtm-event=\"customEventSPE\" data-fig-domain=\"LEFIGARO\" target=\"_blank\" rel=\"noopener\">violences<\/a>, a appris Le Figaro de sources concordantes confirmant une information initiale d\u2019<a href=\"https:\/\/www.francebleu.fr\/infos\/faits-divers-justice\/info-ici-provence-des-signalements-de-violences-et-une-enquete-preliminaire-sur-la-maitrise-des-bouches-du-rhone-4255479\" target=\"_blank\" rel=\"sponsored noopener\" data-gtm-custom-categorie=\"navigation\" data-gtm-custom-action=\"crossclick\" data-gtm-custom-label=\"Contextuel\" data-gtm-event=\"customEventSPE\">Ici Provence<\/a>. Comme le rappellent le rectorat d\u2019Aix-Marseille et le d\u00e9partement des Bouches-du-Rh\u00f4ne dans un communiqu\u00e9 de presse sur le sujet, \u00abla Ma\u00eetrise des Bouches-du-Rh\u00f4ne, association loi 1901 implant\u00e9e au coll\u00e8gue\u00a0<a href=\"http:\/\/www.lefigaro.fr\/arts-expositions\/georges-de-la-tour-perdu-de-vue-20250926\" data-fig-type=\"Article\" data-gtm-custom-categorie=\"navigation\" data-gtm-custom-action=\"crossclick\" data-gtm-custom-label=\"Contextuel\" data-gtm-event=\"customEventSPE\" data-fig-domain=\"LEFIGARO\" target=\"_blank\" rel=\"noopener\">Andr\u00e9-Malraux<\/a> \u00a0\u00e0 Marseille et b\u00e9n\u00e9ficiant du soutien du d\u00e9partement des Bouches-du-Rh\u00f4ne, est reconnu comme une formation artistique d\u2019excellence\u00bb. \u00abLes jeunes chanteurs qui y sont scolaris\u00e9s en classes \u00e0 horaires am\u00e9nag\u00e9s musique b\u00e9n\u00e9ficient d\u2019un parcours exigeant et reconnu leur permettant de concilier leur scolarit\u00e9 et une pratique artistique intensive\u00bb, poursuit le communiqu\u00e9.<\/p>\n<p class=\"fig-paragraph\">Or, selon une source judiciaire, \u00able parquet de Marseille a \u00e9t\u00e9 destinataire d\u2019un signalement ayant trait \u00e0 deux appels au 119 \u00e9voquant des violences qui auraient \u00e9t\u00e9 commises au sein de la Ma\u00eetrise des Bouches-du-Rh\u00f4ne par le directeur sur deux \u00e9l\u00e8ves\u00bb. Ce signalement a conduit \u00e0 l\u2019ouverture d\u2019une enqu\u00eate pr\u00e9liminaire pour violences sur mineurs par personne ayant autorit\u00e9 le 30 septembre dernier, selon cette m\u00eame source. \u00abPar ailleurs, un parent d\u2019\u00e9l\u00e8ve s\u2019est pr\u00e9sent\u00e9 le 1er octobre 2025 au service local de police judiciaire Nord pour d\u00e9noncer certains comportements inadapt\u00e9s du directeur de la Ma\u00eetrise, tant relativement au traitement des \u00e9l\u00e8ves qu\u2019\u00e0 la gestion de leur emploi du temps et des s\u00e9ances de r\u00e9p\u00e9tition, mais sans d\u00e9p\u00f4t de plainte, pr\u00e9cise le parquet de Marseille. Ce t\u00e9moignage a \u00e9t\u00e9 joint \u00e0 l\u2019enqu\u00eate.\u00bb<\/p>\n<p>                                    <a class=\"fig-a11y-skip a11y-hidden\" href=\"#fig-a11y-skip-main-inarticle\"><br \/>\n        Passer la publicit\u00e9<br \/>\n    <\/a><\/p>\n<p>Enqu\u00eate administrative<\/p>\n<p class=\"fig-paragraph\">De leur c\u00f4t\u00e9, le rectorat d\u2019Aix-Marseille et le d\u00e9partement des Bouches-du-Rh\u00f4ne ont ouvert une enqu\u00eate administrative sur le fonctionnement de la Ma\u00eetrise des Bouches-du-Rh\u00f4ne. \u00abDes signalements r\u00e9cents relatifs aux m\u00e9thodes d\u2019encadrement des \u00e9l\u00e8ves conduisent l\u2019acad\u00e9mie, \u00e0 la suite d\u2019un audit men\u00e9 en lien avec le d\u00e9partement, \u00e0 diligenter une enqu\u00eate administrative afin de v\u00e9rifier que ces m\u00e9thodes garantissent pleinement les exigences de respect et de bienveillance qui s\u2019imposent dans tout cadre \u00e9ducatif, conform\u00e9ment aux valeurs du service public d\u2019\u00e9ducation\u00bb, annoncent-ils dans un communiqu\u00e9 de presse.<\/p>\n<p class=\"fig-paragraph\">\u00abLe sujet prioritaire de l\u2019int\u00e9grit\u00e9 psychologique et du bien-\u00eatre des enfants, comme la s\u00e9r\u00e9nit\u00e9 que nous devons assurer aux professionnels qui exercent aupr\u00e8s d\u2019eux obligent naturellement l\u2019acad\u00e9mie \u00e0 engager cette d\u00e9marche, \u00e0 laquelle le d\u00e9partement s\u2019associe pleinement\u00bb, ajoute le communiqu\u00e9.<\/p>\n<p class=\"fig-paragraph\">\u00abL\u2019enqu\u00eate administrative visera \u00e0 expertiser objectivement la situation et \u00e0 pr\u00e9server l\u2019ensemble des acteurs pendant son d\u00e9roulement, \u00e9l\u00e8ves et personnels de l\u2019\u00e9tablissement, dans un cadre protecteur et confidentiel, conclut le communiqu\u00e9. Elle permettra de recueillir l\u2019ensemble des \u00e9l\u00e9ments disponibles, \u00e0 charge comme \u00e0 d\u00e9charge, dans un esprit d\u2019\u00e9coute et d\u2019impartialit\u00e9, afin que la Ma\u00eetrise puisse poursuivre ses activit\u00e9s au coll\u00e8ge Andr\u00e9-Malraux.\u00bb<\/p>\n","protected":false},"excerpt":{"rendered":"Le directeur de ce ch\u0153ur d\u2019excellence implant\u00e9 dans le coll\u00e8ge Andr\u00e9-Malraux, fait l\u2019objet d\u2019un signalement de la part&hellip;\n","protected":false},"author":2,"featured_media":509198,"comment_status":"","ping_status":"","sticky":false,"template":"","format":"standard","meta":{"footnotes":""},"categories":[2814],"tags":[1111,11,1067,1777,674,1011,27,884,12,882,25,2949],"class_list":{"0":"post-509197","1":"post","2":"type-post","3":"status-publish","4":"format-standard","5":"has-post-thumbnail","7":"category-marseille","8":"tag-actu","9":"tag-actualites","10":"tag-enquete","11":"tag-eu","12":"tag-europe","13":"tag-fr","14":"tag-france","15":"tag-marseille","16":"tag-news","17":"tag-provence-alpes-cote-dazur","18":"tag-republique-francaise","19":"tag-violences"},"share_on_mastodon":{"url":"https:\/\/pubeurope.com\/@fr\/115486678364783835","error":""},"_links":{"self":[{"href":"https:\/\/www.europesays.com\/fr\/wp-json\/wp\/v2\/posts\/509197","targetHints":{"allow":["GET"]}}],"collection":[{"href":"https:\/\/www.europesays.com\/fr\/wp-json\/wp\/v2\/posts"}],"about":[{"href":"https:\/\/www.europesays.com\/fr\/wp-json\/wp\/v2\/types\/post"}],"author":[{"embeddable":true,"href":"https:\/\/www.europesays.com\/fr\/wp-json\/wp\/v2\/users\/2"}],"replies":[{"embeddable":true,"href":"https:\/\/www.europesays.com\/fr\/wp-json\/wp\/v2\/comments?post=509197"}],"version-history":[{"count":0,"href":"https:\/\/www.europesays.com\/fr\/wp-json\/wp\/v2\/posts\/509197\/revisions"}],"wp:featuredmedia":[{"embeddable":true,"href":"https:\/\/www.europesays.com\/fr\/wp-json\/wp\/v2\/media\/509198"}],"wp:attachment":[{"href":"https:\/\/www.europesays.com\/fr\/wp-json\/wp\/v2\/media?parent=509197"}],"wp:term":[{"taxonomy":"category","embeddable":true,"href":"https:\/\/www.europesays.com\/fr\/wp-json\/wp\/v2\/categories?post=509197"},{"taxonomy":"post_tag","embeddable":true,"href":"https:\/\/www.europesays.com\/fr\/wp-json\/wp\/v2\/tags?post=509197"}],"curies":[{"name":"wp","href":"https:\/\/api.w.org\/{rel}","templated":true}]}}